{"id":108139,"date":"2019-05-13T18:15:18","date_gmt":"2019-05-13T21:15:18","guid":{"rendered":"http:\/\/www.24baires.com\/?p=108139"},"modified":"2019-05-13T18:15:18","modified_gmt":"2019-05-13T21:15:18","slug":"no-habra-mas-misas-en-vivo","status":"publish","type":"post","link":"https:\/\/www.24baires.com\/?p=108139","title":{"rendered":"No habr\u00e1 m\u00e1s misas en vivo"},"content":{"rendered":"<p><img data-recalc-dims=\"1\" loading=\"lazy\" decoding=\"async\" src=\"https:\/\/i0.wp.com\/www.24baires.com\/wp-content\/uploads\/2013\/06\/indio-solari.jpg?resize=560%2C315\" alt=\"\" width=\"560\" height=\"315\" class=\"aligncenter size-full wp-image-27211\" srcset=\"https:\/\/i0.wp.com\/www.24baires.com\/wp-content\/uploads\/2013\/06\/indio-solari.jpg?w=560&amp;ssl=1 560w, https:\/\/i0.wp.com\/www.24baires.com\/wp-content\/uploads\/2013\/06\/indio-solari.jpg?resize=300%2C168&amp;ssl=1 300w\" sizes=\"auto, (max-width: 560px) 100vw, 560px\" \/> En una entrevista proyectada a trav\u00e9s de una pantalla, el m\u00fasico confirm\u00f3 que no volver\u00e1 a tocar en vivo. Pero s\u00ed podr\u00eda hacer un show en su estudio para transmitir v\u00eda streaming.<!--more--><\/p>\n<p>La presentaci\u00f3n de la autobiograf\u00eda del Indio Solari, en la Feria del Libro, se vivi\u00f3 como la previa de un recital. Una larga fila de personas con remeras de Patricio Rey esperaban para ingresar a la sala Jorge Luis Borges, donde se iba a proyectar una entrevista al m\u00fasico realizada por Marcelo Figueras, el periodista y escritor que llev\u00f3 al papel el texto de Recuerdos que mienten un poco (Sudamericana, 2019). \u201cSoy redondo hasta que me muera, \u00a1Vamos Los Redo\u2019!\u201d, cantaban ricoteros de todas las edades minutos antes de la proyecci\u00f3n. De fondo, sonaban gemas redondas como \u201cYo can\u00edbal\u201d, \u201cSusanita\u201d o \u201cTo beef or not to beef\u201d, de su etapa solista. Y apenas Juan Boido, director editorial de Penguin Random House, se hizo presente junto a Figueras y pronunci\u00f3 un \u201cHola\u201d, los m\u00e1s entusiastas se largaron con aquel c\u00e1ntico que recuerda a Walter Bulacio y al Che Guevara. Boido sonri\u00f3, agradeci\u00f3 a los asistentes y a los hacedores del libro, dijo que se trataba de un \u201clibro extraordinario e hist\u00f3rico\u201d y sin mucho m\u00e1s present\u00f3 la entrevista grabada.<\/p>\n<p>Durante casi una hora, Solari, en la intimidad de su hogar, fue respondiendo a varias preguntas disparadas por Figueras en torno a sus aventuras de adolescente en La Plata \u2013\u201cde chico era m\u00e1s da\u00f1ino que p\u00edcaro\u201d, confes\u00f3 el m\u00fasico\u2013, su temprano inter\u00e9s por la cultura rock, sus variadas inquietudes art\u00edsticas (el cine, el dibujo, la literatura), su relaci\u00f3n con la pol\u00ectica en tiempos de dictadura, sus filosof\u00eda \u00e9tica y su mirada sobre la actualidad pol\u00edtica y social del pa\u00eds. Una serie de t\u00f3picos, claro, que est\u00e1n m\u00e1s desarrollados a largo de las 600 p\u00e1ginas del libro. Sin embargo, Solari anunci\u00f3 en el video algunas cosas que no se cuentan en la biograf\u00eda. La m\u00e1s importante es que no se presentar\u00e1 m\u00e1s en vivo, debido a que la enfermedad que padece (Parkinson) se lo impide.<\/p>\n<p>\u201c\u00bfHabr\u00e1 otra misa?\u201d, pregunt\u00f3 Figueras. \u201cYo he aprendido a decir que no s\u00e9. El resto del cuerpo est\u00e1 como un pibe de 28 a\u00f1os, el gran problema es que no genero dopamina. Y eso, cada tres horas, me provoca una hora y media en la que estoy muy mal. No puedo viajar\u201d, respond\u00f3 Solari. Y sigui\u00f3: \u201cSi yo pudiera tener una meseta, \u00bfqu\u00e9 m\u00e1s quiero hacer en la vida que tocar en vivo? Yo me he sentido m\u00e1s c\u00f3modo arriba del escenario que en cualquier otro lugar; porque es donde todo el mundo est\u00e1 a favor tuyo. Pero evidentemente en este momento no puedo (tocar en vivo) y tampoco tengo para adelante mucha vida. Vamos a pensar que no lo voy a hacer, salvo que la medicina lograra mantenerme en un estado para poder hacerlo\u201d. Sin embargo, est\u00e1 planeando realizar un concierto en su estudio con su banda para transmitir v\u00eda streaming, pero a\u00fan es un proyecto. \u201cQuiero hacer un show en directo con los m\u00fasicos en el estudio para que lo vea la gente\u201d, enfatiz\u00f3 y cont\u00f3 que est\u00e1 haciendo un nuevo libro con Figueras, pero no dio detalles sobre el formato ni el contenido.<\/p>\n<p>\u201cEl libro me llev\u00f3 a revivir muchas cosas. Soy un hombre de la psicodel\u00eda, es decir, no me gusta ni el pasado ni el futuro. El pasado porque ya no tenemos la posibilidad de hacer nada con \u00e9l. Y el futuro es una aventura de la imaginaci\u00f3n\u201d, dijo Solari sobre el proceso de creaci\u00f3n del libro. Y luego record\u00f3 su infancia id\u00edlica con el peronismo, cuando su padre transitaba un buen pasar econ\u00f3mico, y el \u201ccambio rotundo\u201d que sucedi\u00f3 cuando lleg\u00f3 la \u201crevoluci\u00f3n fusiladora\u201d de 1955. \u201cMi padre ten\u00eda un puesto ministerial, le dieron una patada en el culo y lo hicieron jubilar. Una Navidad recib\u00ed un mecano y al a\u00f1o siguiente un calzoncillo\u201d, grafic\u00f3. \u201cLa curiosidad fue algo determinante para m\u00ed. Me transformaba en un tipo que me iba a buscar una puta novedad que me entusiasmaba para vivir. Fui un esc\u00e9ptico muy temprano y eso hac\u00eda que siempre estuviera en la b\u00fasqueda de alg\u00fan est\u00edmulo que justificara mi vida. A\u00fan hoy lo sigo siendo pero tengo un hambre que el cuerpo no me permite saciar\u201d, dijo.<\/p>\n<p>Y la charla con el periodista tambi\u00e9n tuvo algunos momentos dedicados a la actualidad pol\u00edtica. \u201cVivimos copiando, quiz\u00e1 porque seguimos siendo colonia, \u00bfno?, por m\u00e1s que no queramos reconocerlo. Si est\u00e1 el FMI gobernando el pa\u00eds, no me queda m\u00e1s remedio que pensar que no tenemos decisi\u00f3n propia. La lectura de la \u00faltima relaci\u00f3n econ\u00f3mica con el Fondo ya no dice \u2018aconsejamos\u2019, sino que dice \u2018tienen que hacer esto\u2019. Bueno, a partir de ah\u00ed, ten\u00e9s que aceptar eso, no hay otra manera de verlo\u201d, sostuvo el m\u00fasico. \u201cLa gente carga temores que no son inventados, son temores por cosas que han sucedido y que no tienen ni siquiera las armas para comprenderlos. A un tipo que se la pasa doce horas laburando no le pod\u00e9s pedir que lea a Foucault. Y eso hace que tipos que tienen una t\u00e9cnica muy pobre obliguen a la sociedad, sin que se d\u00e9 cuenta, a tener una actitud sumisa. Y eso hace que seamos sojuzgados permanentemente por intereses que no son nuestros. Lo que tienen que lograr los pol\u00edticos es que la gente viva bien\u201d.<\/p>\n<p>Y Figueras pregunt\u00f3 puntualmente sobre el gobierno actual y por qu\u00e9 se eligieron gobiernos de derecha en la regi\u00f3n. \u201cDur\u00e1n Barba es un tonto. Hizo campa\u00f1as artificiosas, nosotros no nos comer\u00edamos ni en pedo todo eso. Pero en alguna gente es \u00fatil. Igual no creo que vuelva a pasar, aunque tengo mis dudas. He visto cosas muy dram\u00e1ticas en Argentina. \u00bfDe qu\u00e9 manera vive esta gente que parece ignorar todo lo que pas\u00f3? Ya no sabemos a qui\u00e9n pertenece la Patagonia, por ejemplo. A nosotros nos incomoda este gobierno, pero mucha gente sabe por qu\u00e9. Y solo empieza a haber un odio con el gobierno por las medidas econ\u00f3micas que est\u00e1 tomando, pero no previeron que eso fuera a pasar.Por m\u00e1s que el maestro de todos los ministros de econom\u00eda son los mismos que Cavalo o \u2018El Orejudo\u2019. Es lo que nos toca vivir, yo ya he vivido el horror en los a\u00f1os setenta. Detr\u00e1s de los militares siempre est\u00e1n los empresarios y terratenientes\u201d.<\/p>\n<p>El libro fue construido a partir de conversaciones entre el escritor y el m\u00fasico durante cuatro a\u00f1os y el texto est\u00e1 presentado como si se tratara de una entrevista: las intervenciones y preguntas de Figueras (contextuales, en muchos casos), de hecho, aparecen en el libro. \u201cNo es un libro dif\u00edcil de leer, hablamos de cosas significativas, pero con un lenguaje ameno\u201d, defini\u00f3 Solari. <\/p>\n","protected":false},"excerpt":{"rendered":"<p>En una entrevista proyectada a trav\u00e9s de una pantalla, el m\u00fasico confirm\u00f3 que no volver\u00e1 a tocar en vivo. Pero s\u00ed podr\u00eda hacer un show en su estudio para transmitir v\u00eda streaming.<\/p>\n","protected":false},"author":4,"featured_media":0,"comment_status":"open","ping_status":"open","sticky":false,"template":"","format":"standard","meta":{"_jetpack_newsletter_access":"","_jetpack_dont_email_post_to_subs":false,"_jetpack_newsletter_tier_id":0,"_jetpack_memberships_contains_paywalled_content":false,"_jetpack_memberships_contains_paid_content":false,"footnotes":""},"categories":[41],"tags":[],"class_list":["post-108139","post","type-post","status-publish","format-standard","hentry","category-espectaculos"],"jetpack_featured_media_url":"","jetpack_shortlink":"https:\/\/wp.me\/p2JWE0-s8b","jetpack-related-posts":[{"id":58604,"url":"https:\/\/www.24baires.com\/?p=58604","url_meta":{"origin":108139,"position":0},"title":"Mendoza vibr\u00f3 con un nuevo show del Indio Solari","author":"AF","date":"14\/12\/2014","format":false,"excerpt":"Una vez m\u00e1s, a poco m\u00e1s de un a\u00f1o de su \u00faltima presentaci\u00f3n en la provincia, Carlos \u201cEl Indio\u201d Solari y Los Fundamentalistas del Aire Acondicionado pisaron tierra mendocina para brindar un recital masivo, que super\u00f3 las expectativas de convocatoria de los organizadores, e incluy\u00f3 numerosos temas de su per\u00edodo\u2026","rel":"","context":"En \u00abEspectaculos\u00bb","block_context":{"text":"Espectaculos","link":"https:\/\/www.24baires.com\/?cat=41"},"img":{"alt_text":"indio solari","src":"https:\/\/i0.wp.com\/www.24baires.com\/wp-content\/uploads\/2014\/04\/indio-solari.jpg?resize=350%2C200","width":350,"height":200,"srcset":"https:\/\/i0.wp.com\/www.24baires.com\/wp-content\/uploads\/2014\/04\/indio-solari.jpg?resize=350%2C200 1x, https:\/\/i0.wp.com\/www.24baires.com\/wp-content\/uploads\/2014\/04\/indio-solari.jpg?resize=525%2C300 1.5x"},"classes":[]},{"id":41009,"url":"https:\/\/www.24baires.com\/?p=41009","url_meta":{"origin":108139,"position":1},"title":"Precios Cuidados: autorizaron un aumento del 5% en la carne","author":"GB","date":"24\/02\/2014","format":false,"excerpt":"El programa contemplaba una revisi\u00f3n mensual del costo de los cortes que integran el acuerdo. Habr\u00e1 aumentos en cuadrada, carne picada, marucha, roast beef, tapa de asado y tapa de nalga. En el acuerdo alcanzado por el Gobierno ya se hab\u00eda indicado que iban a haber revisiones trimestrales y cada\u2026","rel":"","context":"En \u00abEconom\u00eda\u00bb","block_context":{"text":"Econom\u00eda","link":"https:\/\/www.24baires.com\/?cat=45"},"img":{"alt_text":"","src":"","width":0,"height":0},"classes":[]},{"id":117121,"url":"https:\/\/www.24baires.com\/?p=117121","url_meta":{"origin":108139,"position":2},"title":"Comienzan a vender los cortes de carnes con precios cuidados","author":"GB","date":"03\/02\/2021","format":false,"excerpt":"Con un volumen de oferta de 6 mil toneladas por mes, los cortes estar\u00e1n disponibles en las grandes cadenas de supermercados en todo el pa\u00eds. Rigen los cortes de carne a precios populares que acord\u00f3 el Gobierno nacional con los frigor\u00edficos exportadores. Se trata de ocho cortes con bajas de\u2026","rel":"","context":"En \u00abConsumidores\u00bb","block_context":{"text":"Consumidores","link":"https:\/\/www.24baires.com\/?cat=78"},"img":{"alt_text":"","src":"https:\/\/i0.wp.com\/www.24baires.com\/wp-content\/uploads\/2016\/07\/carne.jpg?resize=350%2C200","width":350,"height":200,"srcset":"https:\/\/i0.wp.com\/www.24baires.com\/wp-content\/uploads\/2016\/07\/carne.jpg?resize=350%2C200 1x, https:\/\/i0.wp.com\/www.24baires.com\/wp-content\/uploads\/2016\/07\/carne.jpg?resize=525%2C300 1.5x"},"classes":[]},{"id":108150,"url":"https:\/\/www.24baires.com\/?p=108150","url_meta":{"origin":108139,"position":3},"title":"Llega un nuevo \u201csupermi\u00e9rcoles de descuento\u201d del Banco Provincia","author":"GB","date":"14\/05\/2019","format":false,"excerpt":"La promoci\u00f3n que devuelve hasta el 50 por ciento de la compra en supermercados, con un tope de 2 mil pesos por mes, se llevar\u00e1 a cabo este mi\u00e9rcoles 15 y tambi\u00e9n el 22. Los \u201csupermi\u00e9rcoles de descuento\u201d del Banco Provincia vuelven desde este mi\u00e9rcoles 15 de mayo. La promoci\u00f3n\u2026","rel":"","context":"En \u00abProvincia\u00bb","block_context":{"text":"Provincia","link":"https:\/\/www.24baires.com\/?cat=40"},"img":{"alt_text":"","src":"https:\/\/i0.wp.com\/www.24baires.com\/wp-content\/uploads\/2018\/11\/supermiercoles.jpg?resize=350%2C200","width":350,"height":200,"srcset":"https:\/\/i0.wp.com\/www.24baires.com\/wp-content\/uploads\/2018\/11\/supermiercoles.jpg?resize=350%2C200 1x, https:\/\/i0.wp.com\/www.24baires.com\/wp-content\/uploads\/2018\/11\/supermiercoles.jpg?resize=525%2C300 1.5x"},"classes":[]},{"id":82416,"url":"https:\/\/www.24baires.com\/?p=82416","url_meta":{"origin":108139,"position":4},"title":"Desde este s\u00e1bado rigen los nuevos Precios Cuidados","author":"AF","date":"07\/05\/2016","format":false,"excerpt":"Los productos disponibles son 400 y se encuentran a la venta en todo el pa\u00eds, con la reincorporaci\u00f3n de la categor\u00eda de frutas, verduras y los cortes tradicionales de carne vacuna -carne picada, espinazo, paleta, tapa de asado y roast beef-. El nuevo listado del programa Precios Cuidados rige desde\u2026","rel":"","context":"En \u00abEconom\u00eda\u00bb","block_context":{"text":"Econom\u00eda","link":"https:\/\/www.24baires.com\/?cat=45"},"img":{"alt_text":"precios cuidados","src":"https:\/\/i0.wp.com\/www.24baires.com\/wp-content\/uploads\/2015\/01\/precios-cuidados.jpg?resize=350%2C200","width":350,"height":200,"srcset":"https:\/\/i0.wp.com\/www.24baires.com\/wp-content\/uploads\/2015\/01\/precios-cuidados.jpg?resize=350%2C200 1x, https:\/\/i0.wp.com\/www.24baires.com\/wp-content\/uploads\/2015\/01\/precios-cuidados.jpg?resize=525%2C300 1.5x"},"classes":[]},{"id":67560,"url":"https:\/\/www.24baires.com\/?p=67560","url_meta":{"origin":108139,"position":5},"title":"El Indio Solari confes\u00f3 estar enfermo, pero aclar\u00f3: \u00abno es c\u00e1ncer ni sida\u00bb","author":"AF","date":"15\/06\/2015","format":false,"excerpt":"Despu\u00e9s de varios a\u00f1os sin hablar con la prensa, el m\u00fasico concedi\u00f3 esta ma\u00f1ana un reportaje , donde confes\u00f3 que padece \u201cuna enfermedad que hay que tener en cuenta\u201d y que lo mantendr\u00e1 alejado de los shows. \"Hay d\u00edas que me quiero matar y otros que no se me nota\",\u2026","rel":"","context":"En \u00abEspectaculos\u00bb","block_context":{"text":"Espectaculos","link":"https:\/\/www.24baires.com\/?cat=41"},"img":{"alt_text":"INDIO SOLARI","src":"https:\/\/i0.wp.com\/www.24baires.com\/wp-content\/uploads\/2013\/09\/INDIO-SOLARI.jpg?resize=350%2C200","width":350,"height":200,"srcset":"https:\/\/i0.wp.com\/www.24baires.com\/wp-content\/uploads\/2013\/09\/INDIO-SOLARI.jpg?resize=350%2C200 1x, https:\/\/i0.wp.com\/www.24baires.com\/wp-content\/uploads\/2013\/09\/INDIO-SOLARI.jpg?resize=525%2C300 1.5x"},"classes":[]}],"jetpack_sharing_enabled":true,"jetpack_likes_enabled":true,"_links":{"self":[{"href":"https:\/\/www.24baires.com\/index.php?rest_route=\/wp\/v2\/posts\/108139","targetHints":{"allow":["GET"]}}],"collection":[{"href":"https:\/\/www.24baires.com\/index.php?rest_route=\/wp\/v2\/posts"}],"about":[{"href":"https:\/\/www.24baires.com\/index.php?rest_route=\/wp\/v2\/types\/post"}],"author":[{"embeddable":true,"href":"https:\/\/www.24baires.com\/index.php?rest_route=\/wp\/v2\/users\/4"}],"replies":[{"embeddable":true,"href":"https:\/\/www.24baires.com\/index.php?rest_route=%2Fwp%2Fv2%2Fcomments&post=108139"}],"version-history":[{"count":2,"href":"https:\/\/www.24baires.com\/index.php?rest_route=\/wp\/v2\/posts\/108139\/revisions"}],"predecessor-version":[{"id":108141,"href":"https:\/\/www.24baires.com\/index.php?rest_route=\/wp\/v2\/posts\/108139\/revisions\/108141"}],"wp:attachment":[{"href":"https:\/\/www.24baires.com\/index.php?rest_route=%2Fwp%2Fv2%2Fmedia&parent=108139"}],"wp:term":[{"taxonomy":"category","embeddable":true,"href":"https:\/\/www.24baires.com\/index.php?rest_route=%2Fwp%2Fv2%2Fcategories&post=108139"},{"taxonomy":"post_tag","embeddable":true,"href":"https:\/\/www.24baires.com\/index.php?rest_route=%2Fwp%2Fv2%2Ftags&post=108139"}],"curies":[{"name":"wp","href":"https:\/\/api.w.org\/{rel}","templated":true}]}}