{"id":10813,"date":"2012-12-29T22:37:59","date_gmt":"2012-12-30T01:37:59","guid":{"rendered":"http:\/\/www.24baires.com\/?p=10813"},"modified":"2012-12-29T22:38:05","modified_gmt":"2012-12-30T01:38:05","slug":"la-fragata-libertad-cada-vez-mas-cerca-de-mar-del-plata","status":"publish","type":"post","link":"https:\/\/www.24baires.com\/?p=10813","title":{"rendered":"La Fragata Libertad, cada vez m\u00e1s cerca de Mar del Plata"},"content":{"rendered":"<p><a href=\"http:\/\/www.24baires.com\/sociedad\/10813-la-fragata-libertad-cada-vez-mas-cerca-de-mar-del-plata\/attachment\/fragata-libertad-2\/\" rel=\"attachment wp-att-10814\"><img data-recalc-dims=\"1\" loading=\"lazy\" decoding=\"async\" class=\"aligncenter size-full wp-image-10814\" alt=\"fragata libertad\" src=\"https:\/\/i0.wp.com\/www.24baires.com\/wp-content\/uploads\/2012\/12\/fragata-libertad.jpg?resize=510%2C340\" width=\"510\" height=\"340\" srcset=\"https:\/\/i0.wp.com\/www.24baires.com\/wp-content\/uploads\/2012\/12\/fragata-libertad.jpg?w=510&amp;ssl=1 510w, https:\/\/i0.wp.com\/www.24baires.com\/wp-content\/uploads\/2012\/12\/fragata-libertad.jpg?resize=300%2C200&amp;ssl=1 300w\" sizes=\"auto, (max-width: 510px) 100vw, 510px\" \/><\/a><\/p>\n<p>La Fragata Libertad, buque escuela de la Armada Argentina, se encuentra este s\u00e1bado navegando a la altura de la ciudad brasile\u00f1a de Salvador de Bah\u00eda, a unos 1.350 kil\u00f3metros de la costa, continuando el derrotero que la llevar\u00e1 a arribar el pr\u00f3ximo nueve de enero al puerto de Mar del Plata, inform\u00f3 el Ministerio de Defensa.<!--more--><\/p>\n<p>\u00abLa Fragata ARA `Libertad` se encuentra navegando con rumbo sudoeste a una velocidad de 8 nudos, a 740 millas n\u00e1uticas (1350 kil\u00f3metros) al este de Salvador de Bah\u00eda, Brasil\u00bb, inform\u00f3 un comunicado de la cartera de Defensa, que agreg\u00f3 que \u00abse estima que el pr\u00f3ximo mi\u00e9rcoles se encuentre a la altura de Cabo Fr\u00edo, accidente geogr\u00e1fico cercano a la ciudad de R\u00edo de Janeiro\u00bb.<\/p>\n<p>\u00abLa posici\u00f3n de la fragata a las 6 de la ma\u00f1ana de hoy era Latitud: 13\u00ba 44` Sur y la Longitud 25\u00ba 42` Oeste; el buque mantiene la derrota general sudoeste trazada originalmente que lo conduce hacia Mar del Plata, donde ser\u00e1 recibido el 9 de enero por la presidenta Cristina Fern\u00e1ndez de Kirchner en la d\u00e1rsena de la Base Naval de esa ciudad\u00bb, inform\u00f3 el escrito.<\/p>\n<p>En este sentido, se puntualiz\u00f3 que \u00abdesde su zarpada, en el Golfo de Guinea, la fragata naveg\u00f3 a motor las zonas dominadas por las `calmas ecuatoriales`, debido a la escasa intensidad de los vientos comunes en el lugar\u00bb.<\/p>\n<p>\u00abAl llegar a la zona de los vientos alisios, vientos permanentes que soplan de sudeste a noroeste, pudo finalmente desplegar sus velas cuchillas, lo que le permiti\u00f3 incrementar su velocidad\u00bb, se\u00f1al\u00f3 el comunicado.<\/p>\n<p>Por \u00faltimo, se destac\u00f3 que \u00abun detalle interesante que mejor\u00f3 el rendimiento de la nave fue el trabajo de los buzos, quienes luego de la zarpada de la fragata -y ya en aguas internacionales-, efectuaron la limpieza de las h\u00e9lices y de las tomas de refrigeraci\u00f3n de los motores, que se encontraban con incrustaciones calc\u00e1reas, y que le restaban velocidad\u00bb.<\/p>\n<p>La Fragata ARA Libertad, parti\u00f3 el 19 de diciembre con 143 marineros a bordo tras haber estado 78 d\u00edas retenida ilegalmente en Ghana, donde la justicia local hab\u00eda ordenado su detenci\u00f3n respondiendo a un reclamo judicial impulsado por el fondo buitre NML de los Estados Unidos.<\/p>\n<p>Esa decisi\u00f3n fue revertida el s\u00e1bado 15 de diciembre cuando intervino el Tribunal Internacional del Derechos del Mar, al cual recurri\u00f3 el Gobierno Argentino en el marco de la disputa judicial.<\/p>\n<p>As\u00ed, el Tribunal orden\u00f3 a Ghana la liberaci\u00f3n \u00abinmediata\u00bb e \u00abincondicional\u00bb del buque de guerra, le dio plazo hasta el 22 de diciembre para confirmar la partida del buque, y exigi\u00f3 que facilite el aprovisionamiento a la tripulaci\u00f3n antes de su partida.<\/p>\n<p>Esas decisiones fueron avaladas por los 21 jueces que conforman el Tribunal con sede en Hamburgo (Alemania), incluyendo el ghan\u00e9s Thomas Mensah, luego de las audiencias que tuvieron lugar el 29 y 30 de noviembre \u00faltimo.<\/p>\n<p>&nbsp;<\/p>\n<p>&nbsp;<\/p>\n<p>&nbsp;<\/p>\n<p>&nbsp;<\/p>\n<p>&nbsp;<\/p>\n<p>&nbsp;<\/p>\n<p>&nbsp;<\/p>\n<p>&nbsp;<\/p>\n<p>&nbsp;<\/p>\n<p>&nbsp;<\/p>\n<p>&nbsp;<\/p>\n<p>&nbsp;<\/p>\n<p>&nbsp;<\/p>\n<p>&nbsp;<\/p>\n<p>&nbsp;<\/p>\n<p>&nbsp;<\/p>\n<p>&nbsp;<\/p>\n<p>&nbsp;<\/p>\n<p>&nbsp;<\/p>\n<p>&nbsp;<\/p>\n<p>&nbsp;<\/p>\n<p>&nbsp;<\/p>\n<p>&nbsp;<\/p>\n<p>&nbsp;<\/p>\n<p>&nbsp;<\/p>\n<p>&nbsp;<\/p>\n<p>&nbsp;<\/p>\n<p>&nbsp;<\/p>\n<p>&nbsp;<\/p>\n<p>&nbsp;<\/p>\n<p>&nbsp;<\/p>\n<p>&nbsp;<\/p>\n<p>&nbsp;<\/p>\n","protected":false},"excerpt":{"rendered":"<p>La Fragata Libertad, buque escuela de la Armada Argentina, se encuentra este s\u00e1bado navegando a la altura de la ciudad brasile\u00f1a de Salvador de Bah\u00eda, a unos 1.350 kil\u00f3metros de la costa, continuando el derrotero que la llevar\u00e1 a arribar el pr\u00f3ximo nueve de enero al puerto de Mar del Plata, inform\u00f3 el Ministerio de Defensa.<\/p>\n","protected":false},"author":4,"featured_media":0,"comment_status":"open","ping_status":"open","sticky":false,"template":"","format":"standard","meta":{"_jetpack_newsletter_access":"","_jetpack_dont_email_post_to_subs":false,"_jetpack_newsletter_tier_id":0,"_jetpack_memberships_contains_paywalled_content":false,"_jetpack_memberships_contains_paid_content":false,"footnotes":""},"categories":[1],"tags":[],"class_list":["post-10813","post","type-post","status-publish","format-standard","hentry","category-sociedad"],"jetpack_featured_media_url":"","jetpack_shortlink":"https:\/\/wp.me\/p2JWE0-2Op","jetpack-related-posts":[{"id":10949,"url":"https:\/\/www.24baires.com\/?p=10949","url_meta":{"origin":10813,"position":0},"title":"La Fragata Libertad se acerca a Mar del Plata y comienzan los preparativos para recibirla","author":"AF","date":"02\/01\/2013","format":false,"excerpt":"El buque, que regresa a la Argentina luego de estar retenida en Ghana por un presentaci\u00f3n judicial del fondos buitre, navega a una velocidad de ocho nudos y pasar\u00e1 este mi\u00e9rcoles por la ciudad brasile\u00f1a de R\u00edo de Janeiro. Seg\u00fan inform\u00f3 el Ministerio de Defensa, la Fragata ARA Libertad navega\u2026","rel":"","context":"En \u00abSociedad\u00bb","block_context":{"text":"Sociedad","link":"https:\/\/www.24baires.com\/?cat=1"},"img":{"alt_text":"fragata libertad","src":"https:\/\/i0.wp.com\/www.24baires.com\/wp-content\/uploads\/2012\/12\/fragata-libertad.jpg?resize=350%2C200","width":350,"height":200},"classes":[]},{"id":11455,"url":"https:\/\/www.24baires.com\/?p=11455","url_meta":{"origin":10813,"position":1},"title":"Ya navega en aguas argentinas la Fragata Libertad","author":"Grupo Sierra","date":"07\/01\/2013","format":false,"excerpt":"La cartera de Defensa, que encabeza Arturo Puricelli, precis\u00f3 que la Fragata Libertad a las 03.32 de la madrugada de hoy cruz\u00f3 el l\u00edmite lateral mar\u00edtimo e ingres\u00f3 en aguas de jurisdicci\u00f3n argentina. Reiter\u00f3 que se espera su arribo a la Base Naval Mar del Plata el mi\u00e9rcoles a la\u2026","rel":"","context":"En \u00abSociedad\u00bb","block_context":{"text":"Sociedad","link":"https:\/\/www.24baires.com\/?cat=1"},"img":{"alt_text":"fragata libertad","src":"https:\/\/i0.wp.com\/www.24baires.com\/wp-content\/uploads\/2012\/12\/fragata-libertad.jpg?resize=350%2C200","width":350,"height":200,"srcset":"https:\/\/i0.wp.com\/www.24baires.com\/wp-content\/uploads\/2012\/12\/fragata-libertad.jpg?resize=350%2C200 1x, https:\/\/i0.wp.com\/www.24baires.com\/wp-content\/uploads\/2012\/12\/fragata-libertad.jpg?resize=525%2C300 1.5x"},"classes":[]},{"id":11628,"url":"https:\/\/www.24baires.com\/?p=11628","url_meta":{"origin":10813,"position":2},"title":"Ya est\u00e1 todo listo para recibir a la Fragata Libertad","author":"AF","date":"09\/01\/2013","format":false,"excerpt":"Con sol a pleno y un mar que se presenta como un espejo de agua, la ciudad ya est\u00e1 lista para la gran recepci\u00f3n de la Fragata Libertad, que est\u00e1 aguardando anclada a 9 kil\u00f3metros de la costa. Desde Prefectura y el Consorcio Portuario Regional manifestaron que el puerto de\u2026","rel":"","context":"En \u00abSociedad\u00bb","block_context":{"text":"Sociedad","link":"https:\/\/www.24baires.com\/?cat=1"},"img":{"alt_text":"fragata-libertad_4","src":"https:\/\/i0.wp.com\/www.24baires.com\/wp-content\/uploads\/2012\/12\/fragata-libertad_4.jpg?resize=350%2C200","width":350,"height":200,"srcset":"https:\/\/i0.wp.com\/www.24baires.com\/wp-content\/uploads\/2012\/12\/fragata-libertad_4.jpg?resize=350%2C200 1x, https:\/\/i0.wp.com\/www.24baires.com\/wp-content\/uploads\/2012\/12\/fragata-libertad_4.jpg?resize=525%2C300 1.5x"},"classes":[]},{"id":11524,"url":"https:\/\/www.24baires.com\/?p=11524","url_meta":{"origin":10813,"position":3},"title":"La Fragata Libertad ya est\u00e1 a nueve kil\u00f3metros de Mar del Plata","author":"AF","date":"08\/01\/2013","format":false,"excerpt":"El corresponsal naval de la Armada, Oscar Filippi, adelant\u00f3 que la Fragata Libertad ya \u201cse encuentra frente a la ciudad de Mar del Plata, a unos 9 kil\u00f3metros de la costa\u201d. Filippi, quien cumple destino en el Area Naval Atl\u00e1ntica, Base Naval Mar del Plata, asegur\u00f3 que \"ya se est\u00e1\u2026","rel":"","context":"En \u00abSociedad\u00bb","block_context":{"text":"Sociedad","link":"https:\/\/www.24baires.com\/?cat=1"},"img":{"alt_text":"fragata libertad","src":"https:\/\/i0.wp.com\/www.24baires.com\/wp-content\/uploads\/2012\/12\/fragata-libertad.jpg?resize=350%2C200","width":350,"height":200,"srcset":"https:\/\/i0.wp.com\/www.24baires.com\/wp-content\/uploads\/2012\/12\/fragata-libertad.jpg?resize=350%2C200 1x, https:\/\/i0.wp.com\/www.24baires.com\/wp-content\/uploads\/2012\/12\/fragata-libertad.jpg?resize=525%2C300 1.5x"},"classes":[]},{"id":11284,"url":"https:\/\/www.24baires.com\/?p=11284","url_meta":{"origin":10813,"position":4},"title":"Gran expectativa entre turistas por la llegada de la Fragata Libertad a costas argentinas","author":"AF","date":"05\/01\/2013","format":false,"excerpt":"MAR DEL PLATA - El buque insignia de la Armada, que amarrar\u00e1 el 9 de enero en la Base Naval de Mar del Plata, ha captado el inter\u00e9s de miles de turistas que desean ver de cerca la embarcaci\u00f3n luego de que permaneciera retenida en Ghana. Turistas que pasan sus\u2026","rel":"","context":"En \u00abSociedad\u00bb","block_context":{"text":"Sociedad","link":"https:\/\/www.24baires.com\/?cat=1"},"img":{"alt_text":"fragata libertad","src":"https:\/\/i0.wp.com\/www.24baires.com\/wp-content\/uploads\/2012\/12\/fragata-libertad.jpg?resize=350%2C200","width":350,"height":200},"classes":[]},{"id":9669,"url":"https:\/\/www.24baires.com\/?p=9669","url_meta":{"origin":10813,"position":5},"title":"La Fragata Libertad atracar\u00e1 en Mar del Plata el 9 de enero, asegur\u00f3 Cristina","author":"Grupo Sierra","date":"18\/12\/2012","format":false,"excerpt":"La Presidenta anunci\u00f3 que instruy\u00f3 al Ministerio de Defensa para que el barco atraque all\u00ed el 9 de enero, luego de que los 98 marinos que completar\u00e1n la tripulaci\u00f3n partieran este martes hacia Ghana. \"Ahora ser\u00e1 s\u00edmbolo de la soberan\u00eda y la dignidad nacional contra los que quieren atropellar a\u2026","rel":"","context":"En \u00abPol\u00edtica\u00bb","block_context":{"text":"Pol\u00edtica","link":"https:\/\/www.24baires.com\/?cat=51"},"img":{"alt_text":"","src":"","width":0,"height":0},"classes":[]}],"jetpack_sharing_enabled":true,"jetpack_likes_enabled":true,"_links":{"self":[{"href":"https:\/\/www.24baires.com\/index.php?rest_route=\/wp\/v2\/posts\/10813","targetHints":{"allow":["GET"]}}],"collection":[{"href":"https:\/\/www.24baires.com\/index.php?rest_route=\/wp\/v2\/posts"}],"about":[{"href":"https:\/\/www.24baires.com\/index.php?rest_route=\/wp\/v2\/types\/post"}],"author":[{"embeddable":true,"href":"https:\/\/www.24baires.com\/index.php?rest_route=\/wp\/v2\/users\/4"}],"replies":[{"embeddable":true,"href":"https:\/\/www.24baires.com\/index.php?rest_route=%2Fwp%2Fv2%2Fcomments&post=10813"}],"version-history":[{"count":2,"href":"https:\/\/www.24baires.com\/index.php?rest_route=\/wp\/v2\/posts\/10813\/revisions"}],"predecessor-version":[{"id":10816,"href":"https:\/\/www.24baires.com\/index.php?rest_route=\/wp\/v2\/posts\/10813\/revisions\/10816"}],"wp:attachment":[{"href":"https:\/\/www.24baires.com\/index.php?rest_route=%2Fwp%2Fv2%2Fmedia&parent=10813"}],"wp:term":[{"taxonomy":"category","embeddable":true,"href":"https:\/\/www.24baires.com\/index.php?rest_route=%2Fwp%2Fv2%2Fcategories&post=10813"},{"taxonomy":"post_tag","embeddable":true,"href":"https:\/\/www.24baires.com\/index.php?rest_route=%2Fwp%2Fv2%2Ftags&post=10813"}],"curies":[{"name":"wp","href":"https:\/\/api.w.org\/{rel}","templated":true}]}}