{"id":108085,"date":"2019-05-10T17:26:58","date_gmt":"2019-05-10T20:26:58","guid":{"rendered":"http:\/\/www.24baires.com\/?p=108085"},"modified":"2019-05-10T17:35:31","modified_gmt":"2019-05-10T20:35:31","slug":"un-amor-como-el-nuestro","status":"publish","type":"post","link":"https:\/\/www.24baires.com\/?p=108085","title":{"rendered":"Un amor como el nuestro"},"content":{"rendered":"<p><img data-recalc-dims=\"1\" loading=\"lazy\" decoding=\"async\" src=\"https:\/\/i0.wp.com\/www.24baires.com\/wp-content\/uploads\/2019\/05\/cfk.jpg?resize=560%2C315\" alt=\"\" width=\"560\" height=\"315\" class=\"aligncenter size-full wp-image-108086\" srcset=\"https:\/\/i0.wp.com\/www.24baires.com\/wp-content\/uploads\/2019\/05\/cfk.jpg?w=560&amp;ssl=1 560w, https:\/\/i0.wp.com\/www.24baires.com\/wp-content\/uploads\/2019\/05\/cfk.jpg?resize=300%2C169&amp;ssl=1 300w\" sizes=\"auto, (max-width: 560px) 100vw, 560px\" \/> <strong>OPINI\u00d3N: Mar\u00eda Jos\u00e9 S\u00e1nchez<\/strong><\/p>\n<p>Supongo que as\u00ed ha de pasar con las personas que le cambian la vida a millones. Imagino, siguiendo un poco el intrincado entramado de nuestra historia, que as\u00ed debe suceder con quienes marcan un antes y un despu\u00e9s en todo, con su presencia, con su accionar en la realidad compartida. \u00bfSer\u00e1 as\u00ed? Hombres y mujeres trascendentales, por diversos motivos, han despertado odios y amores, dr\u00e1sticos, inapelables. Siempre absolutos. Y no hay que rascar demasiado la superficie para entender, porque es fundamental entender, para obrar en consecuencia.<!--more--><\/p>\n<p>A amar y a odiar se aprende. Y tanto qu\u00e9 aprender, como de qui\u00e9nes hacerlo, va por cuenta propia. Porque el amor est\u00e1 ah\u00ed, pero tambi\u00e9n est\u00e1 all\u00ed el odio. Si miramos con atenci\u00f3n, si escuchamos, si respiramos hondo y nos salimos del ombligo, se ve, se oye. El amor y el odio est\u00e1n en la calle. Siempre estuvieron ah\u00ed, a la mano de todos, a la mano de todas. Es una cuesti\u00f3n de elecci\u00f3n, una forma de vida: la desconfianza, el ego\u00edsmo, esa insensibilidad que anestesia, son opcionales. De la misma forma que la solidaridad, la empat\u00eda, la lucha por el otro, por la otra, tambi\u00e9n son voluntarias.<\/p>\n<p>Entonces odiamos porque queremos, entonces, amamos porque queremos. No es algo hereditario, como nos han hecho creer. No. Nos han ense\u00f1ado a odiar a generaciones completas, y no hemos aprendido. No es que seamos malos alumnos, es que elegimos no aprender eso, o desaprender eso, en muchos casos. Para sostener sus privilegios, ciertas personas han cre\u00eddo conveniente poner en pr\u00e1ctica la infamia, la mentira, el ultraje, todo por generar en el pueblo un rechazo desmedido a tal o cual individuo, tal o cual pol\u00edtica, tal o cual derecho conquistado, aunque ese derecho empodere al pueblo, lo beneficie. Y el odio prende, porque se lleva muy bien con la inacci\u00f3n, con la abulia, con el desinter\u00e9s, con la apat\u00eda. Con quedarse sentado creyendo que la culpa es siempre del otro, haciendo gala de una indiferencia hacia quienes m\u00e1s sufren que resulta tan da\u00f1ina que asusta. Porque la pasividad de los buenos en \u00e9pocas de derrumbe, lastima.<\/p>\n<p>A simple vista, odiar es m\u00e1s f\u00e1cil. Y hasta c\u00f3modo. Pero es una trampa, odiar es una trampa. Es tragarse un veneno de a poco. Existe un ant\u00eddoto obvio, pero justamente ese veneno hace que desprecies la cura. Que desconf\u00edes de la cura. Y se pueden quedar ah\u00ed, entrampados, envenenados, hasta que el cuerpo rebalsa de porquer\u00eda. Resuma, contagia. Porque el odio es contagioso, como el miedo. Con el odio y el miedo te controlan los que te ense\u00f1aron a odiar, y como aprendiste, el miedo es derivado natural de la ponzo\u00f1a que te corroe. Y todo est\u00e1 mal, ah\u00ed. Porque nada bueno puede salir de eso. No se puede construir nada s\u00f3lido ni duradero, el odio y el miedo s\u00f3lo pueden destruir. Y para eso son muy buenos.<\/p>\n<p>Supongo que as\u00ed ha de pasar con las personas que le cambian la vida a millones. Como Cristina. Son objeto de odios y resentimientos porque cuando personas como ella irrumpen en la realidad nacional, hay quienes ven seriamente perjudicados sus intereses, sus privilegios. Y logran, por una estructurada manipulaci\u00f3n, desparramar ese rencor, como peste negra, para su beneficio. Y as\u00ed, quienes no logran escapar del zarpazo t\u00f3xico, se contagian. Y ahora, portadores del odio aprendido, depositan sus anhelos en la desgracia ajena, en la autodestrucci\u00f3n, en la estigmatizaci\u00f3n del que m\u00e1s necesita. Depositan su esperanza, quiz\u00e1 hasta sin saberlo, en una pseudo salvaci\u00f3n que no es tal, que no existe, porque se la mienten individual.<\/p>\n<p>Si supieran lo que sentimos quienes amamos por convicci\u00f3n, por elecci\u00f3n, escupir\u00edan el veneno r\u00e1pido, nos abrazar\u00edamos. Si comprendieran que el dolor del otro tiene que hacerse propio tambi\u00e9n para que juntos podamos sanar, que no se puede ser feliz entre infelices, si entendieran que premiar el esfuerzo personal, separado del esfuerzo colectivo, es otro clavo m\u00e1s en el ata\u00fad de una sociedad que necesita con desesperaci\u00f3n sacarse de encima el verso de la meritocracia, urdido por los mismos que ense\u00f1an a odiar.<\/p>\n<p>Si sintieran, aunque sea una sola vez, el rayo conmovedor del amor, no podr\u00edan volver a odiar, no encontrar\u00edan c\u00f3mo, ni por qu\u00e9. Si sintieran la alegr\u00eda, la esperanza, la pasi\u00f3n y la fuerza descomunal que genera amar, no podr\u00edan volver a la indiferencia, a la apat\u00eda, al desinter\u00e9s por el otro, porque lo encontrar\u00edan indigno. No es imposible, hay que tratar. Como ejercicio de superaci\u00f3n personal, para ver que pueden, que es mentira que est\u00e1n podridos por dentro, que es mentira que nos les pasa nada si ven a un pibe con hambre, sufriendo. Porque esa amargura que los despierta por la ma\u00f1ana y los duerme por las noches, que les arruina los d\u00edas, es el odio, que hace ver todo oscuro, sin estrellas.<\/p>\n<p>Supongo que as\u00ed ha de pasar con las personas que le cambian la vida a millones. Como Cristina. Pienso que nuestro amor la sostiene, pienso que su amor sostiene a millones. Porque lo que ella genera no es irracional, est\u00e1 medido y pesado: es lealtad del pueblo, el lealtad para con el pueblo, es una bell\u00edsima reciprocidad pocas veces vista. De verdad, mir\u00e1. Miranos. Ella es el alimento para los hambreados de esperanzas. Ya sabemos que no es magia, ojal\u00e1 podamos demostrar, con nuestra insistencia, que la \u00fanica manera de salir adelante en un pa\u00eds saqueado por este ato de chetos insensibles, es construir desde el amor. Ojal\u00e1 podamos demotrarles que el amor vence, sin heridos, ni perdedores. Y no tengo dudas, porque conozco nuestra fuerza, nuestro coraje y todo el fuego que podemos reunir en este mar de fueguitos: m\u00e1s temprano que tarde lo vamos a lograr.<\/p>\n","protected":false},"excerpt":{"rendered":"<p>OPINI\u00d3N: Mar\u00eda Jos\u00e9 S\u00e1nchez Supongo que as\u00ed ha de pasar con las personas que le cambian la vida a millones. Imagino, siguiendo un poco el intrincado entramado de nuestra historia, que as\u00ed debe suceder con quienes marcan un antes y un despu\u00e9s en todo, con su presencia, con su accionar en la realidad compartida. \u00bfSer\u00e1 as\u00ed? Hombres y mujeres trascendentales, [&#8230;]<\/p>\n","protected":false},"author":4,"featured_media":0,"comment_status":"open","ping_status":"open","sticky":false,"template":"","format":"standard","meta":{"_jetpack_newsletter_access":"","_jetpack_dont_email_post_to_subs":false,"_jetpack_newsletter_tier_id":0,"_jetpack_memberships_contains_paywalled_content":false,"_jetpack_memberships_contains_paid_content":false,"footnotes":""},"categories":[64],"tags":[],"class_list":["post-108085","post","type-post","status-publish","format-standard","hentry","category-opinion"],"jetpack_featured_media_url":"","jetpack_shortlink":"https:\/\/wp.me\/p2JWE0-s7j","jetpack-related-posts":[{"id":80824,"url":"https:\/\/www.24baires.com\/?p=80824","url_meta":{"origin":108085,"position":0},"title":"La ignorancia de Leuco y el techo necesario","author":"AF","date":"31\/03\/2016","format":false,"excerpt":"A veces necesitamos un techo. Y no para no pasar fr\u00edo, no es para que la lluvia no nos pinche con las gotas de hielo que dispara contra los vagabundos. No. A veces tenemos eso, tenemos el cobijo de las tejas, tenemos lo necesario para estar a salvo de los\u2026","rel":"","context":"En \u00abOpini\u00f3n\u00bb","block_context":{"text":"Opini\u00f3n","link":"https:\/\/www.24baires.com\/?cat=64"},"img":{"alt_text":"guido estela","src":"https:\/\/i0.wp.com\/www.24baires.com\/wp-content\/uploads\/2016\/03\/guido-estela.jpg?resize=350%2C200","width":350,"height":200,"srcset":"https:\/\/i0.wp.com\/www.24baires.com\/wp-content\/uploads\/2016\/03\/guido-estela.jpg?resize=350%2C200 1x, https:\/\/i0.wp.com\/www.24baires.com\/wp-content\/uploads\/2016\/03\/guido-estela.jpg?resize=525%2C300 1.5x"},"classes":[]},{"id":113172,"url":"https:\/\/www.24baires.com\/?p=113172","url_meta":{"origin":108085,"position":1},"title":"Entonces, hablar amor","author":"AF","date":"27\/11\/2019","format":false,"excerpt":"La derecha ha construido un lenguaje com\u00fan que pueden hablar con fluidez en cualquier rinc\u00f3n del mundo. La derecha, -y digo el poder real, el econ\u00f3mico, f\u00e1ctico y transnacional- ha logrado que el odio sea la lengua unificadora que se impone sin restricciones de banderas, geograf\u00edas o pasados recientes. Es\u2026","rel":"","context":"En \u00abOpini\u00f3n\u00bb","block_context":{"text":"Opini\u00f3n","link":"https:\/\/www.24baires.com\/?cat=64"},"img":{"alt_text":"","src":"https:\/\/i0.wp.com\/www.24baires.com\/wp-content\/uploads\/2019\/11\/cfk-alberto.jpg?resize=350%2C200","width":350,"height":200,"srcset":"https:\/\/i0.wp.com\/www.24baires.com\/wp-content\/uploads\/2019\/11\/cfk-alberto.jpg?resize=350%2C200 1x, https:\/\/i0.wp.com\/www.24baires.com\/wp-content\/uploads\/2019\/11\/cfk-alberto.jpg?resize=525%2C300 1.5x"},"classes":[]},{"id":53132,"url":"https:\/\/www.24baires.com\/?p=53132","url_meta":{"origin":108085,"position":2},"title":"No pudo llegar a ser el L\u00e1zaro del Rock","author":"GB","date":"05\/09\/2014","format":false,"excerpt":"\u00bfPor qu\u00e9 no se muri\u00f3 hace cuatro a\u00f1os, cuando tuvo el ACV? Quiz\u00e1 obtenga algunas respuestas a esa pregunta. Los religiosos dir\u00e1n que no era su hora, que el plan de Dios, -que deben entender tan poco como yo-, estaba escrito as\u00ed. Los que se vuelquen a la ciencia me\u2026","rel":"","context":"En \u00abOpini\u00f3n\u00bb","block_context":{"text":"Opini\u00f3n","link":"https:\/\/www.24baires.com\/?cat=64"},"img":{"alt_text":"cerati2","src":"https:\/\/i0.wp.com\/www.24baires.com\/wp-content\/uploads\/2014\/09\/cerati2.jpg?resize=350%2C200","width":350,"height":200,"srcset":"https:\/\/i0.wp.com\/www.24baires.com\/wp-content\/uploads\/2014\/09\/cerati2.jpg?resize=350%2C200 1x, https:\/\/i0.wp.com\/www.24baires.com\/wp-content\/uploads\/2014\/09\/cerati2.jpg?resize=525%2C300 1.5x"},"classes":[]},{"id":51238,"url":"https:\/\/www.24baires.com\/?p=51238","url_meta":{"origin":108085,"position":3},"title":"El amor venci\u00f3 al odio","author":"Grupo Sierra","date":"05\/08\/2014","format":false,"excerpt":"Un d\u00eda fui a ver una pel\u00edcula al Festival de cine de Mar del Plata, Verdades verdaderas. La historia de la lucha de Estella de Carlotto durante la desaparici\u00f3n de su hija Laura, cuando fue a reconocer su cad\u00e1ver, cuando se enter\u00f3 que Laura estaba embarazada de 6 meses al\u2026","rel":"","context":"En \u00abOpini\u00f3n\u00bb","block_context":{"text":"Opini\u00f3n","link":"https:\/\/www.24baires.com\/?cat=64"},"img":{"alt_text":"carlotto estela","src":"https:\/\/i0.wp.com\/www.24baires.com\/wp-content\/uploads\/2012\/10\/carlotto-estela.jpg?resize=350%2C200","width":350,"height":200,"srcset":"https:\/\/i0.wp.com\/www.24baires.com\/wp-content\/uploads\/2012\/10\/carlotto-estela.jpg?resize=350%2C200 1x, https:\/\/i0.wp.com\/www.24baires.com\/wp-content\/uploads\/2012\/10\/carlotto-estela.jpg?resize=525%2C300 1.5x"},"classes":[]},{"id":81493,"url":"https:\/\/www.24baires.com\/?p=81493","url_meta":{"origin":108085,"position":4},"title":"Los fueros del pueblo","author":"GB","date":"15\/04\/2016","format":false,"excerpt":"Escribo despu\u00e9s. Tarde, quiz\u00e1. Pero siempre necesito escribir luego de ciertas experiencias y sensaciones. A veces la perspectiva que ofrecen los d\u00edas, al transcurrir, resulta necesaria para acomodar emociones e ideas. Es que pude viajar, de madrugada, y estar en la ma\u00f1ana del 13 de abril muy cerquita de las\u2026","rel":"","context":"En \u00abOpini\u00f3n\u00bb","block_context":{"text":"Opini\u00f3n","link":"https:\/\/www.24baires.com\/?cat=64"},"img":{"alt_text":"cfk py","src":"https:\/\/i0.wp.com\/www.24baires.com\/wp-content\/uploads\/2016\/04\/cfk-py.jpg?resize=350%2C200","width":350,"height":200,"srcset":"https:\/\/i0.wp.com\/www.24baires.com\/wp-content\/uploads\/2016\/04\/cfk-py.jpg?resize=350%2C200 1x, https:\/\/i0.wp.com\/www.24baires.com\/wp-content\/uploads\/2016\/04\/cfk-py.jpg?resize=525%2C300 1.5x"},"classes":[]},{"id":111609,"url":"https:\/\/www.24baires.com\/?p=111609","url_meta":{"origin":108085,"position":5},"title":"Caretas de barro","author":"AF","date":"13\/08\/2019","format":false,"excerpt":"El domingo 11 de agosto las y los argentinos elegimos candidatos a Presidente. El lunes 12, el Presidente eligi\u00f3 ser un irresponsable. Y sali\u00f3 por los grandes medios de comunicaci\u00f3n a intimidar, amedrentar y amenazar al pueblo argentino. Ya lo hab\u00eda hecho antes, cuando dijo que no lo pusi\u00e9ramos loco\u2026","rel":"","context":"En \u00abOpini\u00f3n\u00bb","block_context":{"text":"Opini\u00f3n","link":"https:\/\/www.24baires.com\/?cat=64"},"img":{"alt_text":"","src":"https:\/\/i0.wp.com\/www.24baires.com\/wp-content\/uploads\/2019\/08\/macri.png?resize=350%2C200","width":350,"height":200,"srcset":"https:\/\/i0.wp.com\/www.24baires.com\/wp-content\/uploads\/2019\/08\/macri.png?resize=350%2C200 1x, https:\/\/i0.wp.com\/www.24baires.com\/wp-content\/uploads\/2019\/08\/macri.png?resize=525%2C300 1.5x"},"classes":[]}],"jetpack_sharing_enabled":true,"jetpack_likes_enabled":true,"_links":{"self":[{"href":"https:\/\/www.24baires.com\/index.php?rest_route=\/wp\/v2\/posts\/108085","targetHints":{"allow":["GET"]}}],"collection":[{"href":"https:\/\/www.24baires.com\/index.php?rest_route=\/wp\/v2\/posts"}],"about":[{"href":"https:\/\/www.24baires.com\/index.php?rest_route=\/wp\/v2\/types\/post"}],"author":[{"embeddable":true,"href":"https:\/\/www.24baires.com\/index.php?rest_route=\/wp\/v2\/users\/4"}],"replies":[{"embeddable":true,"href":"https:\/\/www.24baires.com\/index.php?rest_route=%2Fwp%2Fv2%2Fcomments&post=108085"}],"version-history":[{"count":3,"href":"https:\/\/www.24baires.com\/index.php?rest_route=\/wp\/v2\/posts\/108085\/revisions"}],"predecessor-version":[{"id":108094,"href":"https:\/\/www.24baires.com\/index.php?rest_route=\/wp\/v2\/posts\/108085\/revisions\/108094"}],"wp:attachment":[{"href":"https:\/\/www.24baires.com\/index.php?rest_route=%2Fwp%2Fv2%2Fmedia&parent=108085"}],"wp:term":[{"taxonomy":"category","embeddable":true,"href":"https:\/\/www.24baires.com\/index.php?rest_route=%2Fwp%2Fv2%2Fcategories&post=108085"},{"taxonomy":"post_tag","embeddable":true,"href":"https:\/\/www.24baires.com\/index.php?rest_route=%2Fwp%2Fv2%2Ftags&post=108085"}],"curies":[{"name":"wp","href":"https:\/\/api.w.org\/{rel}","templated":true}]}}