{"id":10790,"date":"2012-12-29T12:50:28","date_gmt":"2012-12-29T15:50:28","guid":{"rendered":"http:\/\/www.24baires.com\/?p=10790"},"modified":"2012-12-29T14:32:59","modified_gmt":"2012-12-29T17:32:59","slug":"buscaran-llevar-a-juicio-politico-a-los-camaristas-que-liberaron-a-lagostena-ex-pareja-de-erica-soriano","status":"publish","type":"post","link":"https:\/\/www.24baires.com\/?p=10790","title":{"rendered":"Buscar\u00e1n llevar a juicio pol\u00edtico a los que liberaron a Lagostena, ex pareja de \u00c9rica"},"content":{"rendered":"<p>Lo adelant\u00f3 el abogado Marcelo Mazzeo al poner bajo sospecha la excarcelaci\u00f3n resuelta por la Sala III de la C\u00e1mara de Apelaciones lomense y calificarla como un presunto caso de corrupci\u00f3n judicial. \u201cAlgo hay detr\u00e1s de este fallo vergonzoso, arbitrario y absurdo, y lo vamos a investigar\u201d, asegur\u00f3. Lagostena est\u00e1 acusado de asesinar a su ex pareja en agosto de 2010.<!--more--><\/p>\n<p>Luego de la liberaci\u00f3n de Daniel Lagostena, el abogado de la familia de \u00c9rica Soriano adelant\u00f3 que investigar\u00e1n a los camaristas Tom\u00e1s Alberto Bravo y Jorge Trist\u00e1n Rodr\u00edguez, titulares de la Sala III de la C\u00e1mara de Apelaciones de Lomas de Zamora, y en caso de encontrar \u201calgo grave\u201d pedir\u00e1n su juicio pol\u00edtico.<\/p>\n<p>\u201cAlgo hay detr\u00e1s de este fallo vergonzoso, arbitrario y absurdo. No s\u00e9 si se trata de dinero, amiguismo, corrupci\u00f3n o alg\u00fan inter\u00e9s mayor, pero lo vamos a investigar\u201d, asegur\u00f3 Marcelo Mazzeo al analizar la decisi\u00f3n de los jueces de liberar al acusado de asesinar a Soriano en agosto de 2010.<\/p>\n<p>Para el letrado, la C\u00e1mara \u201cacaba de dejar en libertad a un asesino que ha demostrado fehacientemente que va a intentar fugarse. Hoy puso un pie en la calle, ma\u00f1ana no lo vemos m\u00e1s\u201d.<\/p>\n<p>\u201c\u00c9l ya intent\u00f3 fugarse a Paraguay, burlando todos los controles migratorios, y lo hizo dejado un tel\u00e9fono celular en el techo de un kiosco para hacernos creer que estaba en la Argentina\u201d, record\u00f3 Mazzeo y desliz\u00f3 que en esa oportunidad pudo haber tenido \u201cayuda por parte de alg\u00fan sector de la polic\u00eda\u201d.<\/p>\n<p>La libertad de Lagostena fue ordenada hoy, a 48 horas de que el juez de Garant\u00edas 9 de Lomas de Zamora, Gabriel Vitale, a cargo de la causa, rechazara un pedido de excarcelaci\u00f3n y volviera a dictar la prisi\u00f3n preventiva para el imputado por los delitos de \u00abhomicidio simple y aborto en concurso ideal, en el contexto de violencia familiar\u00bb.<\/p>\n<p>La semana pasada, la misma Sala III de la C\u00e1mara de Apelaciones hab\u00eda anulado por un error t\u00e9cnico la declaraci\u00f3n indagatoria y la prisi\u00f3n preventiva que Lagostena ven\u00eda cumpliendo desde julio pasado.<\/p>\n<p>En aquel fallo, los camaristas sostuvieron que Lagostena hab\u00eda sido detenido e indagado por un delito -privaci\u00f3n ilegal de la libertad seguida de muerte- y se le hab\u00eda dictado la prisi\u00f3n preventiva por otro -homicidio y aborto.<\/p>\n<p>Pero el mi\u00e9rcoles pasado, el juez Vitale entendi\u00f3 que el error procesal hab\u00eda sido subsanado cuando el fiscal de la causa, Gerardo Loureyro, volvi\u00f3 a pedir la prisi\u00f3n preventiva con la imputaci\u00f3n correcta.<\/p>\n<p>El abogado defensor, Gustavo Dellamaggiore, consider\u00f3 hoy que \u00ablos elementos sobre los cuales se basaban para sostener que \u00c9rica fue muerta y que tal conducta la realiz\u00f3 Lagostena, no es que eran insuficientes, no se correspond\u00edan\u00bb.<\/p>\n<p>\u00abLo que sucede es que quiz\u00e1s haya habido un apresuramiento por parte del fiscal y del juez de Garant\u00edas en calificar un hecho que quiz\u00e1s no ten\u00edan los elementos como para poder hacerlo de esa naturaleza e imputar de la comisi\u00f3n de ese delito a una persona que quiz\u00e1s no tenga nada que ver\u00bb, concluy\u00f3.<\/p>\n<p>Sin embargo, para Mazzeo \u00ablas pruebas existen, son palpables, concretas, y alcanzaban por lo menos para tenerlo realmente detenido\u00bb.<\/p>\n<p>\u201cA \u00c9rica Soriano se la vio por \u00faltima vez con Lagostena, eso lo acredita el \u00faltimo llamado que hizo a una amiga el 20 de agosto. Despu\u00e9s de ese momento no hubo m\u00e1s noticias de \u00c9rica. Pero las pruebas y los testimonios apuntan a que a Lagostena se le fue la mano y la mat\u00f3, y despu\u00e9s hizo desaparecer el cuerpo\u201d, explic\u00f3 el abogado.<\/p>\n<p>Los pr\u00f3ximos pasos de la querella, seg\u00fan adelant\u00f3 Mazzeo, ser\u00e1n recurrir al Tribunal de Casaci\u00f3n para que revoque el fallo de la C\u00e1mara y pedir la elevaci\u00f3n a juicio oral de la causa.<\/p>\n<p>Al momento de desaparecer, \u00c9rica Soriano estaba embarazada de dos meses y medio. La fiscal\u00eda y la querella sostienen que Lagostena la asesin\u00f3 dentro de la casa que compart\u00edan en la calle Coronel Santiago 1433 de Lan\u00fas.<\/p>\n<p>&nbsp;<\/p>\n<p>&nbsp;<\/p>\n<p>&nbsp;<\/p>\n<p>&nbsp;<\/p>\n<p>&nbsp;<\/p>\n<p>&nbsp;<\/p>\n<p>&nbsp;<\/p>\n<p>&nbsp;<\/p>\n<p>&nbsp;<\/p>\n<p>&nbsp;<\/p>\n<p>&nbsp;<\/p>\n<p>&nbsp;<\/p>\n<p>&nbsp;<\/p>\n<p>&nbsp;<\/p>\n<p>&nbsp;<\/p>\n<p>&nbsp;<\/p>\n<p>&nbsp;<\/p>\n<p>&nbsp;<\/p>\n<p>&nbsp;<\/p>\n<p>&nbsp;<\/p>\n<p>&nbsp;<\/p>\n<p>&nbsp;<\/p>\n<p>&nbsp;<\/p>\n<p>&nbsp;<\/p>\n<p>&nbsp;<\/p>\n<p>&nbsp;<\/p>\n<p>&nbsp;<\/p>\n<p>&nbsp;<\/p>\n<p>&nbsp;<\/p>\n<p>&nbsp;<\/p>\n<p>&nbsp;<\/p>\n<p>&nbsp;<\/p>\n<p>&nbsp;<\/p>\n<p>&nbsp;<\/p>\n<p>&nbsp;<\/p>\n<p>&nbsp;<\/p>\n<p>&nbsp;<\/p>\n<p>&nbsp;<\/p>\n<p>&nbsp;<\/p>\n<p>&nbsp;<\/p>\n<p>&nbsp;<\/p>\n<p>&nbsp;<\/p>\n<p>&nbsp;<\/p>\n<p>&nbsp;<\/p>\n<p>&nbsp;<\/p>\n<p>&nbsp;<\/p>\n<p>&nbsp;<\/p>\n<p>&nbsp;<\/p>\n<p>&nbsp;<\/p>\n<p>&nbsp;<\/p>\n<p>&nbsp;<\/p>\n<p>&nbsp;<\/p>\n<p>&nbsp;<\/p>\n<p>&nbsp;<\/p>\n<p>&nbsp;<\/p>\n","protected":false},"excerpt":{"rendered":"<p>Lo adelant\u00f3 el abogado Marcelo Mazzeo al poner bajo sospecha la excarcelaci\u00f3n resuelta por la Sala III de la C\u00e1mara de Apelaciones lomense y calificarla como un presunto caso de corrupci\u00f3n judicial. \u201cAlgo hay detr\u00e1s de este fallo vergonzoso, arbitrario y absurdo, y lo vamos a investigar\u201d, asegur\u00f3. Lagostena est\u00e1 acusado de asesinar a su ex pareja en agosto de [&#8230;]<\/p>\n","protected":false},"author":4,"featured_media":0,"comment_status":"open","ping_status":"open","sticky":false,"template":"","format":"standard","meta":{"_jetpack_newsletter_access":"","_jetpack_dont_email_post_to_subs":false,"_jetpack_newsletter_tier_id":0,"_jetpack_memberships_contains_paywalled_content":false,"_jetpack_memberships_contains_paid_content":false,"footnotes":""},"categories":[1],"tags":[],"class_list":["post-10790","post","type-post","status-publish","format-standard","hentry","category-sociedad"],"jetpack_featured_media_url":"","jetpack_shortlink":"https:\/\/wp.me\/p2JWE0-2O2","jetpack-related-posts":[{"id":17533,"url":"https:\/\/www.24baires.com\/?p=17533","url_meta":{"origin":10790,"position":0},"title":"Volver\u00e1n a reclamar la detenci\u00f3n de Lagostena por la desaparici\u00f3n de \u00c9rica Soriano","author":"AF","date":"05\/03\/2013","format":false,"excerpt":"La familia de Erica Soriano, desaparecida en Lan\u00fas en 2010, har\u00e1 una nueva presentaci\u00f3n ante la Justicia para reclamar la detenci\u00f3n del \u00fanico imputado, Daniel Lagostena beneficiado por la C\u00e1mara, y denunciar\u00e1 errores en el proceder de la causa. Reivindican labor del Senado provincial en reforma del Poder Judicial. El\u2026","rel":"","context":"En \u00abSociedad\u00bb","block_context":{"text":"Sociedad","link":"https:\/\/www.24baires.com\/?cat=1"},"img":{"alt_text":"","src":"","width":0,"height":0},"classes":[]},{"id":10678,"url":"https:\/\/www.24baires.com\/?p=10678","url_meta":{"origin":10790,"position":1},"title":"Caso Erica Soriano: Liberar\u00e1n a Lagostena por falta de pruebas","author":"Grupo Sierra","date":"28\/12\/2012","format":false,"excerpt":"La sala III de la C\u00e1mara de Apelaciones de Lomas orden\u00f3 la libertad por falta de pruebas de quien fuera la pareja de Erica Soriano, la joven que est\u00e1 desaparecida desde 2010. La decisi\u00f3n fue adoptada este mediod\u00eda luego de que la defensa de Lagostena presentara un planteo de habeas\u2026","rel":"","context":"En \u00abPoliciales\u00bb","block_context":{"text":"Policiales","link":"https:\/\/www.24baires.com\/?cat=49"},"img":{"alt_text":"","src":"","width":0,"height":0},"classes":[]},{"id":10438,"url":"https:\/\/www.24baires.com\/?p=10438","url_meta":{"origin":10790,"position":2},"title":"Volvieron a dictar prisi\u00f3n preventiva para Daniel Lagostena, ex pareja de \u00c9rica Soriano","author":"AF","date":"26\/12\/2012","format":false,"excerpt":"La ex pareja de \u00c9rica Soriano, la embarazada desaparecida desde 2010, continuar\u00e1 preso luego de que la Justicia de Lomas de Zamora le dict\u00f3 nuevamente la prisi\u00f3n preventiva por \"homicidio y aborto en el contexto de violencia familiar\". As\u00ed lo resolvi\u00f3 durante el mediod\u00eda de este mi\u00e9rcoles el juez de\u2026","rel":"","context":"En \u00abSociedad\u00bb","block_context":{"text":"Sociedad","link":"https:\/\/www.24baires.com\/?cat=1"},"img":{"alt_text":"lagostena soriano","src":"https:\/\/i0.wp.com\/www.24baires.com\/wp-content\/uploads\/2012\/12\/lagostena-soriano.jpg?resize=350%2C200","width":350,"height":200,"srcset":"https:\/\/i0.wp.com\/www.24baires.com\/wp-content\/uploads\/2012\/12\/lagostena-soriano.jpg?resize=350%2C200 1x, https:\/\/i0.wp.com\/www.24baires.com\/wp-content\/uploads\/2012\/12\/lagostena-soriano.jpg?resize=525%2C300 1.5x"},"classes":[]},{"id":10356,"url":"https:\/\/www.24baires.com\/?p=10356","url_meta":{"origin":10790,"position":3},"title":"La Justicia define este mi\u00e9rcoles si libera al acusado de asesinar a \u00c9rica Soriano","author":"Grupo Sierra","date":"25\/12\/2012","format":false,"excerpt":"LOMAS DE ZAMORA - La Justicia lomense definir\u00e1 el mi\u00e9rcoles si excarcela a Daniel Lagostena, acusado de asesinar a su pareja, Erica Soriano, luego de que se anular\u00e1 su prisi\u00f3n preventiva. La Sala III de la C\u00e1mara de Apelaciones del Departamento Judicial de Lomas de Zamora anul\u00f3 por un error\u2026","rel":"","context":"En \u00abPoliciales\u00bb","block_context":{"text":"Policiales","link":"https:\/\/www.24baires.com\/?cat=49"},"img":{"alt_text":"","src":"","width":0,"height":0},"classes":[]},{"id":10210,"url":"https:\/\/www.24baires.com\/?p=10210","url_meta":{"origin":10790,"position":4},"title":"La familia de \u00c9rica Soriano repudi\u00f3 la anulaci\u00f3n de la preventiva a Lagostena","author":"Grupo Sierra","date":"23\/12\/2012","format":false,"excerpt":"LOMAS DE ZAMORA - \u201cQuer\u00eda que est\u00e9 en la c\u00e1rcel, es el \u00fanico que sabe qu\u00e9 pas\u00f3\u201d, asegur\u00f3 la mam\u00e1 de \u00c9rica Soriano, Mar\u00eda Esther. As\u00ed, expres\u00f3 su descontento por la decisi\u00f3n de la C\u00e1mara de Apelaciones de liberar al \u00fanico imputado por la desaparici\u00f3n de la joven. \u201cDespu\u00e9s del\u2026","rel":"","context":"En \u00abPoliciales\u00bb","block_context":{"text":"Policiales","link":"https:\/\/www.24baires.com\/?cat=49"},"img":{"alt_text":"soriano erica","src":"https:\/\/i0.wp.com\/www.24baires.com\/wp-content\/uploads\/2012\/12\/soriano-erica-300x180.jpg?resize=350%2C200","width":350,"height":200},"classes":[]},{"id":10100,"url":"https:\/\/www.24baires.com\/?p=10100","url_meta":{"origin":10790,"position":5},"title":"Anularon la prisi\u00f3n preventiva del asesino de \u00c9rica Soriano","author":"AF","date":"22\/12\/2012","format":false,"excerpt":"La C\u00e1mara de Apelaciones y Garant\u00edas de Lomas de Zamora anul\u00f3 la prisi\u00f3n preventiva por la que est\u00e1 detenido H\u00e9ctor Daniel Lagostena acusado de haber asesinado a su pareja en Lan\u00fas. La Sala III de la C\u00e1mara tom\u00f3 esta determinaci\u00f3n al anular, por razones procesales, la declaraci\u00f3n indagatoria que Lagostena\u2026","rel":"","context":"En \u00abPoliciales\u00bb","block_context":{"text":"Policiales","link":"https:\/\/www.24baires.com\/?cat=49"},"img":{"alt_text":"lagostena soriano","src":"https:\/\/i0.wp.com\/www.24baires.com\/wp-content\/uploads\/2012\/12\/lagostena-soriano.jpg?resize=350%2C200","width":350,"height":200,"srcset":"https:\/\/i0.wp.com\/www.24baires.com\/wp-content\/uploads\/2012\/12\/lagostena-soriano.jpg?resize=350%2C200 1x, https:\/\/i0.wp.com\/www.24baires.com\/wp-content\/uploads\/2012\/12\/lagostena-soriano.jpg?resize=525%2C300 1.5x"},"classes":[]}],"jetpack_sharing_enabled":true,"jetpack_likes_enabled":true,"_links":{"self":[{"href":"https:\/\/www.24baires.com\/index.php?rest_route=\/wp\/v2\/posts\/10790","targetHints":{"allow":["GET"]}}],"collection":[{"href":"https:\/\/www.24baires.com\/index.php?rest_route=\/wp\/v2\/posts"}],"about":[{"href":"https:\/\/www.24baires.com\/index.php?rest_route=\/wp\/v2\/types\/post"}],"author":[{"embeddable":true,"href":"https:\/\/www.24baires.com\/index.php?rest_route=\/wp\/v2\/users\/4"}],"replies":[{"embeddable":true,"href":"https:\/\/www.24baires.com\/index.php?rest_route=%2Fwp%2Fv2%2Fcomments&post=10790"}],"version-history":[{"count":3,"href":"https:\/\/www.24baires.com\/index.php?rest_route=\/wp\/v2\/posts\/10790\/revisions"}],"predecessor-version":[{"id":10792,"href":"https:\/\/www.24baires.com\/index.php?rest_route=\/wp\/v2\/posts\/10790\/revisions\/10792"}],"wp:attachment":[{"href":"https:\/\/www.24baires.com\/index.php?rest_route=%2Fwp%2Fv2%2Fmedia&parent=10790"}],"wp:term":[{"taxonomy":"category","embeddable":true,"href":"https:\/\/www.24baires.com\/index.php?rest_route=%2Fwp%2Fv2%2Fcategories&post=10790"},{"taxonomy":"post_tag","embeddable":true,"href":"https:\/\/www.24baires.com\/index.php?rest_route=%2Fwp%2Fv2%2Ftags&post=10790"}],"curies":[{"name":"wp","href":"https:\/\/api.w.org\/{rel}","templated":true}]}}