{"id":10780,"date":"2012-12-29T12:57:26","date_gmt":"2012-12-29T15:57:26","guid":{"rendered":"http:\/\/www.24baires.com\/?p=10780"},"modified":"2012-12-29T12:57:32","modified_gmt":"2012-12-29T15:57:32","slug":"picos-de-2-900-autos-por-hora-recorriendo-las-rutas-bonaerense-hacia-la-costa-atlantica","status":"publish","type":"post","link":"https:\/\/www.24baires.com\/?p=10780","title":{"rendered":"Picos de 2.900 autos por hora recorriendo las rutas bonaerense hacia la Costa Atl\u00e1ntica"},"content":{"rendered":"<p><a href=\"http:\/\/www.24baires.com\/sociedad\/10780-picos-de-2-900-autos-por-hora-recorriendo-las-rutas-bonaerense-hacia-la-costa-atlantica\/attachment\/ruta-finde\/\" rel=\"attachment wp-att-10781\"><img data-recalc-dims=\"1\" loading=\"lazy\" decoding=\"async\" class=\"aligncenter size-full wp-image-10781\" alt=\"ruta finde\" src=\"https:\/\/i0.wp.com\/www.24baires.com\/wp-content\/uploads\/2012\/12\/ruta-finde.jpg?resize=515%2C343\" width=\"515\" height=\"343\" srcset=\"https:\/\/i0.wp.com\/www.24baires.com\/wp-content\/uploads\/2012\/12\/ruta-finde.jpg?w=515&amp;ssl=1 515w, https:\/\/i0.wp.com\/www.24baires.com\/wp-content\/uploads\/2012\/12\/ruta-finde.jpg?resize=300%2C199&amp;ssl=1 300w\" sizes=\"auto, (max-width: 515px) 100vw, 515px\" \/><\/a><\/p>\n<p>Cerca del mediod\u00eda se registraba un intenso movimiento, con una m\u00ednima merma en la frecuencia de autom\u00f3viles respecto de las primeras horas del d\u00eda, inform\u00f3 el vocero de Vialidad Nacional.<!--more--><br \/>\n\u00abSobre la ruta 2 hay una disminuci\u00f3n en la frecuencia de veh\u00edculos que pas\u00f3 de m\u00e1s de 2.100 en las primeras horas del d\u00eda a 1.916 entre las 10 y las 11\u00bb, dijo Ernesto Arriaga.<\/p>\n<p>No obstante, hubo picos de 2.900 veh\u00edculos por hora en la ruta que une Buenos Aires con la Costa Atl\u00e1ntica, durante el \u00e9xodo que comenz\u00f3 el viernes a la tarde y contin\u00faa este s\u00e1bado, al iniciarse el \u00faltimo fin de semana largo de 2012, por los feriados de A\u00f1o Nuevo.<\/p>\n<p>Desde la autopista Buenos Aires-La Plata a la ruta 2 hab\u00eda demoras de 40 a 50 minutos mientras que entre Hudson y Chascom\u00fas, donde el promedio de velocidad alcanza los 80 kil\u00f3metros por hora, los retrasos disminuyen a 20 minutos.<\/p>\n<p>Vialidad recomend\u00f3 respetar la velocidad m\u00e1xima de cada lugar, usar el cintur\u00f3n de seguridad, no circular por la banquina, y llevar encendidas las luces bajas.<\/p>\n<p>Adem\u00e1s, y con el objetivo de evitar siniestros, hasta las 14 est\u00e1 restringida la circulaci\u00f3n para camiones de m\u00e1s de 3.500 kilos.<\/p>\n<p>En las 56 rutas provinciales nacionales, por donde se prev\u00e9 que circulen este fin de semana largo y fin de a\u00f1o unos 2.200.000 autom\u00f3viles, se desarrolla un fuerte operativo de seguridad de la Gendarmer\u00eda Nacional y de la Agencia Nacional de Seguridad Vial (ANSV).<\/p>\n<p>Ayer ya hab\u00eda un gran caudal de tr\u00e1nsito en las salidas de la ciudad de Buenos Aires, cuando en la Autov\u00eda Dos se registraba el paso de 1.900 autom\u00f3viles por hora.<\/p>\n<p>En la autopista Buenos Aires-La Plata hubo demoras que se intensificaban en el ingreso a la Ruta 2, donde se observaba un panorama de tr\u00e1nsito vehicular muy cargado que persiste hoy y va en aumento.<\/p>\n<p>&nbsp;<\/p>\n<p>&nbsp;<\/p>\n<p>&nbsp;<\/p>\n<p>&nbsp;<\/p>\n<p>&nbsp;<\/p>\n<p>&nbsp;<\/p>\n<p>&nbsp;<\/p>\n<p>&nbsp;<\/p>\n<p>&nbsp;<\/p>\n<p>&nbsp;<\/p>\n<p>&nbsp;<\/p>\n<p>&nbsp;<\/p>\n<p>&nbsp;<\/p>\n<p>&nbsp;<\/p>\n<p>&nbsp;<\/p>\n<p>&nbsp;<\/p>\n<p>&nbsp;<\/p>\n<p>&nbsp;<\/p>\n<p>&nbsp;<\/p>\n<p>&nbsp;<\/p>\n<p>&nbsp;<\/p>\n<p>&nbsp;<\/p>\n<p>&nbsp;<\/p>\n<p>&nbsp;<\/p>\n<p>&nbsp;<\/p>\n<p>&nbsp;<\/p>\n<p>&nbsp;<\/p>\n<p>&nbsp;<\/p>\n<p>&nbsp;<\/p>\n<p>&nbsp;<\/p>\n<p>&nbsp;<\/p>\n<p>&nbsp;<\/p>\n<p>&nbsp;<\/p>\n<p>&nbsp;<\/p>\n<p>&nbsp;<\/p>\n<p>&nbsp;<\/p>\n<p>&nbsp;<\/p>\n","protected":false},"excerpt":{"rendered":"<p>Cerca del mediod\u00eda se registraba un intenso movimiento, con una m\u00ednima merma en la frecuencia de autom\u00f3viles respecto de las primeras horas del d\u00eda, inform\u00f3 el vocero de Vialidad Nacional.<\/p>\n","protected":false},"author":4,"featured_media":0,"comment_status":"open","ping_status":"open","sticky":false,"template":"","format":"standard","meta":{"_jetpack_newsletter_access":"","_jetpack_dont_email_post_to_subs":false,"_jetpack_newsletter_tier_id":0,"_jetpack_memberships_contains_paywalled_content":false,"_jetpack_memberships_contains_paid_content":false,"footnotes":""},"categories":[1],"tags":[],"class_list":["post-10780","post","type-post","status-publish","format-standard","hentry","category-sociedad"],"jetpack_featured_media_url":"","jetpack_shortlink":"https:\/\/wp.me\/p2JWE0-2NS","jetpack-related-posts":[{"id":14132,"url":"https:\/\/www.24baires.com\/?p=14132","url_meta":{"origin":10780,"position":0},"title":"Gran movimiento en terminales y aeropuertos por el cambio de quincena","author":"AF","date":"31\/01\/2013","format":false,"excerpt":"El recambio y el feriado promovieron una mayor demanda de pasajes de micro hacia la Costa por lo que los servicios fueron reforzados, mientras en Aeroparque est\u00e1n casi agotados. Hay un intenso movimiento en rutas. La Comisi\u00f3n Nacional de Regulaci\u00f3n del Transporte (CNRT), precis\u00f3 que a los 1.600 servicios que\u2026","rel":"","context":"En \u00abSociedad\u00bb","block_context":{"text":"Sociedad","link":"https:\/\/www.24baires.com\/?cat=1"},"img":{"alt_text":"RETIRO","src":"https:\/\/i0.wp.com\/www.24baires.com\/wp-content\/uploads\/2013\/01\/RETIRO-300x264.jpg?resize=350%2C200","width":350,"height":200},"classes":[]},{"id":77958,"url":"https:\/\/www.24baires.com\/?p=77958","url_meta":{"origin":10780,"position":1},"title":"A partir del viernes, tarifazo a los peajes","author":"GB","date":"21\/01\/2016","format":false,"excerpt":"Las subas se har\u00e1n efectivas a partir de ma\u00f1ana en la autopista Buenos Aires-La Plata, con un incremento del 50 por ciento, y tambi\u00e9n en las rutas 2 y 11, que unen el \u00e1rea metropolitana con la Costa Atl\u00e1ntica, donde los aumentos ser\u00e1n del 28 por ciento. La informaci\u00f3n fue\u2026","rel":"","context":"En \u00abEconom\u00eda\u00bb","block_context":{"text":"Econom\u00eda","link":"https:\/\/www.24baires.com\/?cat=45"},"img":{"alt_text":"","src":"","width":0,"height":0},"classes":[]},{"id":6671,"url":"https:\/\/www.24baires.com\/?p=6671","url_meta":{"origin":10780,"position":2},"title":"Se registraron m\u00e1s de 2700 autos por hora circulando en rutas hacia la costa bonaerense","author":"AF","date":"24\/11\/2012","format":false,"excerpt":"El fin de semana largo moviliz\u00f3 gran cantidad de autom\u00f3viles en el camino a la costa atl\u00e1ntica, en el que se registraron picos de m\u00e1s de 2.700 veh\u00edculos por hora, inform\u00f3 la Agencia de Seguridad Vial. El ministerio de Interior y Transporte de la Naci\u00f3n despleg\u00f3 un operativo de fiscalizaci\u00f3n\u2026","rel":"","context":"En \u00abSociedad\u00bb","block_context":{"text":"Sociedad","link":"https:\/\/www.24baires.com\/?cat=1"},"img":{"alt_text":"","src":"","width":0,"height":0},"classes":[]},{"id":37572,"url":"https:\/\/www.24baires.com\/?p=37572","url_meta":{"origin":10780,"position":3},"title":"Se intensific\u00f3 el \u00e9xodo hacia la Costa Atl\u00e1ntica","author":"Grupo Sierra","date":"28\/12\/2013","format":false,"excerpt":"La Agencia Nacional de Seguridad Vial inform\u00f3 que a primera hora de la ma\u00f1ana del s\u00e1bado ya circulaban cerca de 2 mil autos por hora en la Autov\u00eda 2. El calor es el indeseable acompa\u00f1ante en el viaje por el receso de fin de a\u00f1o. La Agencia Nacional de Seguridad\u2026","rel":"","context":"En \u00abProvincia\u00bb","block_context":{"text":"Provincia","link":"https:\/\/www.24baires.com\/?cat=40"},"img":{"alt_text":"ruta a mar del plata","src":"https:\/\/i0.wp.com\/www.24baires.com\/wp-content\/uploads\/2013\/07\/ruta-a-mar-del-plata.jpg?resize=350%2C200","width":350,"height":200,"srcset":"https:\/\/i0.wp.com\/www.24baires.com\/wp-content\/uploads\/2013\/07\/ruta-a-mar-del-plata.jpg?resize=350%2C200 1x, https:\/\/i0.wp.com\/www.24baires.com\/wp-content\/uploads\/2013\/07\/ruta-a-mar-del-plata.jpg?resize=525%2C300 1.5x"},"classes":[]},{"id":99393,"url":"https:\/\/www.24baires.com\/?p=99393","url_meta":{"origin":10780,"position":4},"title":"Desde el viernes aumentan los peajes","author":"GB","date":"14\/12\/2017","format":false,"excerpt":"Los incrementos comenzar\u00e1n desde el viernes 15 de diciembre para la autopista Buenos Aires-La Plata, la Ruta 2 y la Ruta 11 Viajar desde Buenos Aires hacia la Costa Atl\u00e1ntica, o viceversa, ser\u00e1 hasta un 66% m\u00e1s caro por los nuevos valores de los peajes en la Autopista Buenos Aires-La\u2026","rel":"","context":"En \u00abEconom\u00eda\u00bb","block_context":{"text":"Econom\u00eda","link":"https:\/\/www.24baires.com\/?cat=45"},"img":{"alt_text":"","src":"https:\/\/i0.wp.com\/www.24baires.com\/wp-content\/uploads\/2013\/03\/peajeruta2-300x200.jpg?resize=350%2C200","width":350,"height":200},"classes":[]},{"id":63432,"url":"https:\/\/www.24baires.com\/?p=63432","url_meta":{"origin":10780,"position":5},"title":"Comenz\u00f3 el \u00e9xodo tur\u00edstico: m\u00e1s de 2.200 autos por hora circulan hacia la Costa","author":"GB","date":"20\/03\/2015","format":false,"excerpt":"Unos 2.200 veh\u00edculos por hora circulaban esta tarde por la autov\u00eda 2 en sentido a la Costa Atl\u00e1ntica por lo que el tr\u00e1nsito se desplazaba con normalidad y sin demoras en el inicio del fin de semana largo por los feriados del 23 y 24 de marzo, inform\u00f3 La Direcci\u00f3n\u2026","rel":"","context":"En \u00abTurismo\u00bb","block_context":{"text":"Turismo","link":"https:\/\/www.24baires.com\/?cat=69"},"img":{"alt_text":"autos finde largo junio","src":"https:\/\/i0.wp.com\/www.24baires.com\/wp-content\/uploads\/2013\/06\/autos-finde-largo-junio.jpg?resize=350%2C200","width":350,"height":200,"srcset":"https:\/\/i0.wp.com\/www.24baires.com\/wp-content\/uploads\/2013\/06\/autos-finde-largo-junio.jpg?resize=350%2C200 1x, https:\/\/i0.wp.com\/www.24baires.com\/wp-content\/uploads\/2013\/06\/autos-finde-largo-junio.jpg?resize=525%2C300 1.5x"},"classes":[]}],"jetpack_sharing_enabled":true,"jetpack_likes_enabled":true,"_links":{"self":[{"href":"https:\/\/www.24baires.com\/index.php?rest_route=\/wp\/v2\/posts\/10780","targetHints":{"allow":["GET"]}}],"collection":[{"href":"https:\/\/www.24baires.com\/index.php?rest_route=\/wp\/v2\/posts"}],"about":[{"href":"https:\/\/www.24baires.com\/index.php?rest_route=\/wp\/v2\/types\/post"}],"author":[{"embeddable":true,"href":"https:\/\/www.24baires.com\/index.php?rest_route=\/wp\/v2\/users\/4"}],"replies":[{"embeddable":true,"href":"https:\/\/www.24baires.com\/index.php?rest_route=%2Fwp%2Fv2%2Fcomments&post=10780"}],"version-history":[{"count":3,"href":"https:\/\/www.24baires.com\/index.php?rest_route=\/wp\/v2\/posts\/10780\/revisions"}],"predecessor-version":[{"id":10784,"href":"https:\/\/www.24baires.com\/index.php?rest_route=\/wp\/v2\/posts\/10780\/revisions\/10784"}],"wp:attachment":[{"href":"https:\/\/www.24baires.com\/index.php?rest_route=%2Fwp%2Fv2%2Fmedia&parent=10780"}],"wp:term":[{"taxonomy":"category","embeddable":true,"href":"https:\/\/www.24baires.com\/index.php?rest_route=%2Fwp%2Fv2%2Fcategories&post=10780"},{"taxonomy":"post_tag","embeddable":true,"href":"https:\/\/www.24baires.com\/index.php?rest_route=%2Fwp%2Fv2%2Ftags&post=10780"}],"curies":[{"name":"wp","href":"https:\/\/api.w.org\/{rel}","templated":true}]}}