{"id":107722,"date":"2019-04-17T19:29:45","date_gmt":"2019-04-17T22:29:45","guid":{"rendered":"http:\/\/www.24baires.com\/?p=107722"},"modified":"2019-04-17T19:29:45","modified_gmt":"2019-04-17T22:29:45","slug":"la-descarada-costumbre-de-subestimarnos","status":"publish","type":"post","link":"https:\/\/www.24baires.com\/?p=107722","title":{"rendered":"La descarada costumbre de subestimarnos"},"content":{"rendered":"<p><img data-recalc-dims=\"1\" loading=\"lazy\" decoding=\"async\" src=\"https:\/\/i0.wp.com\/www.24baires.com\/wp-content\/uploads\/2019\/04\/conferencia.jpg?resize=560%2C307\" alt=\"\" width=\"560\" height=\"307\" class=\"aligncenter size-full wp-image-107723\" srcset=\"https:\/\/i0.wp.com\/www.24baires.com\/wp-content\/uploads\/2019\/04\/conferencia.jpg?w=560&amp;ssl=1 560w, https:\/\/i0.wp.com\/www.24baires.com\/wp-content\/uploads\/2019\/04\/conferencia.jpg?resize=300%2C164&amp;ssl=1 300w\" sizes=\"auto, (max-width: 560px) 100vw, 560px\" \/>La pantomima permanente, la impostura que termina siendo burla. La descarada costumbre de subestimarnos: estamos gobernados por un ato de insensibles que, adem\u00e1s, ha resultado ser tan inoperante como cruel. Cuando el pa\u00eds se cae a pedazos por las decisiones pol\u00edticas y econ\u00f3micas de Macri, nos quieren vender un video que cuenta una realidad que nosotros y nosotras s\u00ed conocemos: el ajuste da\u00f1ino, la falta de trabajo, las cuentas impagables, la plata que no alcanza porque la inflaci\u00f3n se come todo con voracidad asesina. Es s\u00f3lo otra artera manera de victimizarse, de simular estar cerca de la gente, cuando en realidad carecen de la capacidad de mirarnos de igual a igual, de ponerse en nuestro lugar.<!--more--><\/p>\n<p>Y es por medio de esa actuaci\u00f3n ante las c\u00e1maras que nos anuncia medidas con las que pretende paliar el desastre. Y resulta que en este manotazo de ahogado improvisa una imitaci\u00f3n de pol\u00edticas kirchneristas, pero sin sensibilidad social. Porque con el kirchnerismo miles de personas lograron la casa propia mediante el PROCREAR, y con los pr\u00e9stamos para viviendas de Macri miles se endeudaron de por vida con cuotas que ahora no pueden pagar. Porque con los Precios Cuidados del kirchnerismo llen\u00e1bamos el changuito y el Estado le hacia frente a la especulaci\u00f3n empresarial, y aunque Macri ahora, en coordenada electoral, quiera \u201ccongelar precios\u201d y volver a tener esos Precios Cuidados que tanto Marcos Pe\u00f1a como Vidal dijeron desde\u00f1ar, ser\u00e1n tan imapagables e inaccesibles como antes de estas medidas: crece el desempleo, no hay consumo interno y la inflaci\u00f3n no para.<\/p>\n<p>Macri nos dice como algo bueno que el aumento de gas aplicado desde abril y escalonado en tres meses (10% en abril, 9% en mayo y 8% en junio) es el \u00faltimo del a\u00f1o. Es decir que quedan aun tres aumentos m\u00e1s de gas, como m\u00ednimo, que suman casi un 30%. Adem\u00e1s, especulan con la calculadora de las elecciones sacando humo, que durante los meses de invierno habr\u00e1 un descuento del 22% en el precio del gas, que los usuarios pagar\u00e1n en las facturas de los meses de verano, como ya hicieron en la campa\u00f1a 2017, cuando despu\u00e9s de octubre ya hab\u00edan ganado y llegaron las boletas que te com\u00edan medio sueldo.<\/p>\n<p>Y como la insensibilidad gobierna, otra de las medidas es ofrecerle cr\u00e9ditos con tasas de inter\u00e9s entre el 40 y 50% a los jubilados y a beneficiarios de la Asignaci\u00f3n Universal por Hijo. A los pobres, a quienes peor la est\u00e1n pasando, les ofrecen, dadivosos, que se endeuden aun m\u00e1s para pagar las deudas impagables, suana a juego de palabras pero es perverso. Porque son s\u00e1dicos, adem\u00e1s de in\u00fatiles. Porque no pueden desconocer la realidad cotidiana de los viejos que no pueden comprar ni la mitad de los remedios que necesitan para seguir vivos. Como la jubilada que ayer se tir\u00f3 a las v\u00edas del subte, en CABA, centro neur\u00e1lgico de Cambiemos. La formaci\u00f3n fue frenada a tiempo y ella dijo que se quer\u00eda morir porque no ten\u00eda para comer. No tienen ning\u00fan derecho a hacerla sentir as\u00ed, ni a hacerla pasar hambre. A las y los jubilados se les hab\u00eda dado una contenci\u00f3n necesaria y urgente, durante el gobierno de Cristina, por ejemplo: cobertura de medicamentos, movilidad del sueldo cada dos a\u00f1os, jubilaci\u00f3n de quienes por diversas razones no lograban reunir sus a\u00f1os de aportes. Y vinieron estos incitadores del odio y la mentira y los despojaron de todo, hasta de las ganas de vivir.<\/p>\n<p>Este es un gobierno en retirada, no porque ellos quieran irse, est\u00e1 claro que buscan desesperados la forma de perpetuar cuatro a\u00f1os mas a un Macri que se cae a pedazos al mismo ritmo que la Argentina, las medidas de hoy son claro testimonio de ello. Es un gobierno en retirada porque los vamos a correr con los votos, y los votos no van a surgir del resentimiento, del revanchismo miope que instalaron desde sus medios de comunicaci\u00f3n adictos. No. Los votos que saquen del poder a esta casta de insensibles surgir\u00e1n desde el amor, desde el convencimiento, desde la empat\u00eda: nadie puede ser feliz entre infelices. Los votos que una vez, mediante una defraudaci\u00f3n hist\u00f3rica y desde la falacia escandalosa, los depositaron al frente de las decisiones que hoy nos han empobrecido, entregado nuestra soberan\u00eda y endeudado por generaciones, ser\u00e1n los que los expulsen, los que les digan basta, junto a los votos de quienes nunca acompa\u00f1aron este nefasto cambio. <\/p>\n<p>No hay tiempo para la indignaci\u00f3n que no convence, para el pase de facturas a quienes la est\u00e1n pasando tan mal como nosotros. No hay tiempo para la especulaci\u00f3n, no es una elecci\u00f3n para jugar en una baldosa. Porque cuando asumimos que el amor venc\u00eda, no era una frase hecha, era la perspectiva desde la que construir\u00edamos d\u00eda a d\u00eda. Tenemos la oportunidad y la responsabilidad de ponerle freno al saqueo, de devolverle a miles y miles las ganas de vivir esta vida. Sabemos lo que tenemos que hacer, sabemos que es ahora, y sabemos que es juntas, juntos. <\/p>\n","protected":false},"excerpt":{"rendered":"<p>La pantomima permanente, la impostura que termina siendo burla. La descarada costumbre de subestimarnos: estamos gobernados por un ato de insensibles que, adem\u00e1s, ha resultado ser tan inoperante como cruel. Cuando el pa\u00eds se cae a pedazos por las decisiones pol\u00edticas y econ\u00f3micas de Macri, nos quieren vender un video que cuenta una realidad que nosotros y nosotras s\u00ed conocemos: [&#8230;]<\/p>\n","protected":false},"author":4,"featured_media":0,"comment_status":"open","ping_status":"open","sticky":false,"template":"","format":"standard","meta":{"_jetpack_newsletter_access":"","_jetpack_dont_email_post_to_subs":false,"_jetpack_newsletter_tier_id":0,"_jetpack_memberships_contains_paywalled_content":false,"_jetpack_memberships_contains_paid_content":false,"footnotes":""},"categories":[64],"tags":[],"class_list":["post-107722","post","type-post","status-publish","format-standard","hentry","category-opinion"],"jetpack_featured_media_url":"","jetpack_shortlink":"https:\/\/wp.me\/p2JWE0-s1s","jetpack-related-posts":[{"id":108596,"url":"https:\/\/www.24baires.com\/?p=108596","url_meta":{"origin":107722,"position":0},"title":"Lagarde admite que subestim\u00f3 a la inflaci\u00f3n: \u00abEs m\u00e1s resistente de lo que pens\u00e1bamos\u00bb","author":"AF","date":"05\/06\/2019","format":false,"excerpt":"La directora gerente del FMI acept\u00f3 que fallaron sus previsiones. El organismo le prest\u00f3 al gobierno de Mauricio Macri u$s 57.000 millones, el mayor desembolso para un pa\u00eds de la historia del organismo. La directora gerente del Fondo Monetario Internacional Christine Lagarde reconoci\u00f3 que el subestim\u00f3 las dificultades de la\u2026","rel":"","context":"En \u00abPol\u00edtica\u00bb","block_context":{"text":"Pol\u00edtica","link":"https:\/\/www.24baires.com\/?cat=51"},"img":{"alt_text":"","src":"https:\/\/i0.wp.com\/www.24baires.com\/wp-content\/uploads\/2018\/10\/lagarde-macri.jpg?resize=350%2C200","width":350,"height":200,"srcset":"https:\/\/i0.wp.com\/www.24baires.com\/wp-content\/uploads\/2018\/10\/lagarde-macri.jpg?resize=350%2C200 1x, https:\/\/i0.wp.com\/www.24baires.com\/wp-content\/uploads\/2018\/10\/lagarde-macri.jpg?resize=525%2C300 1.5x"},"classes":[]},{"id":108576,"url":"https:\/\/www.24baires.com\/?p=108576","url_meta":{"origin":107722,"position":1},"title":"El PJ dice que el Gobierno cambia las reglas y pedir\u00e1 veedores internacionales","author":"GB","date":"05\/06\/2019","format":false,"excerpt":"El PJ bonaerense emiti\u00f3 hoy un duro comunicado en el que acusa al Gobierno de haber cambiado 11 veces las reglas del juego electoral y de divulgar noticias falsas. Adelant\u00f3 que pedir\u00e1 veedores internacionales para los comicios. Tras las versiones de una supuesta reuni\u00f3n de la gobernadora Mar\u00eda Eugenia Vidal\u2026","rel":"","context":"En \u00abElecciones\u00bb","block_context":{"text":"Elecciones","link":"https:\/\/www.24baires.com\/?cat=316"},"img":{"alt_text":"","src":"https:\/\/i0.wp.com\/www.24baires.com\/wp-content\/uploads\/2018\/12\/pj-bo.jpg?resize=350%2C200","width":350,"height":200,"srcset":"https:\/\/i0.wp.com\/www.24baires.com\/wp-content\/uploads\/2018\/12\/pj-bo.jpg?resize=350%2C200 1x, https:\/\/i0.wp.com\/www.24baires.com\/wp-content\/uploads\/2018\/12\/pj-bo.jpg?resize=525%2C300 1.5x"},"classes":[]},{"id":32983,"url":"https:\/\/www.24baires.com\/?p=32983","url_meta":{"origin":107722,"position":2},"title":"Advierten que el presupuesto 2014 presenta un nivel de gastos muy bajo","author":"AF","date":"04\/10\/2013","format":false,"excerpt":"Un an\u00e1lisis del Centro de Implementaci\u00f3n de Pol\u00edticas P\u00fablicas para la Equidad y el Crecimiento se\u00f1ala que se encuentra fuertemente subestimado y que el d\u00e9ficit fiscal alcanzar\u00eda al menos los 65 mil millones de pesos. Los expertos aseguran que la proyecci\u00f3n de ingresos parece m\u00e1s realista. Disminuyen las transferencias corrientes\u2026","rel":"","context":"En \u00abEconom\u00eda\u00bb","block_context":{"text":"Econom\u00eda","link":"https:\/\/www.24baires.com\/?cat=45"},"img":{"alt_text":"","src":"","width":0,"height":0},"classes":[]},{"id":103611,"url":"https:\/\/www.24baires.com\/?p=103611","url_meta":{"origin":107722,"position":3},"title":"Macri reconoci\u00f3 que la inflaci\u00f3n ser\u00e1 del 30%","author":"AF","date":"31\/07\/2018","format":false,"excerpt":"En medio de negociaciones paritarias que a\u00fan no han cerrado y revisiones que deben hacerse en el segundo semestre, el presidente Mauricio Macri admiti\u00f3, por primera vez, que la inflaci\u00f3n de este a\u00f1o cerrar\u00e1 \"alrededor del 30%\" \u00f1o aunque vaticin\u00f3 que desde este mes \"comenzar\u00e1 a bajar y en dos\u2026","rel":"","context":"En \u00abPol\u00edtica\u00bb","block_context":{"text":"Pol\u00edtica","link":"https:\/\/www.24baires.com\/?cat=51"},"img":{"alt_text":"","src":"https:\/\/i0.wp.com\/www.24baires.com\/wp-content\/uploads\/2018\/05\/macri-olivos.jpg?resize=350%2C200","width":350,"height":200,"srcset":"https:\/\/i0.wp.com\/www.24baires.com\/wp-content\/uploads\/2018\/05\/macri-olivos.jpg?resize=350%2C200 1x, https:\/\/i0.wp.com\/www.24baires.com\/wp-content\/uploads\/2018\/05\/macri-olivos.jpg?resize=525%2C300 1.5x"},"classes":[]},{"id":54389,"url":"https:\/\/www.24baires.com\/?p=54389","url_meta":{"origin":107722,"position":4},"title":"Scioli habl\u00f3 de M\u00e1ximo: \u00abSe lo subestimaba en pol\u00edtica\u00bb","author":"Grupo Sierra","date":"27\/09\/2014","format":false,"excerpt":"El gobernador de la provincia de Buenos Aires se refiri\u00f3 a una eventual candidatura del referente de La C\u00e1mpora, M\u00e1ximo Kirchner, tras el acto en el estadio de Argentinos Juniors. Scioli ya hab\u00eda manifestado que el hijo de la Presidenta durante su discurso en el estadio de Argentinos Juniors \"s\u00f3lo\u2026","rel":"","context":"En \u00abPol\u00edtica\u00bb","block_context":{"text":"Pol\u00edtica","link":"https:\/\/www.24baires.com\/?cat=51"},"img":{"alt_text":"scioli5","src":"https:\/\/i0.wp.com\/www.24baires.com\/wp-content\/uploads\/2014\/08\/scioli5.jpg?resize=350%2C200","width":350,"height":200,"srcset":"https:\/\/i0.wp.com\/www.24baires.com\/wp-content\/uploads\/2014\/08\/scioli5.jpg?resize=350%2C200 1x, https:\/\/i0.wp.com\/www.24baires.com\/wp-content\/uploads\/2014\/08\/scioli5.jpg?resize=525%2C300 1.5x"},"classes":[]},{"id":67753,"url":"https:\/\/www.24baires.com\/?p=67753","url_meta":{"origin":107722,"position":5},"title":"Scioli: \u00abTenemos que seguir haciendo historia dentro de este rumbo\u00bb","author":"AF","date":"18\/06\/2015","format":false,"excerpt":"El gobernador y precandidato presidencial por el FpV encabez\u00f3 un acto en Florencio Varela en el que le pid\u00f3 a los j\u00f3venes que \"asuman la responsabilidad de llevar las pol\u00edticas kirchneristas a la victoria\". El gobernador bonaerense y precandidato a la presidencia por el Frente para la Victoria, Daniel Scioli,\u2026","rel":"","context":"En \u00abElecciones 2015\u00bb","block_context":{"text":"Elecciones 2015","link":"https:\/\/www.24baires.com\/?cat=74"},"img":{"alt_text":"scioli 1","src":"https:\/\/i0.wp.com\/www.24baires.com\/wp-content\/uploads\/2015\/01\/scioli-1.jpg?resize=350%2C200","width":350,"height":200,"srcset":"https:\/\/i0.wp.com\/www.24baires.com\/wp-content\/uploads\/2015\/01\/scioli-1.jpg?resize=350%2C200 1x, https:\/\/i0.wp.com\/www.24baires.com\/wp-content\/uploads\/2015\/01\/scioli-1.jpg?resize=525%2C300 1.5x"},"classes":[]}],"jetpack_sharing_enabled":true,"jetpack_likes_enabled":true,"_links":{"self":[{"href":"https:\/\/www.24baires.com\/index.php?rest_route=\/wp\/v2\/posts\/107722","targetHints":{"allow":["GET"]}}],"collection":[{"href":"https:\/\/www.24baires.com\/index.php?rest_route=\/wp\/v2\/posts"}],"about":[{"href":"https:\/\/www.24baires.com\/index.php?rest_route=\/wp\/v2\/types\/post"}],"author":[{"embeddable":true,"href":"https:\/\/www.24baires.com\/index.php?rest_route=\/wp\/v2\/users\/4"}],"replies":[{"embeddable":true,"href":"https:\/\/www.24baires.com\/index.php?rest_route=%2Fwp%2Fv2%2Fcomments&post=107722"}],"version-history":[{"count":1,"href":"https:\/\/www.24baires.com\/index.php?rest_route=\/wp\/v2\/posts\/107722\/revisions"}],"predecessor-version":[{"id":107724,"href":"https:\/\/www.24baires.com\/index.php?rest_route=\/wp\/v2\/posts\/107722\/revisions\/107724"}],"wp:attachment":[{"href":"https:\/\/www.24baires.com\/index.php?rest_route=%2Fwp%2Fv2%2Fmedia&parent=107722"}],"wp:term":[{"taxonomy":"category","embeddable":true,"href":"https:\/\/www.24baires.com\/index.php?rest_route=%2Fwp%2Fv2%2Fcategories&post=107722"},{"taxonomy":"post_tag","embeddable":true,"href":"https:\/\/www.24baires.com\/index.php?rest_route=%2Fwp%2Fv2%2Ftags&post=107722"}],"curies":[{"name":"wp","href":"https:\/\/api.w.org\/{rel}","templated":true}]}}