{"id":10759,"date":"2012-12-29T11:57:15","date_gmt":"2012-12-29T14:57:15","guid":{"rendered":"http:\/\/www.24baires.com\/?p=10759"},"modified":"2012-12-29T14:35:12","modified_gmt":"2012-12-29T17:35:12","slug":"pararan-los-77-hospitales-bonaerenses-solidarizandose-con-un-despedido-del-santamarina","status":"publish","type":"post","link":"https:\/\/www.24baires.com\/?p=10759","title":{"rendered":"Paran los 77 hospitales solidariz\u00e1ndose con un despido del Santamarina"},"content":{"rendered":"<p><a href=\"http:\/\/www.24baires.com\/sociedad\/10759-pararan-los-77-hospitales-bonaerenses-solidarizandose-con-un-despedido-del-santamarina\/attachment\/cicop\/\" rel=\"attachment wp-att-10760\"><img data-recalc-dims=\"1\" loading=\"lazy\" decoding=\"async\" class=\"alignleft size-full wp-image-10760\" alt=\"cicop\" src=\"https:\/\/i0.wp.com\/www.24baires.com\/wp-content\/uploads\/2012\/12\/cicop.jpg?resize=320%2C200\" width=\"320\" height=\"200\" srcset=\"https:\/\/i0.wp.com\/www.24baires.com\/wp-content\/uploads\/2012\/12\/cicop.jpg?w=320&amp;ssl=1 320w, https:\/\/i0.wp.com\/www.24baires.com\/wp-content\/uploads\/2012\/12\/cicop.jpg?resize=300%2C187&amp;ssl=1 300w\" sizes=\"auto, (max-width: 320px) 100vw, 320px\" \/><\/a>La Asociaci\u00f3n Sindical de Profesionales de la Salud bonaerense (CICOP) convoc\u00f3 a un paro en todos los hospitales de la Provincia en reclamo por el despido de un m\u00e9dico y dirigente del hospital Santamarina de Monte Grande. \u201cEl Ejecutivo local est\u00e1 ciego y est\u00e1 sordo porque no quiere ver ni escuchar nada. Al transformarse en un conflicto provincial van a tener que jugar otros factores\u201d, manifestaron.<!--more--><\/p>\n<p>La Asociaci\u00f3n Sindical de Profesionales de la Salud de la Provincia de Buenos Aires (CICOP) anunci\u00f3 un paro de 24 horas para el jueves 10 de enero en todos los centros de salud del territorio bonaerense en reclamo por el despido del m\u00e9dico y dirigente Miguel Molina en el hospital Santamarina de Esteban Echeverr\u00eda.<\/p>\n<p>La secretaria gremial de la CICOP provincial, Marit\u00e9 Sosa, asegur\u00f3 que a la medida \u201cvan a adherir todos los hospitales de Buenos Aires a ra\u00edz del despido del compa\u00f1ero Miguel Molina\u201d y justific\u00f3 la provincializaci\u00f3n del conflicto: \u201cVen\u00edamos haciendo medidas locales pero no tuvimos respuestas\u201d.<\/p>\n<p>La protesta constar\u00e1 de un paro de actividades por 24 horas y una movilizaci\u00f3n a la Casa de la Provincia de Buenos Aires, en la Capital Federal.<\/p>\n<p>La referente de Cicop lament\u00f3 que \u201cno hay di\u00e1logo con absolutamente nadie del municipio\u201d y cont\u00f3 que \u201cel \u00faltimo contacto\u201d que mantuvieron les \u201cmanifestaron que hab\u00eda un inter\u00e9s de sentarse a hablar pero sin tocar el tema del despido de Molina\u201d. \u201cAs\u00ed es imposible porque es impensable sentarnos a hablar con el Ejecutivo sin tocar el tema del compa\u00f1ero despedido\u201d, refiri\u00f3 Sosa.<\/p>\n<p>Asimismo, la secretaria gremial evalu\u00f3 el desempe\u00f1o de la administraci\u00f3n echeverriana y mostr\u00f3 sus expectativas para encontrar la soluci\u00f3n al conflicto: \u201cEl Ejecutivo local est\u00e1 ciego y est\u00e1 sordo porque no quiere ver ni escuchar nada. Al transformarse en un conflicto provincial van a tener que jugar otros factores y a lo mejor el intendente se digne a escuchar. Es muy dif\u00edcil encontrar una soluci\u00f3n si no hay di\u00e1logo de ning\u00fan tipo\u201d, manifest\u00f3.<\/p>\n<p>Durante las \u00faltimas semanas, la delegaci\u00f3n local de Cicop se moviliz\u00f3 por el centro del distrito y reiter\u00f3 sus denuncias sobre la delicada situaci\u00f3n que atraviesa el hospital Santamarina. En ese sentido reclamaron mejoras edilicias y denunciaron una \u201cpersecuci\u00f3n\u201d por parte del gobierno comunal.<\/p>\n<p>Y, a trav\u00e9s de un comunicado, expresaron: \u00abPara tomar esta medida el intendente Gray decidi\u00f3 reflotar un inveros\u00edmil sumario iniciado en el 2008 y que durante 4 a\u00f1os permaneci\u00f3 en un caj\u00f3n. Es dif\u00edcil de creer que su s\u00fabita aparici\u00f3n no est\u00e9 relacionada con las denuncias realizadas recientemente desde nuestro gremio: p\u00e9simas condiciones edilicias, hecho que se ha ido agravando con el paso del tiempo y la inacci\u00f3n del ejecutivo, torn\u00e1ndose a esta altura peligroso y operativamente imposible su funcionamiento\u00bb, dijeron.<\/p>\n<p>Sosa tambi\u00e9n dio cuenta de las adhesiones con que cuenta el espacio: \u201cA nivel provincial seguramente vamos a parar con la Asociaci\u00f3n Trabajadores del Estado (ATE). Y a nivel local hay un frente de salud que est\u00e1 formado por la seccional de Cicop local, el Sindicato de Trabajadores Municipales de Echeverr\u00eda (Stmee) y por ATE\u201d.<\/p>\n<p>Por \u00faltimo, sostuvo que desde el gremio mantienen abiertas las puertas para un di\u00e1logo previo al 10 de enero con la intenci\u00f3n de solucionar el conflicto y evitar el paro en los 77 hospitales bonaerenses: \u201cEsperamos con esto hacernos escuchar y responsabilizamos por esto al intendente Gray porque llegamos a este punto por la falta de di\u00e1logo. Esperamos alguna reacci\u00f3n y un canal de di\u00e1logo para solucionar esto sin paralizar a toda la provincia de Buenos Aires\u201d, cerr\u00f3.<\/p>\n<p>&nbsp;<\/p>\n<p>&nbsp;<\/p>\n<p>&nbsp;<\/p>\n<p>&nbsp;<\/p>\n<p>&nbsp;<\/p>\n<p>&nbsp;<\/p>\n<p>&nbsp;<\/p>\n<p>&nbsp;<\/p>\n<p>&nbsp;<\/p>\n<p>&nbsp;<\/p>\n<p>&nbsp;<\/p>\n<p>&nbsp;<\/p>\n<p>&nbsp;<\/p>\n<p>&nbsp;<\/p>\n<p>&nbsp;<\/p>\n<p>&nbsp;<\/p>\n<p>&nbsp;<\/p>\n<p>&nbsp;<\/p>\n<p>&nbsp;<\/p>\n<p>&nbsp;<\/p>\n<p>&nbsp;<\/p>\n<p>&nbsp;<\/p>\n<p>&nbsp;<\/p>\n","protected":false},"excerpt":{"rendered":"<p>La Asociaci\u00f3n Sindical de Profesionales de la Salud bonaerense (CICOP) convoc\u00f3 a un paro en todos los hospitales de la Provincia en reclamo por el despido de un m\u00e9dico y dirigente del hospital Santamarina de Monte Grande. \u201cEl Ejecutivo local est\u00e1 ciego y est\u00e1 sordo porque no quiere ver ni escuchar nada. Al transformarse en un conflicto provincial van a [&#8230;]<\/p>\n","protected":false},"author":4,"featured_media":0,"comment_status":"open","ping_status":"open","sticky":false,"template":"","format":"standard","meta":{"_jetpack_newsletter_access":"","_jetpack_dont_email_post_to_subs":false,"_jetpack_newsletter_tier_id":0,"_jetpack_memberships_contains_paywalled_content":false,"_jetpack_memberships_contains_paid_content":false,"footnotes":""},"categories":[1],"tags":[],"class_list":["post-10759","post","type-post","status-publish","format-standard","hentry","category-sociedad"],"jetpack_featured_media_url":"","jetpack_shortlink":"https:\/\/wp.me\/p2JWE0-2Nx","jetpack-related-posts":[{"id":11710,"url":"https:\/\/www.24baires.com\/?p=11710","url_meta":{"origin":10759,"position":0},"title":"Paran y se movilizan m\u00e9dicos nucleados en CICOP","author":"AF","date":"10\/01\/2013","format":false,"excerpt":"Tambi\u00e9n marchar\u00e1n hoy a la Casa de la Provincia en la Capital Federal, en repudio a la suspensi\u00f3n de un m\u00e9dico. Le solicitan al intendente de Esteban Echeverr\u00eda el \u201ccese con la persecuci\u00f3n gremial\u201d y critican las \u201cp\u00e9simas\u201d condiciones del hospital Santamarina. M\u00e9dicos nucleados en Comisi\u00f3n Interhospitalaria del Conurbano y\u2026","rel":"","context":"En \u00abSociedad\u00bb","block_context":{"text":"Sociedad","link":"https:\/\/www.24baires.com\/?cat=1"},"img":{"alt_text":"","src":"","width":0,"height":0},"classes":[]},{"id":100092,"url":"https:\/\/www.24baires.com\/?p=100092","url_meta":{"origin":10759,"position":1},"title":"Cicop realiza un paro en el hospital Posadas y pide llamado a paritarias","author":"GB","date":"22\/01\/2018","format":false,"excerpt":"La Asociaci\u00f3n Sindical de Profesionales de la Salud de la provincia de Buenos Aires (Cicop), anunci\u00f3 un cese de actividades para ma\u00f1ana en rechazo del despido de \"122 trabajadores\" del Hospital Posadas de El Palomar, al tiempo que reclam\u00f3 el llamado a paritarias por parte del Gobierno de Mar\u00eda Eugenia\u2026","rel":"","context":"En \u00abProvincia\u00bb","block_context":{"text":"Provincia","link":"https:\/\/www.24baires.com\/?cat=40"},"img":{"alt_text":"","src":"https:\/\/i0.wp.com\/www.24baires.com\/wp-content\/uploads\/2016\/12\/cicop.jpg?resize=350%2C200","width":350,"height":200,"srcset":"https:\/\/i0.wp.com\/www.24baires.com\/wp-content\/uploads\/2016\/12\/cicop.jpg?resize=350%2C200 1x, https:\/\/i0.wp.com\/www.24baires.com\/wp-content\/uploads\/2016\/12\/cicop.jpg?resize=525%2C300 1.5x"},"classes":[]},{"id":27822,"url":"https:\/\/www.24baires.com\/?p=27822","url_meta":{"origin":10759,"position":2},"title":"Cicop instalar\u00e1 una carpa frente al Municipio de Esteban Echeverr\u00eda exigiendo mejoras sanitarias","author":"AF","date":"08\/07\/2013","format":false,"excerpt":"La medida ser\u00e1 para reclamar por la situaci\u00f3n sanitaria en el distrito y para denunciar sobre los sumarios que el Ejecutivo local abri\u00f3 contra m\u00e9dicos del hospital municipal Santamarina. \u201cEs probable que nos quedemos sin terapia intensiva\u201d, advirti\u00f3 el titular de CICOP en Echeverr\u00eda, Carlos Gracia Costa. El conflicto entre\u2026","rel":"","context":"En \u00abLocales\u00bb","block_context":{"text":"Locales","link":"https:\/\/www.24baires.com\/?cat=38"},"img":{"alt_text":"cicop echeverr\u00eda","src":"https:\/\/i0.wp.com\/www.24baires.com\/wp-content\/uploads\/2013\/07\/cicop-echeverr%C3%ADa-300x187.jpg?resize=350%2C200","width":350,"height":200},"classes":[]},{"id":11504,"url":"https:\/\/www.24baires.com\/?p=11504","url_meta":{"origin":10759,"position":3},"title":"M\u00e9dicos nucleados en Cicop paran este jueves","author":"AF","date":"08\/01\/2013","format":false,"excerpt":"Es para reclamar la reincorporaci\u00f3n de un m\u00e9dico cesanteado en Esteban Echeverr\u00eda. Habr\u00e1 una marcha a la casa de la Provincia. Los profesionales de la salud nucleados en Cicop realizar\u00e1n el jueves un paro en los hospitales p\u00fablicos dependientes de los municipios y de la Provincia para reclamar la reincorporaci\u00f3n\u2026","rel":"","context":"En \u00abSociedad\u00bb","block_context":{"text":"Sociedad","link":"https:\/\/www.24baires.com\/?cat=1"},"img":{"alt_text":"","src":"","width":0,"height":0},"classes":[]},{"id":100234,"url":"https:\/\/www.24baires.com\/?p=100234","url_meta":{"origin":10759,"position":4},"title":"Hospital Posadas: M\u00e9dicos van al paro y marchar\u00e1n hacia el Ministerio de Salud","author":"GB","date":"30\/01\/2018","format":false,"excerpt":"Los trabajadores de la salud nucleados en Cicop comenzaron este martes una nueva medida de fuerza en todo el territorio bonaerense. Exigen la reincorporaci\u00f3n de los 122 empleados despedidos por el gobierno nacional. Profesionales de la salud bonaerense enrolados en Cicop comenzaron este martes una jornada provincial de lucha en\u2026","rel":"","context":"En \u00abProvincia\u00bb","block_context":{"text":"Provincia","link":"https:\/\/www.24baires.com\/?cat=40"},"img":{"alt_text":"","src":"https:\/\/i0.wp.com\/www.24baires.com\/wp-content\/uploads\/2018\/01\/marcha-posadas-1.jpg?resize=350%2C200","width":350,"height":200,"srcset":"https:\/\/i0.wp.com\/www.24baires.com\/wp-content\/uploads\/2018\/01\/marcha-posadas-1.jpg?resize=350%2C200 1x, https:\/\/i0.wp.com\/www.24baires.com\/wp-content\/uploads\/2018\/01\/marcha-posadas-1.jpg?resize=525%2C300 1.5x"},"classes":[]},{"id":104438,"url":"https:\/\/www.24baires.com\/?p=104438","url_meta":{"origin":10759,"position":5},"title":"El Gobierno ech\u00f3 a 80 trabajadores del Hospital Posadas","author":"GB","date":"13\/09\/2018","format":false,"excerpt":"MOR\u00d3N-La gesti\u00f3n de Macri avanz\u00f3 con una nueva ola de despidos. Los gremios calculan que en lo que va del a\u00f1o hubo 300 cesant\u00edas en la instituci\u00f3n. Sucede tras la eliminaci\u00f3n del Ministerio de Salud. Tras haber eliminado el Ministerio de Salud, convertido en secretar\u00eda, el Gobierno nacional ech\u00f3 a\u2026","rel":"","context":"En \u00abProvincia\u00bb","block_context":{"text":"Provincia","link":"https:\/\/www.24baires.com\/?cat=40"},"img":{"alt_text":"","src":"https:\/\/i0.wp.com\/www.24baires.com\/wp-content\/uploads\/2018\/01\/marcha-posadas-1.jpg?resize=350%2C200","width":350,"height":200,"srcset":"https:\/\/i0.wp.com\/www.24baires.com\/wp-content\/uploads\/2018\/01\/marcha-posadas-1.jpg?resize=350%2C200 1x, https:\/\/i0.wp.com\/www.24baires.com\/wp-content\/uploads\/2018\/01\/marcha-posadas-1.jpg?resize=525%2C300 1.5x"},"classes":[]}],"jetpack_sharing_enabled":true,"jetpack_likes_enabled":true,"_links":{"self":[{"href":"https:\/\/www.24baires.com\/index.php?rest_route=\/wp\/v2\/posts\/10759","targetHints":{"allow":["GET"]}}],"collection":[{"href":"https:\/\/www.24baires.com\/index.php?rest_route=\/wp\/v2\/posts"}],"about":[{"href":"https:\/\/www.24baires.com\/index.php?rest_route=\/wp\/v2\/types\/post"}],"author":[{"embeddable":true,"href":"https:\/\/www.24baires.com\/index.php?rest_route=\/wp\/v2\/users\/4"}],"replies":[{"embeddable":true,"href":"https:\/\/www.24baires.com\/index.php?rest_route=%2Fwp%2Fv2%2Fcomments&post=10759"}],"version-history":[{"count":3,"href":"https:\/\/www.24baires.com\/index.php?rest_route=\/wp\/v2\/posts\/10759\/revisions"}],"predecessor-version":[{"id":10805,"href":"https:\/\/www.24baires.com\/index.php?rest_route=\/wp\/v2\/posts\/10759\/revisions\/10805"}],"wp:attachment":[{"href":"https:\/\/www.24baires.com\/index.php?rest_route=%2Fwp%2Fv2%2Fmedia&parent=10759"}],"wp:term":[{"taxonomy":"category","embeddable":true,"href":"https:\/\/www.24baires.com\/index.php?rest_route=%2Fwp%2Fv2%2Fcategories&post=10759"},{"taxonomy":"post_tag","embeddable":true,"href":"https:\/\/www.24baires.com\/index.php?rest_route=%2Fwp%2Fv2%2Ftags&post=10759"}],"curies":[{"name":"wp","href":"https:\/\/api.w.org\/{rel}","templated":true}]}}