{"id":1074,"date":"2012-10-05T10:59:55","date_gmt":"2012-10-05T13:59:55","guid":{"rendered":"http:\/\/www.24baires.com\/?p=1074"},"modified":"2012-10-05T10:59:55","modified_gmt":"2012-10-05T13:59:55","slug":"curso-y-torneo-de-karate-en-trenque-lauquen-contara-con-importantes-visitas","status":"publish","type":"post","link":"https:\/\/www.24baires.com\/?p=1074","title":{"rendered":"Curso y torneo de karate en Trenque Lauquen contar\u00e1 con importantes visitas"},"content":{"rendered":"<p>Los d\u00edas 6 y 7 de octubre se realizar\u00e1 en Trenque Lauquen un curso Internacional de karate, con la destacada presencia de Shihan Gary Swain, proveniente de Estados Unidos, quien es 7\u00ba dan de karate e integrante del Comit\u00e9 T\u00e9cnico de la Federaci\u00f3n Internacional de Karate Shotokan.<!--more--><br \/>\nEste importante encuentro, que se realizar\u00e1 en el Polideportivo Municipal \u00abPoroto Ab\u00e1solo\u00bb, es organizado por la AKST (Asociaci\u00f3n de Karate Shotokan de Trenque Lauquen), presidida por el Sensei Eduardo Alonso, y para el mismo ya han comprometido su presencia delegaciones de distintas provincias como La rioja, C\u00f3rdoba, Chaco, Neuqu\u00e9n, Mendoza, Chubut, Buenos Aires, como as\u00ed de Capital Federal y una delegaci\u00f3n de Uruguay.<\/p>\n<p>Conjuntamente con este evento, y aprovechando la masiva presencia de las delegaciones, tambi\u00e9n se llevar\u00e1 a cabo un torneo, con participaci\u00f3n de las categor\u00edas promocionales el d\u00eda s\u00e1bado y de las categor\u00edas superiores el domingo. En esta tan importante jornada marcial tambi\u00e9n se rendir\u00e1n ex\u00e1menes de danes (cintur\u00f3n negro).<br \/>\nUn gran trabajo organizativo y de entrenamiento t\u00e9cnico se est\u00e1 llevando adelante para que el encuentro tenga el mayor de los \u00e9xitos.<\/p>\n<p>Por otra parte, el Sensei Eduardo Alonso estar\u00e1 participando este fin de semana en un curso internacional en la ciudad de Montevideo (Uruguay) con Shihan Fujinori Nakama.<br \/>\nTambi\u00e9n en el plano organizativo, el Dojo Ryokukan trabaja en los preparativos para el Mundial que se realizar\u00e1 durante los primeros d\u00edas de noviembre en Filipinas, y que contar\u00e1 con importante participaci\u00f3n de j\u00f3venes trenquelauquenses.<\/p>\n","protected":false},"excerpt":{"rendered":"<p>Los d\u00edas 6 y 7 de octubre se realizar\u00e1 en Trenque Lauquen un curso Internacional de karate, con la destacada presencia de Shihan Gary Swain, proveniente de Estados Unidos, quien es 7\u00ba dan de karate e integrante del Comit\u00e9 T\u00e9cnico de la Federaci\u00f3n Internacional de Karate Shotokan.<\/p>\n","protected":false},"author":4,"featured_media":0,"comment_status":"open","ping_status":"open","sticky":false,"template":"","format":"standard","meta":{"_jetpack_newsletter_access":"","_jetpack_dont_email_post_to_subs":false,"_jetpack_newsletter_tier_id":0,"_jetpack_memberships_contains_paywalled_content":false,"_jetpack_memberships_contains_paid_content":false,"footnotes":""},"categories":[1],"tags":[],"class_list":["post-1074","post","type-post","status-publish","format-standard","hentry","category-sociedad"],"jetpack_featured_media_url":"","jetpack_shortlink":"https:\/\/wp.me\/p2JWE0-hk","jetpack-related-posts":[{"id":114265,"url":"https:\/\/www.24baires.com\/?p=114265","url_meta":{"origin":1074,"position":0},"title":"El gobierno decret\u00f3 la emergencia agropecuaria en Trenque Lauquen y General Villegas","author":"GB","date":"02\/03\/2020","format":false,"excerpt":"El gobierno bonaerense public\u00f3 en el Bolet\u00edn Oficial la declaraci\u00f3n de emergencia en la zona norte de la provincia. La emergencia fue prorrogada para el partido de Trenque Lauquen. El gobierno de la Provincia decret\u00f3 el estado de emergencia agropecuaria en la zona de General Villegas y el partido de\u2026","rel":"","context":"En \u00abProvincia\u00bb","block_context":{"text":"Provincia","link":"https:\/\/www.24baires.com\/?cat=40"},"img":{"alt_text":"","src":"https:\/\/i0.wp.com\/www.24baires.com\/wp-content\/uploads\/2013\/01\/trenque-lauquen-inundado.png?resize=350%2C200","width":350,"height":200},"classes":[]},{"id":1654,"url":"https:\/\/www.24baires.com\/?p=1654","url_meta":{"origin":1074,"position":1},"title":"La Estaci\u00f3n Transformadora Norte ya est\u00e1 en marcha","author":"AF","date":"11\/10\/2012","format":false,"excerpt":"TRENQUE LAUQUEN - Fue inaugurada este mi\u00e9rcoles. El presidente del Consejo de Administraci\u00f3n de la Cooperativa de Electricidad, enfatiz\u00f3 en la administraci\u00f3n de los recursos y en la filosof\u00eda de la entidad. Qued\u00f3 inaugurada este mi\u00e9rcoles en Trenque Lauquen, la Estaci\u00f3n Transformadora Norte, obra de vital importancia para el crecimiento\u2026","rel":"","context":"En \u00abLocales\u00bb","block_context":{"text":"Locales","link":"https:\/\/www.24baires.com\/?cat=38"},"img":{"alt_text":"","src":"","width":0,"height":0},"classes":[]},{"id":101730,"url":"https:\/\/www.24baires.com\/?p=101730","url_meta":{"origin":1074,"position":2},"title":"Sesi\u00f3n por emergencia tarifaria termin\u00f3 con agresiones a ediles en Trenque Lauqen","author":"GB","date":"22\/04\/2018","format":false,"excerpt":"La primera sesi\u00f3n del a\u00f1o en el Concejo Deliberante de Trenque Lauquen termin\u00f3 ayer con una in\u00e9dita trifulca que incluy\u00f3 insultos y agresiones f\u00edsicas contra ediles de Cambiemos, luego de que esa fuerza pol\u00edtica frustrara la aprobaci\u00f3n de un proyecto de resoluci\u00f3n del kirchnerismo para declarar la emergencia tarifaria en\u2026","rel":"","context":"En \u00abMunicipios\u00bb","block_context":{"text":"Municipios","link":"https:\/\/www.24baires.com\/?cat=44"},"img":{"alt_text":"","src":"https:\/\/i0.wp.com\/www.24baires.com\/wp-content\/uploads\/2018\/04\/sesion-trenque-launquen-300x200.jpeg?resize=350%2C200","width":350,"height":200},"classes":[]},{"id":115501,"url":"https:\/\/www.24baires.com\/?p=115501","url_meta":{"origin":1074,"position":3},"title":"Trenque Lauquen aprob\u00f3 su propio impuesto a la riqueza","author":"GB","date":"30\/06\/2020","format":false,"excerpt":"El Concejo Deliberante apro\u00f3 una contribuci\u00f3n extraordinaria para las grandes fortunas. Los fondos recaudados ser\u00e1n utilizados para enfrentar la pandemia por coronavirus. \"Montar un centro extrahospitalario y que la gente est\u00e9 en buenas condiciones, sale plata\", argument\u00f3 el jefe comunal de Juntos por el Cambio, Miguel Fern\u00e1ndez. El distrito de\u2026","rel":"","context":"En \u00abMunicipios\u00bb","block_context":{"text":"Municipios","link":"https:\/\/www.24baires.com\/?cat=44"},"img":{"alt_text":"","src":"https:\/\/i0.wp.com\/www.24baires.com\/wp-content\/uploads\/2020\/06\/trenque-lauquen-300x188.jpg?resize=350%2C200","width":350,"height":200},"classes":[]},{"id":115721,"url":"https:\/\/www.24baires.com\/?p=115721","url_meta":{"origin":1074,"position":4},"title":"Confirman la llegada del Covid-19 a Pehuaj\u00f3","author":"GB","date":"23\/07\/2020","format":false,"excerpt":"El primero de los tres contagios confirmados ser\u00eda un penitenciario que contrajo la enfermedad en la unidad 20 de Trenque Lauquen A trav\u00e9s de su cuenta de Twitter, el intendente de Pehuaj\u00f3, Pablo Zurro, confirm\u00f3 que se identificaron 3 casos positivos de COVID-19 en ese distrito y adelant\u00f3 que este\u2026","rel":"","context":"En \u00abMunicipios\u00bb","block_context":{"text":"Municipios","link":"https:\/\/www.24baires.com\/?cat=44"},"img":{"alt_text":"","src":"https:\/\/i0.wp.com\/www.24baires.com\/wp-content\/uploads\/2020\/07\/intentente-pehuajo.jpg?resize=350%2C200","width":350,"height":200,"srcset":"https:\/\/i0.wp.com\/www.24baires.com\/wp-content\/uploads\/2020\/07\/intentente-pehuajo.jpg?resize=350%2C200 1x, https:\/\/i0.wp.com\/www.24baires.com\/wp-content\/uploads\/2020\/07\/intentente-pehuajo.jpg?resize=525%2C300 1.5x"},"classes":[]},{"id":763,"url":"https:\/\/www.24baires.com\/?p=763","url_meta":{"origin":1074,"position":5},"title":"\u00abScania Trenque Lauquen tendr\u00e1 est\u00e1ndares internacionales\u00bb","author":"Grupo Sierra","date":"01\/10\/2012","format":false,"excerpt":"Lo dijo el CEO de la empresa sueca en la Argentina, Jos\u00e9 Manucci, en di\u00e1logo que mantuvo con AM 1280 y FM 88.5 de esa localidad. El CEO de Scania Argentina, Jos\u00e9 Manucci, estuvo en Trenque Lauquen, para marcar el inicio de las obras de la sucursal que Automotores del\u2026","rel":"","context":"En \u00abLocales\u00bb","block_context":{"text":"Locales","link":"https:\/\/www.24baires.com\/?cat=38"},"img":{"alt_text":"","src":"","width":0,"height":0},"classes":[]}],"jetpack_sharing_enabled":true,"jetpack_likes_enabled":true,"_links":{"self":[{"href":"https:\/\/www.24baires.com\/index.php?rest_route=\/wp\/v2\/posts\/1074","targetHints":{"allow":["GET"]}}],"collection":[{"href":"https:\/\/www.24baires.com\/index.php?rest_route=\/wp\/v2\/posts"}],"about":[{"href":"https:\/\/www.24baires.com\/index.php?rest_route=\/wp\/v2\/types\/post"}],"author":[{"embeddable":true,"href":"https:\/\/www.24baires.com\/index.php?rest_route=\/wp\/v2\/users\/4"}],"replies":[{"embeddable":true,"href":"https:\/\/www.24baires.com\/index.php?rest_route=%2Fwp%2Fv2%2Fcomments&post=1074"}],"version-history":[{"count":0,"href":"https:\/\/www.24baires.com\/index.php?rest_route=\/wp\/v2\/posts\/1074\/revisions"}],"wp:attachment":[{"href":"https:\/\/www.24baires.com\/index.php?rest_route=%2Fwp%2Fv2%2Fmedia&parent=1074"}],"wp:term":[{"taxonomy":"category","embeddable":true,"href":"https:\/\/www.24baires.com\/index.php?rest_route=%2Fwp%2Fv2%2Fcategories&post=1074"},{"taxonomy":"post_tag","embeddable":true,"href":"https:\/\/www.24baires.com\/index.php?rest_route=%2Fwp%2Fv2%2Ftags&post=1074"}],"curies":[{"name":"wp","href":"https:\/\/api.w.org\/{rel}","templated":true}]}}