{"id":10725,"date":"2012-12-28T22:12:29","date_gmt":"2012-12-29T01:12:29","guid":{"rendered":"http:\/\/www.24baires.com\/?p=10725"},"modified":"2012-12-29T10:32:14","modified_gmt":"2012-12-29T13:32:14","slug":"casi-dos-mil-autos-por-hora-marchaban-por-la-autovia-dos-esta-tarde","status":"publish","type":"post","link":"https:\/\/www.24baires.com\/?p=10725","title":{"rendered":"Casi dos mil autos por hora marchaban por la Autov\u00eda Dos esta tarde"},"content":{"rendered":"<p><a href=\"http:\/\/www.24baires.com\/provincia\/325-cortan-la-ruta-2-en-reclamo-de-la-autonomia-de-quequen\/attachment\/corte-ruta-quequen\/\" rel=\"attachment wp-att-337\"><img data-recalc-dims=\"1\" loading=\"lazy\" decoding=\"async\" class=\"aligncenter size-full wp-image-337\" alt=\"corte ruta quequen\" src=\"https:\/\/i0.wp.com\/www.24baires.com\/wp-content\/uploads\/2012\/09\/corte-ruta-quequen.jpg?resize=560%2C419\" width=\"560\" height=\"419\" srcset=\"https:\/\/i0.wp.com\/www.24baires.com\/wp-content\/uploads\/2012\/09\/corte-ruta-quequen.jpg?w=560&amp;ssl=1 560w, https:\/\/i0.wp.com\/www.24baires.com\/wp-content\/uploads\/2012\/09\/corte-ruta-quequen.jpg?resize=300%2C224&amp;ssl=1 300w\" sizes=\"auto, (max-width: 560px) 100vw, 560px\" \/><\/a><\/p>\n<p>Un gran caudal de tr\u00e1nsito se registraba en las salidas de la ciudad de Buenos Aires, a ra\u00edz de las miles de personas que viajan para pasar las fiestas en distintas ciudades del pa\u00eds, lo que genera que en la Autov\u00eda Dos se registr\u00f3 el paso de 1.900 autom\u00f3viles por hora.<!--more--><\/p>\n<p>En la autopista Buenos Aires-La Plata se registraban esta tarde algunas demoras, las cuales se intensificaban en el ingreso a la Ruta 2, donde se observaba un panorama de tr\u00e1nsito vehicular muy cargado.<\/p>\n<p>En el bajo porte\u00f1o se registraban demoras en la zona de la terminal de micros de Retiro, por el intenso movimiento de unidades de larga distancia que esperaban en las inmediaciones de la zona portuaria para ingresar.<\/p>\n<p>En la avenidas Huergo y Madero hab\u00eda mucho transito de camiones en ambos sentidos y la avenida 9 de Julio presentaba demoras en ambos sentidos, hacia el puente Pueyrred\u00f3n y hacia el norte con el enlace de autopista Illia.<br \/>\nLa Autopista Illia ten\u00edan retrasos en el ingreso a la avenida Costanera desde la avenida Salguero igual panorama con la avenida Cantilo.<\/p>\n<p>Se registraban demoras en la Autopista La Plata desde Sarandi y Dock Sud hasta el peaje Hudson y en el ingreso a la Ruta 2<br \/>\nEn la autopista 25 de mayo hab\u00eda marcha intensa en el enlace con autopista La Plata Buenos Aires con destino a la costa, mano a Liniers muy lenta en todo su recorrido.<\/p>\n<p>La avenida General Paz esta trabada en la mano al Riachuelo, y desde Cantilo, mano a R\u00edo de La Plata, mientras que esta cargada desde Devoto a Saavedra.<\/p>\n<p>La autopista Dellepiane, presentaba demoras desde el peaje hasta Mataderos, sentido Ricchieri y la Panamericana ten\u00eda un intenso caudal vehicular con demoras en las salidas Buen Ayre, ruta 202 en Don Torcuato y ruta 197 en Pacheco.<br \/>\nAutopista del Oeste se presentaba muy cargada en ambos sentidos y demoras desde y hacia Luj\u00e1n.<\/p>\n<p>Vialidad Nacional record\u00f3 que rige desde las 18 la restricci\u00f3n a la circulaci\u00f3n de los veh\u00edculos de camiones por las rutas nacionales. la restricci\u00f3n rige hoy de 18 a 23.59, ma\u00f1ana de 8 a 14, el martes de 18 a 23.59 y el mi\u00e9rcoles desde las 8 hasta las 14.<\/p>\n","protected":false},"excerpt":{"rendered":"<p>Un gran caudal de tr\u00e1nsito se registraba en las salidas de la ciudad de Buenos Aires, a ra\u00edz de las miles de personas que viajan para pasar las fiestas en distintas ciudades del pa\u00eds, lo que genera que en la Autov\u00eda Dos se registr\u00f3 el paso de 1.900 autom\u00f3viles por hora.<\/p>\n","protected":false},"author":11,"featured_media":0,"comment_status":"open","ping_status":"open","sticky":false,"template":"","format":"standard","meta":{"_jetpack_newsletter_access":"","_jetpack_dont_email_post_to_subs":false,"_jetpack_newsletter_tier_id":0,"_jetpack_memberships_contains_paywalled_content":false,"_jetpack_memberships_contains_paid_content":false,"footnotes":""},"categories":[1],"tags":[],"class_list":["post-10725","post","type-post","status-publish","format-standard","hentry","category-sociedad"],"jetpack_featured_media_url":"","jetpack_shortlink":"https:\/\/wp.me\/p2JWE0-2MZ","jetpack-related-posts":[{"id":116966,"url":"https:\/\/www.24baires.com\/?p=116966","url_meta":{"origin":10725,"position":0},"title":"M\u00e1s de 2.200 veh\u00edculos por hora se dirigen a la Costa Atl\u00e1ntica","author":"GB","date":"31\/12\/2020","format":false,"excerpt":"Son datos de AUBASA quien adem\u00e1s detall\u00f3 que se trata de un tr\u00e1nsito intenso sobre todo en zona de Gral. Conesa. Seg\u00fan registros de Autopistas de Buenos Aires (AUBASA), hasta las 8 horas pasaban 2.250 autos por hora por el peaje de Samboromb\u00f3n en Autov\u00eda 2, 700 por Maip\u00fa en\u2026","rel":"","context":"En \u00abSociedad\u00bb","block_context":{"text":"Sociedad","link":"https:\/\/www.24baires.com\/?cat=1"},"img":{"alt_text":"","src":"https:\/\/i0.wp.com\/www.24baires.com\/wp-content\/uploads\/2013\/06\/autos-finde-largo-junio-300x199.jpg?resize=350%2C200","width":350,"height":200},"classes":[]},{"id":15188,"url":"https:\/\/www.24baires.com\/?p=15188","url_meta":{"origin":10725,"position":1},"title":"Un gran caudal de veh\u00edculos transita las rutas en direcci\u00f3n a la Costa","author":"AF","date":"09\/02\/2013","format":false,"excerpt":"La Ruta 2 registraba un promedio de 2.100 veh\u00edculos por hora y un cuadro similar se registraba en otras autov\u00edas. El Gobierno espera que unas dos millones de personas se movilicen por el pa\u00eds durante el receso del Carnaval. Importantes demoras para llegar a la Costa. Las autopistas Panamericana y\u2026","rel":"","context":"En \u00abSociedad\u00bb","block_context":{"text":"Sociedad","link":"https:\/\/www.24baires.com\/?cat=1"},"img":{"alt_text":"","src":"","width":0,"height":0},"classes":[]},{"id":10780,"url":"https:\/\/www.24baires.com\/?p=10780","url_meta":{"origin":10725,"position":2},"title":"Picos de 2.900 autos por hora recorriendo las rutas bonaerense hacia la Costa Atl\u00e1ntica","author":"AF","date":"29\/12\/2012","format":false,"excerpt":"Cerca del mediod\u00eda se registraba un intenso movimiento, con una m\u00ednima merma en la frecuencia de autom\u00f3viles respecto de las primeras horas del d\u00eda, inform\u00f3 el vocero de Vialidad Nacional. \"Sobre la ruta 2 hay una disminuci\u00f3n en la frecuencia de veh\u00edculos que pas\u00f3 de m\u00e1s de 2.100 en las\u2026","rel":"","context":"En \u00abSociedad\u00bb","block_context":{"text":"Sociedad","link":"https:\/\/www.24baires.com\/?cat=1"},"img":{"alt_text":"ruta finde","src":"https:\/\/i0.wp.com\/www.24baires.com\/wp-content\/uploads\/2012\/12\/ruta-finde.jpg?resize=350%2C200","width":350,"height":200},"classes":[]},{"id":19591,"url":"https:\/\/www.24baires.com\/?p=19591","url_meta":{"origin":10725,"position":3},"title":"Vecinos de Castelli cortaron la Ruta 2 en pleno \u00e9xodo tur\u00edstico","author":"Grupo Sierra","date":"28\/03\/2013","format":false,"excerpt":"Una cincuentena de habitantes de la localidad bonaerense de Castelli obstruyeron este mediod\u00eda, parcialmente, el tr\u00e1nsito sobre la Autov\u00eda 2, en direcci\u00f3n a la costa Atl\u00e1ntica para protestar por el fallecimiento de una persona ocurrido en ese lugar hace 15 d\u00edas. Se registraron demoras de tr\u00e1nsito en la zona. \u00a0\u2026","rel":"","context":"En \u00abLocales\u00bb","block_context":{"text":"Locales","link":"https:\/\/www.24baires.com\/?cat=38"},"img":{"alt_text":"castelli corte","src":"https:\/\/i0.wp.com\/www.24baires.com\/wp-content\/uploads\/2013\/03\/castelli-corte-300x190.jpg?resize=350%2C200","width":350,"height":200},"classes":[]},{"id":63432,"url":"https:\/\/www.24baires.com\/?p=63432","url_meta":{"origin":10725,"position":4},"title":"Comenz\u00f3 el \u00e9xodo tur\u00edstico: m\u00e1s de 2.200 autos por hora circulan hacia la Costa","author":"GB","date":"20\/03\/2015","format":false,"excerpt":"Unos 2.200 veh\u00edculos por hora circulaban esta tarde por la autov\u00eda 2 en sentido a la Costa Atl\u00e1ntica por lo que el tr\u00e1nsito se desplazaba con normalidad y sin demoras en el inicio del fin de semana largo por los feriados del 23 y 24 de marzo, inform\u00f3 La Direcci\u00f3n\u2026","rel":"","context":"En \u00abTurismo\u00bb","block_context":{"text":"Turismo","link":"https:\/\/www.24baires.com\/?cat=69"},"img":{"alt_text":"autos finde largo junio","src":"https:\/\/i0.wp.com\/www.24baires.com\/wp-content\/uploads\/2013\/06\/autos-finde-largo-junio.jpg?resize=350%2C200","width":350,"height":200,"srcset":"https:\/\/i0.wp.com\/www.24baires.com\/wp-content\/uploads\/2013\/06\/autos-finde-largo-junio.jpg?resize=350%2C200 1x, https:\/\/i0.wp.com\/www.24baires.com\/wp-content\/uploads\/2013\/06\/autos-finde-largo-junio.jpg?resize=525%2C300 1.5x"},"classes":[]},{"id":101346,"url":"https:\/\/www.24baires.com\/?p=101346","url_meta":{"origin":10725,"position":5},"title":"Finde XXL: mil autos por hora circulan hacia Mar del Plata","author":"GB","date":"29\/03\/2018","format":false,"excerpt":"Las rutas a la Costa registran un tr\u00e1nsito similar al de un cambio de quincena en plena temporada de verano En el arranque de este fin de semana largo de Pascuas, las rutas a la Costa registran un tr\u00e1nsito similar al de un cambio de quincena en plena temporada de\u2026","rel":"","context":"En \u00abSociedad\u00bb","block_context":{"text":"Sociedad","link":"https:\/\/www.24baires.com\/?cat=1"},"img":{"alt_text":"","src":"https:\/\/i0.wp.com\/www.24baires.com\/wp-content\/uploads\/2013\/06\/autos-finde-largo-junio-300x199.jpg?resize=350%2C200","width":350,"height":200},"classes":[]}],"jetpack_sharing_enabled":true,"jetpack_likes_enabled":true,"_links":{"self":[{"href":"https:\/\/www.24baires.com\/index.php?rest_route=\/wp\/v2\/posts\/10725","targetHints":{"allow":["GET"]}}],"collection":[{"href":"https:\/\/www.24baires.com\/index.php?rest_route=\/wp\/v2\/posts"}],"about":[{"href":"https:\/\/www.24baires.com\/index.php?rest_route=\/wp\/v2\/types\/post"}],"author":[{"embeddable":true,"href":"https:\/\/www.24baires.com\/index.php?rest_route=\/wp\/v2\/users\/11"}],"replies":[{"embeddable":true,"href":"https:\/\/www.24baires.com\/index.php?rest_route=%2Fwp%2Fv2%2Fcomments&post=10725"}],"version-history":[{"count":3,"href":"https:\/\/www.24baires.com\/index.php?rest_route=\/wp\/v2\/posts\/10725\/revisions"}],"predecessor-version":[{"id":10748,"href":"https:\/\/www.24baires.com\/index.php?rest_route=\/wp\/v2\/posts\/10725\/revisions\/10748"}],"wp:attachment":[{"href":"https:\/\/www.24baires.com\/index.php?rest_route=%2Fwp%2Fv2%2Fmedia&parent=10725"}],"wp:term":[{"taxonomy":"category","embeddable":true,"href":"https:\/\/www.24baires.com\/index.php?rest_route=%2Fwp%2Fv2%2Fcategories&post=10725"},{"taxonomy":"post_tag","embeddable":true,"href":"https:\/\/www.24baires.com\/index.php?rest_route=%2Fwp%2Fv2%2Ftags&post=10725"}],"curies":[{"name":"wp","href":"https:\/\/api.w.org\/{rel}","templated":true}]}}