{"id":10720,"date":"2012-12-28T18:45:34","date_gmt":"2012-12-28T21:45:34","guid":{"rendered":"http:\/\/www.24baires.com\/?p=10720"},"modified":"2012-12-28T20:50:17","modified_gmt":"2012-12-28T23:50:17","slug":"prohibido-protestar-casal-interpuso-un-amparo-para-evitar-cortes-de-rutas","status":"publish","type":"post","link":"https:\/\/www.24baires.com\/?p=10720","title":{"rendered":"Prohibido Protestar: Casal interpuso un amparo para evitar cortes de rutas"},"content":{"rendered":"<p>La justicia resolvi\u00f3 hoy hacer lugar a la medida cautelar presentada por el Ministro de Justicia y Seguridad, Ricardo Casal disponiendo la prohibici\u00f3n de cortes totales y\/o parciales de las calzadas de las rutas 2 y 11 en ambos sentidos de circulaci\u00f3n.<!--more--><\/p>\n<p>Orden\u00f3 asimismo que la Polic\u00eda tome las medidas estrictamente necesarias a fin de evitar el corte y\/o reducci\u00f3n de velocidad de usuarios en las mencionadas arterias interurbanas.<\/p>\n","protected":false},"excerpt":{"rendered":"<p>La justicia resolvi\u00f3 hoy hacer lugar a la medida cautelar presentada por el Ministro de Justicia y Seguridad, Ricardo Casal disponiendo la prohibici\u00f3n de cortes totales y\/o parciales de las calzadas de las rutas 2 y 11 en ambos sentidos de circulaci\u00f3n.<\/p>\n","protected":false},"author":11,"featured_media":0,"comment_status":"open","ping_status":"open","sticky":false,"template":"","format":"standard","meta":{"_jetpack_newsletter_access":"","_jetpack_dont_email_post_to_subs":false,"_jetpack_newsletter_tier_id":0,"_jetpack_memberships_contains_paywalled_content":false,"_jetpack_memberships_contains_paid_content":false,"footnotes":""},"categories":[40],"tags":[],"class_list":["post-10720","post","type-post","status-publish","format-standard","hentry","category-provincia"],"jetpack_featured_media_url":"","jetpack_shortlink":"https:\/\/wp.me\/p2JWE0-2MU","jetpack-related-posts":[{"id":18075,"url":"https:\/\/www.24baires.com\/?p=18075","url_meta":{"origin":10720,"position":0},"title":"Casal volvi\u00f3 a reclamarle a la Corte por la Ley de Excarcelaciones","author":"AF","date":"11\/03\/2013","format":false,"excerpt":"Tras el brutal asesinato del rugbier platense y la kiosquera de Jun\u00edn, el ministro de Justicia y Seguridad bonaerense, Ricardo Casal volvi\u00f3 a criticar a la corte provincial por haber suspendido la aplicaci\u00f3n de la Ley que limita excarcelaciones por tenencia de arma ilegal. El ministro de Justicia y Seguridad,\u2026","rel":"","context":"En \u00abPol\u00edtica\u00bb","block_context":{"text":"Pol\u00edtica","link":"https:\/\/www.24baires.com\/?cat=51"},"img":{"alt_text":"scioli casal armas","src":"https:\/\/i0.wp.com\/www.24baires.com\/wp-content\/uploads\/2013\/02\/scioli-casal-armas.jpg?resize=350%2C200","width":350,"height":200,"srcset":"https:\/\/i0.wp.com\/www.24baires.com\/wp-content\/uploads\/2013\/02\/scioli-casal-armas.jpg?resize=350%2C200 1x, https:\/\/i0.wp.com\/www.24baires.com\/wp-content\/uploads\/2013\/02\/scioli-casal-armas.jpg?resize=525%2C300 1.5x"},"classes":[]},{"id":53142,"url":"https:\/\/www.24baires.com\/?p=53142","url_meta":{"origin":10720,"position":1},"title":"Casal vuelve a la regularizaci\u00f3n de las protestas","author":"Grupo Sierra","date":"05\/09\/2014","format":false,"excerpt":"MAR DEL PLATA- El ministro de Justicia bonaerense consider\u00f3 hoy que se deber\u00e1 debatir una \"ley que regule la protesta\", al hacer referencia a los incidentes que se produjeron por los desalojos de manifestantes en las Autopista Panamericana y en otras rutas provinciales. \"Las protestas son un derecho constitucional pero\u2026","rel":"","context":"En \u00abSociedad\u00bb","block_context":{"text":"Sociedad","link":"https:\/\/www.24baires.com\/?cat=1"},"img":{"alt_text":"casal ricardo","src":"https:\/\/i0.wp.com\/www.24baires.com\/wp-content\/uploads\/2013\/03\/casal-ricardo.jpg?resize=350%2C200","width":350,"height":200,"srcset":"https:\/\/i0.wp.com\/www.24baires.com\/wp-content\/uploads\/2013\/03\/casal-ricardo.jpg?resize=350%2C200 1x, https:\/\/i0.wp.com\/www.24baires.com\/wp-content\/uploads\/2013\/03\/casal-ricardo.jpg?resize=525%2C300 1.5x"},"classes":[]},{"id":33772,"url":"https:\/\/www.24baires.com\/?p=33772","url_meta":{"origin":10720,"position":2},"title":"Falbo y Casal inauguraron nueva dependencia judicial para Castelli","author":"AF","date":"19\/10\/2013","format":false,"excerpt":"El ministro de Justicia bonaerense, Ricardo Casal, la Procuradora General de la Suprema Corte de Justicia, Mar\u00eda del Carmen Falbo y el intendente de Castelli, Francisco Echarren, inauguraron este viernes la nueva ayudant\u00eda fiscal de esa ciudad. \u201cEl intendente pidi\u00f3 tener una ayudant\u00eda fiscal para que los vecinos est\u00e9n m\u00e1s\u2026","rel":"","context":"En \u00abLocales\u00bb","block_context":{"text":"Locales","link":"https:\/\/www.24baires.com\/?cat=38"},"img":{"alt_text":"","src":"","width":0,"height":0},"classes":[]},{"id":429,"url":"https:\/\/www.24baires.com\/?p=429","url_meta":{"origin":10720,"position":3},"title":"Ahora Casal dice que investigar\u00e1 a los polic\u00edas involucrados en el crimen de Candela","author":"Grupo Sierra","date":"25\/09\/2012","format":false,"excerpt":"El ministro de Justicia y Seguridad inform\u00f3 que intervendr\u00e1 Asuntos Internos para \"iniciar los sumarios e investigaciones sumariales a cada uno de los funcionarios sindicados\u201d en el informe de la Comisi\u00f3n Candela del Senado, incluido el jefe de la Bonaerense, Hugo Matzkin. Aunque el gobernador Daniel Scioli sigue sin pronunciarse\u2026","rel":"","context":"En \u00abProvincia\u00bb","block_context":{"text":"Provincia","link":"https:\/\/www.24baires.com\/?cat=40"},"img":{"alt_text":"","src":"https:\/\/i0.wp.com\/www.24baires.com\/wp-content\/uploads\/2012\/09\/casal-ricardo.jpg?resize=350%2C200","width":350,"height":200,"srcset":"https:\/\/i0.wp.com\/www.24baires.com\/wp-content\/uploads\/2012\/09\/casal-ricardo.jpg?resize=350%2C200 1x, https:\/\/i0.wp.com\/www.24baires.com\/wp-content\/uploads\/2012\/09\/casal-ricardo.jpg?resize=525%2C300 1.5x"},"classes":[]},{"id":11845,"url":"https:\/\/www.24baires.com\/?p=11845","url_meta":{"origin":10720,"position":4},"title":"Legisladores bonaerenses piden interpelar al ministro de Seguridad Ricardo Casal","author":"AF","date":"11\/01\/2013","format":false,"excerpt":"El bloque de Diputados y Senadores bonaerenses del Frente Amplio Progresista (FAP) pidi\u00f3 este viernes en conferencia de prensa la interpelaci\u00f3n al ministro de Justicia y Seguridad de la provincia de Buenos Aires, Ricardo Casal. \u201cHemos decidido requerir la interpelaci\u00f3n del ministro en la C\u00e1mara de Diputados para que de\u2026","rel":"","context":"En \u00abPol\u00edtica\u00bb","block_context":{"text":"Pol\u00edtica","link":"https:\/\/www.24baires.com\/?cat=51"},"img":{"alt_text":"","src":"","width":0,"height":0},"classes":[]},{"id":25550,"url":"https:\/\/www.24baires.com\/?p=25550","url_meta":{"origin":10720,"position":5},"title":"Hay 3 polic\u00edas desafectados por la muerte del hincha de Lan\u00fas. Lo mat\u00f3 una bala de goma","author":"Grupo Sierra","date":"10\/06\/2013","format":false,"excerpt":"LA PLATA.- El ministro de seguridad de la provincia, Ricardo Casal, desafect\u00f3 a tres polic\u00edas de la Bonaerense y orden\u00f3 su detenci\u00f3n a ra\u00edz de los episodios de violencia en la previa del partido entre Estudiantes y Lan\u00fas que ocasionaron la muerte de Javier Jerez, un supuesto barra del \u201cGranate\u201d,\u2026","rel":"","context":"En \u00abPoliciales\u00bb","block_context":{"text":"Policiales","link":"https:\/\/www.24baires.com\/?cat=49"},"img":{"alt_text":"estudiantes_lanus_3_cermele_10062013_aa_82799","src":"https:\/\/i0.wp.com\/www.24baires.com\/wp-content\/uploads\/2013\/06\/estudiantes_lanus_3_cermele_10062013_aa_82799.jpg?resize=350%2C200","width":350,"height":200,"srcset":"https:\/\/i0.wp.com\/www.24baires.com\/wp-content\/uploads\/2013\/06\/estudiantes_lanus_3_cermele_10062013_aa_82799.jpg?resize=350%2C200 1x, https:\/\/i0.wp.com\/www.24baires.com\/wp-content\/uploads\/2013\/06\/estudiantes_lanus_3_cermele_10062013_aa_82799.jpg?resize=525%2C300 1.5x"},"classes":[]}],"jetpack_sharing_enabled":true,"jetpack_likes_enabled":true,"_links":{"self":[{"href":"https:\/\/www.24baires.com\/index.php?rest_route=\/wp\/v2\/posts\/10720","targetHints":{"allow":["GET"]}}],"collection":[{"href":"https:\/\/www.24baires.com\/index.php?rest_route=\/wp\/v2\/posts"}],"about":[{"href":"https:\/\/www.24baires.com\/index.php?rest_route=\/wp\/v2\/types\/post"}],"author":[{"embeddable":true,"href":"https:\/\/www.24baires.com\/index.php?rest_route=\/wp\/v2\/users\/11"}],"replies":[{"embeddable":true,"href":"https:\/\/www.24baires.com\/index.php?rest_route=%2Fwp%2Fv2%2Fcomments&post=10720"}],"version-history":[{"count":2,"href":"https:\/\/www.24baires.com\/index.php?rest_route=\/wp\/v2\/posts\/10720\/revisions"}],"predecessor-version":[{"id":10723,"href":"https:\/\/www.24baires.com\/index.php?rest_route=\/wp\/v2\/posts\/10720\/revisions\/10723"}],"wp:attachment":[{"href":"https:\/\/www.24baires.com\/index.php?rest_route=%2Fwp%2Fv2%2Fmedia&parent=10720"}],"wp:term":[{"taxonomy":"category","embeddable":true,"href":"https:\/\/www.24baires.com\/index.php?rest_route=%2Fwp%2Fv2%2Fcategories&post=10720"},{"taxonomy":"post_tag","embeddable":true,"href":"https:\/\/www.24baires.com\/index.php?rest_route=%2Fwp%2Fv2%2Ftags&post=10720"}],"curies":[{"name":"wp","href":"https:\/\/api.w.org\/{rel}","templated":true}]}}