{"id":10715,"date":"2012-12-28T20:15:56","date_gmt":"2012-12-28T23:15:56","guid":{"rendered":"http:\/\/www.24baires.com\/?p=10715"},"modified":"2012-12-28T20:16:03","modified_gmt":"2012-12-28T23:16:03","slug":"un-nuevo-exodo-por-el-ano-nuevo-colma-de-pasajeros-las-estaciones-de-micros-y-aereas","status":"publish","type":"post","link":"https:\/\/www.24baires.com\/?p=10715","title":{"rendered":"Un nuevo \u00e9xodo por el A\u00f1o Nuevo colma de pasajeros las estaciones de micros y a\u00e9reas"},"content":{"rendered":"<p><a href=\"http:\/\/www.24baires.com\/?attachment_id=10716\" rel=\"attachment wp-att-10716\"><img data-recalc-dims=\"1\" loading=\"lazy\" decoding=\"async\" class=\"aligncenter size-full wp-image-10716\" alt=\"exodo dic 2012\" src=\"https:\/\/i0.wp.com\/www.24baires.com\/wp-content\/uploads\/2012\/12\/exodo-dic-2012.jpg?resize=560%2C373\" width=\"560\" height=\"373\" srcset=\"https:\/\/i0.wp.com\/www.24baires.com\/wp-content\/uploads\/2012\/12\/exodo-dic-2012.jpg?w=560&amp;ssl=1 560w, https:\/\/i0.wp.com\/www.24baires.com\/wp-content\/uploads\/2012\/12\/exodo-dic-2012.jpg?resize=300%2C199&amp;ssl=1 300w\" sizes=\"auto, (max-width: 560px) 100vw, 560px\" \/><\/a><\/p>\n<p>La terminal de \u00f3mnibus de Retiro y las estaciones a\u00e9reas, se vieron colmadas de personas a punto de viajar para pasar las fiestas de a\u00f1o nuevo en los distintos centros tur\u00edsticos o bien para iniciar sus vacaciones.<!--more--><\/p>\n<p>En Retiro, las empresas de transporte debieron adicionar 600 servicios para hoy, lo que super\u00f3 tambi\u00e9n en un 10% el movimiento que hubo en el 2011 para esta fecha, mientras que los destinos mas elegidos fueron el Litoral, que reuni\u00f3 el 20% de los destinos, y la Costa Atl\u00e1ntica bonaerense, con el 17, inform\u00f3 una fuente de la Comisi\u00f3n Nacional de Regulaci\u00f3n del Transporte (CNRT).<\/p>\n<p>Muchos turistas aprovecharon las fiestas de fin de a\u00f1o para iniciar sus vacaciones, lo que se vio reflejado en el alto nivel de reservas hoteleras de al menos una semana, existente en localidades de la costa atl\u00e1ntica y en las principales ciudades del interior del pa\u00eds.<\/p>\n<p>En este sentido, el Ministerio de Turismo de la Naci\u00f3n estim\u00f3 que habr\u00e1 30 millones de arribos a los distintos destinos durante la temporada veraniega, lo que equivale a un incremento del 10% respecto a la temporada 2011-2012.<\/p>\n<p>\u00abEsperamos un muy buen movimiento tur\u00edstico para la temporada estival. Los n\u00fameros nos estar\u00edan dando un aumento entre el 9 y el 10 por ciento respecto al mismo periodo 2011\/2012 que fue muy buena\u00bb, dijo el ministro Enrique Meyer.<\/p>\n<p>La cartera destac\u00f3 que en el verano 2012, los arribos alcanzaron los 27,3 millones, un 4,4 por ciento m\u00e1s que en el 2011 y que en relaci\u00f3n a 2003, el crecimiento fue del 56 por ciento.<\/p>\n<p>El presidente del Ente Municipal de Turismo de Mar del Plata, Pablo Fern\u00e1ndez, manifest\u00f3 que \u00abla expectativa para esta temporada es buena, ya que al d\u00eda de hoy tenemos -en el orden de las reservas de casas y departamentos- un nivel de alquileres similar al a\u00f1o pasado\u00bb.<\/p>\n<p>\u00abRecordando que el a\u00f1o anterior tuvimos un buen a\u00f1o, somos optimistas y tenemos expectativas en relaci\u00f3n a la demanda espont\u00e1nea -Mar del Plata presenta muchos casos en ese segmento- y que mejore mucho esos n\u00fameros\u00bb, dijo Fern\u00e1ndez.<\/p>\n<p>El flujo de autom\u00f3viles comenzaba a incrementarse esta tarde en las salidas de la ciudad de Buenos Aires, donde se estimaba que para esta noche podr\u00eda pasar los 2500 autos por hora, en especial en la autov\u00eda dos, informaron fuentes policiales.<\/p>\n<p>En la provincia de Buenos Aires, las reservas hoteleras \u00absuperan el 75%\u00bb, de acuerdo al relevamiento efectuado en los principales centros tur\u00edsticos, inform\u00f3 la secretar\u00eda de Turismo bonaerense.<\/p>\n<p>El secretario del \u00e1rea, Ignacio Crotto, dijo que los turistas aprovechar\u00e1n las fiestas de Fin de A\u00f1o \u00abpara una mini estad\u00eda de descanso\u00bb y agreg\u00f3 que \u00abal estar un promedio de cinco o seis d\u00edas se inclinan preferentemente por hoteler\u00eda de alta categor\u00eda\u00bb.<\/p>\n<p>El Partido de La Costa tiene un promedio general de reservas superior al 60%, mientras que en Pinamar los hoteles de alta categor\u00eda son los m\u00e1s elegidos por los turistas.<\/p>\n<p>All\u00ed, las hoster\u00edas registran 95% de reservas; los aparts est\u00e1n por encima del 90%; los de cuatro estrellas est\u00e1n en el orden del 85% y los de tres, por arriba del 70%. En esta l\u00ednea, el balneario de Villa Gesell promedia el 85% de reservas.<\/p>\n<p>Miramar tiene alentadoras expectativas para la celebraci\u00f3n de A\u00f1o Nuevo, y esperan que el tradicional espect\u00e1culo de fuegos artificiales convoque a un n\u00famero importante de turistas.<\/p>\n<p>Monte Hermoso exhibe un promedio general del 60% de reservas y la hoteler\u00eda de dos estrellas tiene su capacidad colmada, mientras que Tandil muestra un 95% de reservas, y estiman arribar a niveles de \u00abocupaci\u00f3n plena\u00bb.<\/p>\n<p>En Tornquist las reservas var\u00edan entre un 50% y 60%, y existe un importante \u00edndice de consultas.<\/p>\n<p>En la regi\u00f3n de r\u00edos y lagunas, Chascom\u00fas registra un 82% de plazas ocupadas en el rubro caba\u00f1as mientras que el segmento hotelero es del 50%.<\/p>\n<p>Por su parte, Tigre supera el 70% de ocupaci\u00f3n, Jun\u00edn registra reservas completas hasta el 20 de enero y Lobos indica un 90%, mientras que Campana se encuentra en el orden del 70%.<\/p>\n<p>Tambi\u00e9n el balneario de Las Grutas, en la provincia de R\u00edo Negro, fue otro de los lugares m\u00e1s elegidos para pasar el fin de a\u00f1o y contaba con un 60% de sus plazas hoteleras reservadas.<\/p>\n","protected":false},"excerpt":{"rendered":"<p>La terminal de \u00f3mnibus de Retiro y las estaciones a\u00e9reas, se vieron colmadas de personas a punto de viajar para pasar las fiestas de a\u00f1o nuevo en los distintos centros tur\u00edsticos o bien para iniciar sus vacaciones.<\/p>\n","protected":false},"author":11,"featured_media":0,"comment_status":"open","ping_status":"open","sticky":false,"template":"","format":"standard","meta":{"_jetpack_newsletter_access":"","_jetpack_dont_email_post_to_subs":false,"_jetpack_newsletter_tier_id":0,"_jetpack_memberships_contains_paywalled_content":false,"_jetpack_memberships_contains_paid_content":false,"footnotes":""},"categories":[1],"tags":[],"class_list":["post-10715","post","type-post","status-publish","format-standard","hentry","category-sociedad"],"jetpack_featured_media_url":"","jetpack_shortlink":"https:\/\/wp.me\/p2JWE0-2MP","jetpack-related-posts":[{"id":37386,"url":"https:\/\/www.24baires.com\/?p=37386","url_meta":{"origin":10715,"position":0},"title":"Villa Gesell colmada de turistas","author":"Grupo Sierra","date":"24\/12\/2013","format":false,"excerpt":"El secretario de Turismo local, Walter Fonte, asegur\u00f3 que \u201clas plazas est\u00e1n casi completas\u201d y se refiri\u00f3 a la nueva modalidad tur\u00edstica de salir de vacaciones por cinco d\u00edas. El secretario de Turismo de Villa Gesell, Walter Fonte, destac\u00f3 el movimiento tur\u00edstico para las Fiestas de Navidad y Fin de\u2026","rel":"","context":"En \u00abLocales\u00bb","block_context":{"text":"Locales","link":"https:\/\/www.24baires.com\/?cat=38"},"img":{"alt_text":"","src":"","width":0,"height":0},"classes":[]},{"id":28268,"url":"https:\/\/www.24baires.com\/?p=28268","url_meta":{"origin":10715,"position":1},"title":"M\u00e1s de 2 millones de autos y 7300 micros por las rutas del pa\u00eds en el inicio de las vacaciones","author":"Grupo Sierra","date":"14\/07\/2013","format":false,"excerpt":"M\u00e1s de dos millones de veh\u00edculos se movilizaron este fin de semana hacia puntos tur\u00edsticos del pa\u00eds en el inicio de las vacaciones de invierno, mientras que el aeroparque metropolitano tuvo un intenso movimiento y 7.300 \u00f3mnibus partieron desde Retiro. \"Entre el viernes, el s\u00e1bado y el domingo se movilizaron\u2026","rel":"","context":"En \u00abTurismo\u00bb","block_context":{"text":"Turismo","link":"https:\/\/www.24baires.com\/?cat=69"},"img":{"alt_text":"","src":"","width":0,"height":0},"classes":[]},{"id":26761,"url":"https:\/\/www.24baires.com\/?p=26761","url_meta":{"origin":10715,"position":2},"title":"Importante movimiento en centros tur\u00edsticos bonaerenses","author":"AF","date":"24\/06\/2013","format":false,"excerpt":"Los destinos tur\u00edsticos de la provincia de Buenos Aires recibieron este fin de semana largo un gran caudal de visitantes desde distintos puntos del pa\u00eds, con ocupaci\u00f3n plena en la regi\u00f3n de las sierras y altos niveles en la Costa Atl\u00e1ntica. \u201cLos n\u00fameros fueron muy buenos, se moviliz\u00f3 mucha gente\u2026","rel":"","context":"En \u00abProvincia\u00bb","block_context":{"text":"Provincia","link":"https:\/\/www.24baires.com\/?cat=40"},"img":{"alt_text":"","src":"","width":0,"height":0},"classes":[]},{"id":19712,"url":"https:\/\/www.24baires.com\/?p=19712","url_meta":{"origin":10715,"position":3},"title":"El &#8216;superfinde&#8217; colm\u00f3 todos los centros tur\u00edsticos del pa\u00eds","author":"Grupo Sierra","date":"29\/03\/2013","format":false,"excerpt":"Cientos de miles de personas colmaban hoteles en destinos tur\u00edsticos al inicio del fin de semana extendido por Pascuas y el aniversario de Malvinas, que comenz\u00f3 con excelente clima en gran parte del pa\u00eds e intenso movimiento en las rutas terrestres y a\u00e9reas. Los principales destinos recibir\u00e1n casi dos millones\u2026","rel":"","context":"En \u00abSociedad\u00bb","block_context":{"text":"Sociedad","link":"https:\/\/www.24baires.com\/?cat=1"},"img":{"alt_text":"turistas_mardel290312_99877","src":"https:\/\/i0.wp.com\/www.24baires.com\/wp-content\/uploads\/2013\/03\/turistas_mardel290312_99877.jpg?resize=350%2C200","width":350,"height":200,"srcset":"https:\/\/i0.wp.com\/www.24baires.com\/wp-content\/uploads\/2013\/03\/turistas_mardel290312_99877.jpg?resize=350%2C200 1x, https:\/\/i0.wp.com\/www.24baires.com\/wp-content\/uploads\/2013\/03\/turistas_mardel290312_99877.jpg?resize=525%2C300 1.5x"},"classes":[]},{"id":28093,"url":"https:\/\/www.24baires.com\/?p=28093","url_meta":{"origin":10715,"position":4},"title":"Miles de micros salen de Retiro en el inicio de las vacaciones de invierno","author":"AF","date":"12\/07\/2013","format":false,"excerpt":"Un total de 7.300 micros de larga distancia partir\u00e1n desde la estaci\u00f3n Terminal de Retiro durante este fin de semana, en el inicio de las vacaciones de invierno en la Ciudad de Buenos Aires. La Comisi\u00f3n Nacional de Regulaci\u00f3n de Transporte (CNRT) precis\u00f3 que est\u00e1 prevista la partida desde hoy\u2026","rel":"","context":"En \u00abSociedad\u00bb","block_context":{"text":"Sociedad","link":"https:\/\/www.24baires.com\/?cat=1"},"img":{"alt_text":"","src":"","width":0,"height":0},"classes":[]},{"id":28378,"url":"https:\/\/www.24baires.com\/?p=28378","url_meta":{"origin":10715,"position":5},"title":"Se registra en todo el pa\u00eds un gran movimiento tur\u00edstico","author":"AF","date":"16\/07\/2013","format":false,"excerpt":"Los primeros d\u00edas de las vacaciones de invierno estuvieron marcados por un gran movimiento tur\u00edstico que se reparti\u00f3 entre varias provincias, marcando la tendencia de los \u00faltimos a\u00f1os, en los que plazas cl\u00e1sicas e hist\u00f3ricas como Mar del Plata van cediendo terreno a otras \"emergentes\". \"La Feliz\" ya ocup\u00f3 m\u00e1s\u2026","rel":"","context":"En \u00abSociedad\u00bb","block_context":{"text":"Sociedad","link":"https:\/\/www.24baires.com\/?cat=1"},"img":{"alt_text":"peatonal mar del plata","src":"https:\/\/i0.wp.com\/www.24baires.com\/wp-content\/uploads\/2013\/07\/peatonal-mar-del-plata1.jpg?resize=350%2C200","width":350,"height":200,"srcset":"https:\/\/i0.wp.com\/www.24baires.com\/wp-content\/uploads\/2013\/07\/peatonal-mar-del-plata1.jpg?resize=350%2C200 1x, https:\/\/i0.wp.com\/www.24baires.com\/wp-content\/uploads\/2013\/07\/peatonal-mar-del-plata1.jpg?resize=525%2C300 1.5x"},"classes":[]}],"jetpack_sharing_enabled":true,"jetpack_likes_enabled":true,"_links":{"self":[{"href":"https:\/\/www.24baires.com\/index.php?rest_route=\/wp\/v2\/posts\/10715","targetHints":{"allow":["GET"]}}],"collection":[{"href":"https:\/\/www.24baires.com\/index.php?rest_route=\/wp\/v2\/posts"}],"about":[{"href":"https:\/\/www.24baires.com\/index.php?rest_route=\/wp\/v2\/types\/post"}],"author":[{"embeddable":true,"href":"https:\/\/www.24baires.com\/index.php?rest_route=\/wp\/v2\/users\/11"}],"replies":[{"embeddable":true,"href":"https:\/\/www.24baires.com\/index.php?rest_route=%2Fwp%2Fv2%2Fcomments&post=10715"}],"version-history":[{"count":3,"href":"https:\/\/www.24baires.com\/index.php?rest_route=\/wp\/v2\/posts\/10715\/revisions"}],"predecessor-version":[{"id":10719,"href":"https:\/\/www.24baires.com\/index.php?rest_route=\/wp\/v2\/posts\/10715\/revisions\/10719"}],"wp:attachment":[{"href":"https:\/\/www.24baires.com\/index.php?rest_route=%2Fwp%2Fv2%2Fmedia&parent=10715"}],"wp:term":[{"taxonomy":"category","embeddable":true,"href":"https:\/\/www.24baires.com\/index.php?rest_route=%2Fwp%2Fv2%2Fcategories&post=10715"},{"taxonomy":"post_tag","embeddable":true,"href":"https:\/\/www.24baires.com\/index.php?rest_route=%2Fwp%2Fv2%2Ftags&post=10715"}],"curies":[{"name":"wp","href":"https:\/\/api.w.org\/{rel}","templated":true}]}}