{"id":1071,"date":"2012-10-05T10:45:14","date_gmt":"2012-10-05T13:45:14","guid":{"rendered":"http:\/\/www.24baires.com\/?p=1071"},"modified":"2012-10-05T20:59:59","modified_gmt":"2012-10-05T23:59:59","slug":"olavarria-contara-con-su-propia-sede-de-la-jefatura-zonal-centro-de-la-policia-bonaerense","status":"publish","type":"post","link":"https:\/\/www.24baires.com\/?p=1071","title":{"rendered":"Olavarr\u00eda contar\u00e1 con su propia sede de la Jefatura Zonal Centro de la Polic\u00eda Bonaerense"},"content":{"rendered":"<p><img data-recalc-dims=\"1\" loading=\"lazy\" decoding=\"async\" class=\"aligncenter size-full wp-image-1157\" title=\"PATRULLEROS\" src=\"https:\/\/i0.wp.com\/www.24baires.com\/wp-content\/uploads\/2012\/10\/PATRULLEROS.jpg?resize=560%2C284\" alt=\"\" width=\"560\" height=\"284\" srcset=\"https:\/\/i0.wp.com\/www.24baires.com\/wp-content\/uploads\/2012\/10\/PATRULLEROS.jpg?w=560&amp;ssl=1 560w, https:\/\/i0.wp.com\/www.24baires.com\/wp-content\/uploads\/2012\/10\/PATRULLEROS.jpg?resize=300%2C152&amp;ssl=1 300w\" sizes=\"auto, (max-width: 560px) 100vw, 560px\" \/><\/p>\n<p>Se construir\u00e1 en la ciudad un sector de oficinas para que se pueda radicar su titular, el comisario general Jos\u00e9 Fabi\u00e1n Pagge. Funcionar\u00e1 en Brown y Belgrano, a metros de la seccional Primera de Olavarr\u00eda.<!--more--><\/p>\n<p>La Jefatura Zonal Centro de la Polic\u00eda de la Provincia tendr\u00e1 su sede en Olavarr\u00eda, donde se construir\u00e1 un sector de oficinas para que se pueda radicar su titular, el comisario general Jos\u00e9 Fabi\u00e1n Pagge.<\/p>\n<p>Estas obras estar\u00e1n a cargo del Gobierno Municipal, desde donde se indic\u00f3 que el Presupuesto Oficial de la licitaci\u00f3n para la construcci\u00f3n de este espacio asciende a los 200 mil pesos, con un plazo de ejecuci\u00f3n de 90 d\u00edas.<\/p>\n<p>La zona de influencia de la Jefatura comprende los municipios de Olavarr\u00eda, Guamin\u00ed, 25 de Mayo, Azul, Tandil, Dolores, Chascom\u00fas y San Vicente, y funcionar\u00e1 en Brown y Belgrano, a metros de la seccional Primera de Olavarr\u00eda.<\/p>\n<p>Se recuerda que esta superintendencia fue enmarcada en las pol\u00edticas de regionalizaci\u00f3n y descentralizaci\u00f3n establecidas por el Ejecutivo bonaerense y que llevan el prop\u00f3sito de dotar mayor control y eficacia operativa a la fuerza, de acuerdo a la informaci\u00f3n previamente proporcionada por el Ministerio.<\/p>\n","protected":false},"excerpt":{"rendered":"<p>Se construir\u00e1 en la ciudad un sector de oficinas para que se pueda radicar su titular, el comisario general Jos\u00e9 Fabi\u00e1n Pagge. Funcionar\u00e1 en Brown y Belgrano, a metros de la seccional Primera de Olavarr\u00eda.<\/p>\n","protected":false},"author":4,"featured_media":0,"comment_status":"open","ping_status":"open","sticky":false,"template":"","format":"standard","meta":{"_jetpack_newsletter_access":"","_jetpack_dont_email_post_to_subs":false,"_jetpack_newsletter_tier_id":0,"_jetpack_memberships_contains_paywalled_content":false,"_jetpack_memberships_contains_paid_content":false,"footnotes":""},"categories":[1],"tags":[],"class_list":["post-1071","post","type-post","status-publish","format-standard","hentry","category-sociedad"],"jetpack_featured_media_url":"","jetpack_shortlink":"https:\/\/wp.me\/p2JWE0-hh","jetpack-related-posts":[{"id":52678,"url":"https:\/\/www.24baires.com\/?p=52678","url_meta":{"origin":1071,"position":0},"title":"Granados removi\u00f3 a 90 jefes de la Polic\u00eda Bonaerense","author":"AF","date":"29\/08\/2014","format":false,"excerpt":"El ministro dispuso cambios en las jefaturas de distintas \u00e1reas de la fuerza a en el marco de un \u201creacomodamiento de la fuerza y de modificaciones operativas\u201d. Entre los jefes removidos est\u00e1n los de La Matanza, La Plata, Lomas de Zamora, y Mor\u00f3n. Los cambios alcanzaron a jefaturas de la\u2026","rel":"","context":"En \u00abProvincia\u00bb","block_context":{"text":"Provincia","link":"https:\/\/www.24baires.com\/?cat=40"},"img":{"alt_text":"policia elec","src":"https:\/\/i0.wp.com\/www.24baires.com\/wp-content\/uploads\/2013\/10\/policia-elec.jpg?resize=350%2C200","width":350,"height":200,"srcset":"https:\/\/i0.wp.com\/www.24baires.com\/wp-content\/uploads\/2013\/10\/policia-elec.jpg?resize=350%2C200 1x, https:\/\/i0.wp.com\/www.24baires.com\/wp-content\/uploads\/2013\/10\/policia-elec.jpg?resize=525%2C300 1.5x"},"classes":[]},{"id":4010,"url":"https:\/\/www.24baires.com\/?p=4010","url_meta":{"origin":1071,"position":1},"title":"Hallaron en un arroyo el cuerpo del chico desaparecido en Olavarr\u00eda","author":"Grupo Sierra","date":"31\/10\/2012","format":false,"excerpt":"El cuerpo sin vida del joven desaparecido fue encontrado alrededor de las 18 en el arroyo Tapalqu\u00e9 a la altura de la calle Necochea. Fue descubierto por un hombre que se encontraba pescando. Un amplio operativo policial se despleg\u00f3 en la zona. La fiscal y los jefes de la Polic\u00eda\u2026","rel":"","context":"En \u00ab\u00daltimo Momento\u00bb","block_context":{"text":"\u00daltimo Momento","link":"https:\/\/www.24baires.com\/?cat=55"},"img":{"alt_text":"","src":"","width":0,"height":0},"classes":[]},{"id":104310,"url":"https:\/\/www.24baires.com\/?p=104310","url_meta":{"origin":1071,"position":2},"title":"Bah\u00eda Blanca teme a los saqueos y refuerza la seguridad en los supermercados","author":"GB","date":"06\/09\/2018","format":false,"excerpt":"Luego de los incidentes producidos en Olavarr\u00eda, Mar del Plata y Tres de Febrero, en el municipio del sur bonaerense resolvieron duplicar la tarea de prevenci\u00f3n con polic\u00edas en los locales comerciales. En el marco de la crisis econ\u00f3mica y pol\u00edtica que atraviesa el pa\u00eds, en distintas localidades de la\u2026","rel":"","context":"En \u00abMunicipios\u00bb","block_context":{"text":"Municipios","link":"https:\/\/www.24baires.com\/?cat=44"},"img":{"alt_text":"","src":"https:\/\/i0.wp.com\/www.24baires.com\/wp-content\/uploads\/2018\/09\/bahia.jpg?resize=350%2C200","width":350,"height":200,"srcset":"https:\/\/i0.wp.com\/www.24baires.com\/wp-content\/uploads\/2018\/09\/bahia.jpg?resize=350%2C200 1x, https:\/\/i0.wp.com\/www.24baires.com\/wp-content\/uploads\/2018\/09\/bahia.jpg?resize=525%2C300 1.5x"},"classes":[]},{"id":120594,"url":"https:\/\/www.24baires.com\/?p=120594","url_meta":{"origin":1071,"position":3},"title":"Intendente del PRO se tom\u00f3 licencia en medio de protestas por su gesti\u00f3n","author":"GB","date":"27\/10\/2023","format":false,"excerpt":"OLAVARR\u00cdA-Al un\u00edsono que protestantes se movilizaban, el intendente comenz\u00f3 la licencia de una gesti\u00f3n plagada de cr\u00edticas por presunta corrupci\u00f3n. El Concejo Deliberante de Olavarr\u00eda aprob\u00f3 la solicitud de licencia presentada por el intendente Ezequiel Galli, quien a partir del 10. Esta medida comenzar\u00e1 a aplicarse a partir del mi\u00e9rcoles\u2026","rel":"","context":"En \u00abMunicipios\u00bb","block_context":{"text":"Municipios","link":"https:\/\/www.24baires.com\/?cat=44"},"img":{"alt_text":"","src":"https:\/\/i0.wp.com\/www.24baires.com\/wp-content\/uploads\/2020\/07\/galli.jpg?resize=350%2C200","width":350,"height":200,"srcset":"https:\/\/i0.wp.com\/www.24baires.com\/wp-content\/uploads\/2020\/07\/galli.jpg?resize=350%2C200 1x, https:\/\/i0.wp.com\/www.24baires.com\/wp-content\/uploads\/2020\/07\/galli.jpg?resize=525%2C300 1.5x, https:\/\/i0.wp.com\/www.24baires.com\/wp-content\/uploads\/2020\/07\/galli.jpg?resize=700%2C400 2x"},"classes":[]},{"id":19120,"url":"https:\/\/www.24baires.com\/?p=19120","url_meta":{"origin":1071,"position":4},"title":"Olavarr\u00eda: inauguraron un Servicio de Protecci\u00f3n de Derechos del Ni\u00f1o","author":"AF","date":"23\/03\/2013","format":false,"excerpt":"El secretario de Ni\u00f1ez y Adolescencia, Pablo Navarro, acompa\u00f1ado por el intendente Jos\u00e9 Eseverri, y el ministro de Desarrollo Social, Mart\u00edn Ferr\u00e9, inaugur\u00f3 en esa ciudad el nuevo Servicio de Promoci\u00f3n y Protecci\u00f3n de los Derechos del Ni\u00f1o. Los Servicios de Promoci\u00f3n y Protecci\u00f3n de Derechos son centros ubicados en\u2026","rel":"","context":"En \u00abLocales\u00bb","block_context":{"text":"Locales","link":"https:\/\/www.24baires.com\/?cat=38"},"img":{"alt_text":"derecho ni\u00f1o olav","src":"https:\/\/i0.wp.com\/www.24baires.com\/wp-content\/uploads\/2013\/03\/derecho-ni%C3%B1o-olav.jpg?resize=350%2C200","width":350,"height":200,"srcset":"https:\/\/i0.wp.com\/www.24baires.com\/wp-content\/uploads\/2013\/03\/derecho-ni%C3%B1o-olav.jpg?resize=350%2C200 1x, https:\/\/i0.wp.com\/www.24baires.com\/wp-content\/uploads\/2013\/03\/derecho-ni%C3%B1o-olav.jpg?resize=525%2C300 1.5x"},"classes":[]},{"id":53232,"url":"https:\/\/www.24baires.com\/?p=53232","url_meta":{"origin":1071,"position":5},"title":"Contin\u00faan los movimientos en la Polic\u00eda bonaerense","author":"Grupo Sierra","date":"07\/09\/2014","format":false,"excerpt":"El ministro Granados orden\u00f3 la creaci\u00f3n de nuevas Jefaturas Departamentales y otra serie de modificaciones de jefes para reforzar la lucha contra el delito en todo el territorio provincial. En ese sentido, Granados orden\u00f3 crear dos nuevas Departamentales: Tres de Febrero y Lomas de Zamora. Fuentes policiales informaron que la\u2026","rel":"","context":"En \u00abProvincia\u00bb","block_context":{"text":"Provincia","link":"https:\/\/www.24baires.com\/?cat=40"},"img":{"alt_text":"granados-scioli","src":"https:\/\/i0.wp.com\/www.24baires.com\/wp-content\/uploads\/2014\/04\/granados-scioli.jpg?resize=350%2C200","width":350,"height":200,"srcset":"https:\/\/i0.wp.com\/www.24baires.com\/wp-content\/uploads\/2014\/04\/granados-scioli.jpg?resize=350%2C200 1x, https:\/\/i0.wp.com\/www.24baires.com\/wp-content\/uploads\/2014\/04\/granados-scioli.jpg?resize=525%2C300 1.5x"},"classes":[]}],"jetpack_sharing_enabled":true,"jetpack_likes_enabled":true,"_links":{"self":[{"href":"https:\/\/www.24baires.com\/index.php?rest_route=\/wp\/v2\/posts\/1071","targetHints":{"allow":["GET"]}}],"collection":[{"href":"https:\/\/www.24baires.com\/index.php?rest_route=\/wp\/v2\/posts"}],"about":[{"href":"https:\/\/www.24baires.com\/index.php?rest_route=\/wp\/v2\/types\/post"}],"author":[{"embeddable":true,"href":"https:\/\/www.24baires.com\/index.php?rest_route=\/wp\/v2\/users\/4"}],"replies":[{"embeddable":true,"href":"https:\/\/www.24baires.com\/index.php?rest_route=%2Fwp%2Fv2%2Fcomments&post=1071"}],"version-history":[{"count":0,"href":"https:\/\/www.24baires.com\/index.php?rest_route=\/wp\/v2\/posts\/1071\/revisions"}],"wp:attachment":[{"href":"https:\/\/www.24baires.com\/index.php?rest_route=%2Fwp%2Fv2%2Fmedia&parent=1071"}],"wp:term":[{"taxonomy":"category","embeddable":true,"href":"https:\/\/www.24baires.com\/index.php?rest_route=%2Fwp%2Fv2%2Fcategories&post=1071"},{"taxonomy":"post_tag","embeddable":true,"href":"https:\/\/www.24baires.com\/index.php?rest_route=%2Fwp%2Fv2%2Ftags&post=1071"}],"curies":[{"name":"wp","href":"https:\/\/api.w.org\/{rel}","templated":true}]}}