{"id":107057,"date":"2019-03-02T14:56:37","date_gmt":"2019-03-02T17:56:37","guid":{"rendered":"http:\/\/www.24baires.com\/?p=107057"},"modified":"2019-03-02T14:56:37","modified_gmt":"2019-03-02T17:56:37","slug":"macondo-o-la-argentina-desesperada","status":"publish","type":"post","link":"https:\/\/www.24baires.com\/?p=107057","title":{"rendered":"Macondo o La Argentina desesperada"},"content":{"rendered":"<p><img data-recalc-dims=\"1\" loading=\"lazy\" decoding=\"async\" src=\"https:\/\/i0.wp.com\/www.24baires.com\/wp-content\/uploads\/2019\/03\/macri-michetti.jpg?resize=560%2C276\" alt=\"\" width=\"560\" height=\"276\" class=\"aligncenter size-full wp-image-107058\" srcset=\"https:\/\/i0.wp.com\/www.24baires.com\/wp-content\/uploads\/2019\/03\/macri-michetti.jpg?w=560&amp;ssl=1 560w, https:\/\/i0.wp.com\/www.24baires.com\/wp-content\/uploads\/2019\/03\/macri-michetti.jpg?resize=300%2C148&amp;ssl=1 300w\" sizes=\"auto, (max-width: 560px) 100vw, 560px\" \/>Muchos a\u00f1os despu\u00e9s, frente al pelot\u00f3n de fusilamiento, el coronel Aureliano Buend\u00eda hab\u00eda de recordar aquella tarde remota en que su padre lo llev\u00f3 a conocer el hielo. As\u00ed comienza la obra cumbre de la literatura latinoamericana, y uno de los libros m\u00e1s trascendentales de la Historia de los libros. Un compendio maravilloso de f\u00e1bulas y realidades superpuestas, atravesadas, hilvanado por la irrepetible pluma de Garc\u00eda M\u00e1rquez.<!--more--><\/p>\n<p>Muchos a\u00f1os despu\u00e9s de que Gabo redactara aquellas adoradas p\u00e1ginas, frente a legisladores y legisladoras, en Argentina, el Presidente Mauricio Macri hab\u00eda de dar un importante discurso donde recrear\u00eda un pa\u00eds imaginario que hubiera sido la envidia del inventor de Macondo, quien parec\u00eda ser motivo de un homenaje impensado.<\/p>\n<p>\u201cCreci\u00f3 la econom\u00eda, baj\u00f3 la inflaci\u00f3n, aumentaron la inversi\u00f3n y las exportaciones, baj\u00f3 la pobreza y creamos 700 mil puestos de trabajo\u201d, dijo, haciendo uso de un realismo que m\u00e1s que m\u00e1gico resulta mentiroso. De hecho, de realismo no tiene nada, porque la inflaci\u00f3n del a\u00f1o pasado fue del 48%. Desde que \u00e9l gobierna cerraron m\u00e1s de 11 mil Pymes, hubo cientos de miles de despidos y no se generaron nuevas fuentes de empleo, porque no hubo inversi\u00f3n privada ni p\u00fablica, y las pol\u00edticas oficiales no pudieron o no quisieron ser soluci\u00f3n a la desvalorizaci\u00f3n del salario y al empobrecimiento implacable que expuls\u00f3 del sistema a miles de familias y las llev\u00f3 a la marginalidad y la intemperie.<\/p>\n<p>\u201cY despu\u00e9s de mucho trabajo y de un proceso de cambio cultural estamos entendiendo que la energ\u00eda vale\u201d, tartamude\u00f3 Macri. Y se ve que en ese m\u00e1gico sitio del que nos habla, los aumentos brutales de luz y gas no se tragan casi todos los ingresos, seguro que ah\u00ed los jubilados no deben dejar de comer para pagar los impuestos. Es m\u00e1s, all\u00ed, en esa tierra de ensue\u00f1o, no gobierna el cinismo y la hipocres\u00eda, y el cambio cultural no se traduce en violencia entre pares, en aplausos al gatillo f\u00e1cil de las calles. No como aqu\u00ed, donde lo que aprendimos en verdad es que el presidente tiene amigos que son due\u00f1os de empresas energ\u00e9ticas a los que les permite hacer lo que quieran, los habilita a realizar gigantes transferencias de recursos, a costa de la vida de miles de argentinos y argentinas, recursos que luego, esos amiguitos, fugan al exterior.<\/p>\n<p>\u201cEn los medios hay pluralidad de voces. Y este es un gobierno que trabaja en base al di\u00e1logo\u201d, ley\u00f3 por ah\u00ed. En ese lugar m\u00e1gico los medios opositores no cierran, a los fot\u00f3grafos no los reprimen y encarcelan por capturar lo que sucede con sus herramientas de trabajo, ah\u00ed no se censura a canales de TV en las grillas del cable. Los palos y las balas de goma no caen como lluvia miserable sobre quienes reclaman nuevas debacles laborales. All\u00ed, seguro, la Gendarmer\u00eda no desapareci\u00f3 a ning\u00fan joven de barba, y no montaron un operativo de miedo para cubrirlo. En el pa\u00eds que describe Mauricio Macri no gobierna Cambiemos.<\/p>\n<p>Con algunos gritos y frases que de tan ensayadas chorrean impostura, el Jefe de Estado aclara: \u201cTomamos la decisi\u00f3n de hacer lo que ninguna generaci\u00f3n se anim\u00f3 a hacer\u201d, y otra vez miente, porque hubo otras generaciones que se animaron a destruir el pa\u00eds, a desaparecer ciudadanos, a endeudarse con el FMI, a rendir la soberan\u00eda al imperio, a ajustar a los sectores m\u00e1s empobrecidos, a gobernar aliados a conglomerados medi\u00e1ticos, a hacer de la violencia institucional una herramienta de control social. No son ni honestos ni originales.<\/p>\n<p>Lo \u00fanico que dijo que se acerc\u00f3 a la realidad fue una verdad irrefutable: est\u00e1 all\u00ed porque lo votaron las y los argentinos. Pero no habl\u00f3 de la estafa electoral que lo tiene de protagonista, junto a Mar\u00eda Eugenia Vidal: la mentira como mayor estrategia comunicacional, la infamia, la falacia. Faltaron a cada promesa de campa\u00f1a, nos robaron derechos conquistados, nos endeudaron de por vida. Transformaron a la pol\u00edtica, que es la mejor herramienta que tenemos para mejorarle la calidad de vida a quienes peor la pasan, en un artilugio desvalido, al servicio de los m\u00e1s poderosos y sus causas siempre injustas.<\/p>\n<p>Ojal\u00e1 el final de tan fant\u00e1stico relato podamos escribirlo quienes no vivimos en ese paisito de cuento, sino quienes estamos en esta Argentina desesperada, empobrecida, triste y angustiada.<\/p>\n<p>Porque al final a los habitantes de Macondo no les iba muy bien que digamos, la magia no alcanz\u00f3 para salvarlos. All\u00ed llovi\u00f3 durante cuatro a\u00f1os once meses y dos d\u00edas. Trabajemos para que aqu\u00ed la tormenta no dure un minuto m\u00e1s que cuatro a\u00f1os, barrida por el viento fuerte de los votos. Ojal\u00e1 el odio desparramado no sea m\u00e1s fuerte que la \u00fanica verdad que es la realidad. Ojal\u00e1 la Patria se los demande en serio y los condenados por el pueblo no tengan segundas oportunidades en estas tierras.<\/p>\n","protected":false},"excerpt":{"rendered":"<p>Muchos a\u00f1os despu\u00e9s, frente al pelot\u00f3n de fusilamiento, el coronel Aureliano Buend\u00eda hab\u00eda de recordar aquella tarde remota en que su padre lo llev\u00f3 a conocer el hielo. As\u00ed comienza la obra cumbre de la literatura latinoamericana, y uno de los libros m\u00e1s trascendentales de la Historia de los libros. Un compendio maravilloso de f\u00e1bulas y realidades superpuestas, atravesadas, hilvanado [&#8230;]<\/p>\n","protected":false},"author":4,"featured_media":0,"comment_status":"open","ping_status":"open","sticky":false,"template":"","format":"standard","meta":{"_jetpack_newsletter_access":"","_jetpack_dont_email_post_to_subs":false,"_jetpack_newsletter_tier_id":0,"_jetpack_memberships_contains_paywalled_content":false,"_jetpack_memberships_contains_paid_content":false,"footnotes":""},"categories":[64],"tags":[],"class_list":["post-107057","post","type-post","status-publish","format-standard","hentry","category-opinion"],"jetpack_featured_media_url":"","jetpack_shortlink":"https:\/\/wp.me\/p2JWE0-rQJ","jetpack-related-posts":[{"id":104450,"url":"https:\/\/www.24baires.com\/?p=104450","url_meta":{"origin":107057,"position":0},"title":"Cambiemos no dio qu\u00f3rum y no pudo tratarse en Diputados la crisis educativa","author":"AF","date":"13\/09\/2018","format":false,"excerpt":"La convocatoria de la sesi\u00f3n hab\u00eda sido motorizada por el bloque del Frente para la Victoria-PJ, pero el pedido reun\u00eda tambi\u00e9n las firmas de integrantes del interbloque Argentina Federal, del Frente Renovador, del Movimiento Evita, del Frente de Izquierda y de Unidad Justicialista de San Luis. Sin la presencia de\u2026","rel":"","context":"En \u00abPol\u00edtica\u00bb","block_context":{"text":"Pol\u00edtica","link":"https:\/\/www.24baires.com\/?cat=51"},"img":{"alt_text":"","src":"https:\/\/i0.wp.com\/www.24baires.com\/wp-content\/uploads\/2018\/06\/diputados.jpg?resize=350%2C200","width":350,"height":200,"srcset":"https:\/\/i0.wp.com\/www.24baires.com\/wp-content\/uploads\/2018\/06\/diputados.jpg?resize=350%2C200 1x, https:\/\/i0.wp.com\/www.24baires.com\/wp-content\/uploads\/2018\/06\/diputados.jpg?resize=525%2C300 1.5x"},"classes":[]},{"id":120004,"url":"https:\/\/www.24baires.com\/?p=120004","url_meta":{"origin":107057,"position":1},"title":"La Ley de Alcohol cero se aprob\u00f3 en el Congreso por amplia mayor\u00eda","author":"GB","date":"14\/04\/2023","format":false,"excerpt":"Los y las legisladoras de la Naci\u00f3n participaron de la sesi\u00f3n que este jueves aprob\u00f3 la aplicaci\u00f3n de la tolerancia cero de alcohol para conducir alg\u00fan veh\u00edculo. Tras nueve horas de sesi\u00f3n, el Senado de la Naci\u00f3n aprob\u00f3 ayer la Ley de Alcohol Cero al volante por una amplia mayor\u00eda\u2026","rel":"","context":"En \u00abPol\u00edtica\u00bb","block_context":{"text":"Pol\u00edtica","link":"https:\/\/www.24baires.com\/?cat=51"},"img":{"alt_text":"","src":"https:\/\/i0.wp.com\/www.24baires.com\/wp-content\/uploads\/2023\/04\/congreso-votos.webp?resize=350%2C200","width":350,"height":200,"srcset":"https:\/\/i0.wp.com\/www.24baires.com\/wp-content\/uploads\/2023\/04\/congreso-votos.webp?resize=350%2C200 1x, https:\/\/i0.wp.com\/www.24baires.com\/wp-content\/uploads\/2023\/04\/congreso-votos.webp?resize=525%2C300 1.5x, https:\/\/i0.wp.com\/www.24baires.com\/wp-content\/uploads\/2023\/04\/congreso-votos.webp?resize=700%2C400 2x"},"classes":[]},{"id":116065,"url":"https:\/\/www.24baires.com\/?p=116065","url_meta":{"origin":107057,"position":2},"title":"Amplio repudio a las declaraciones golpistas de Duhalde","author":"AF","date":"25\/08\/2020","format":false,"excerpt":"\"Es rid\u00edculo que piensen que el a\u00f1o que viene va a haber elecciones. \u00bfPor qu\u00e9 va a haber elecciones?\", dijo el expresidente. Referentes de todo el arco pol\u00edtico, funcionarios, legisladores y organizaciones de varios sectores rechazaron las declaraciones del expresidente Eduardo Duhalde, quien sostuvo el lunes por la noche y\u2026","rel":"","context":"En \u00abPol\u00edtica\u00bb","block_context":{"text":"Pol\u00edtica","link":"https:\/\/www.24baires.com\/?cat=51"},"img":{"alt_text":"","src":"https:\/\/i0.wp.com\/www.24baires.com\/wp-content\/uploads\/2014\/04\/duhalde.jpg?resize=350%2C200","width":350,"height":200,"srcset":"https:\/\/i0.wp.com\/www.24baires.com\/wp-content\/uploads\/2014\/04\/duhalde.jpg?resize=350%2C200 1x, https:\/\/i0.wp.com\/www.24baires.com\/wp-content\/uploads\/2014\/04\/duhalde.jpg?resize=525%2C300 1.5x"},"classes":[]},{"id":106002,"url":"https:\/\/www.24baires.com\/?p=106002","url_meta":{"origin":107057,"position":3},"title":"Diputados dio media sanci\u00f3n a la \u201cLey Micaela\u201d contra la violencia de g\u00e9nero","author":"GB","date":"19\/12\/2018","format":false,"excerpt":"La iniciativa tuvo luz verde en la C\u00e1mara baja con 171 votos a favor y uno en contra del diputado Alfredo Olmedo. El proyecto plantea la capacitaci\u00f3n obligatoria en tem\u00e1tica de g\u00e9nero para todos los funcionarios p\u00fablicos de los tres poderes del Estado. La C\u00e1mara de Diputados dio media sanci\u00f3n\u2026","rel":"","context":"En \u00abPol\u00edtica\u00bb","block_context":{"text":"Pol\u00edtica","link":"https:\/\/www.24baires.com\/?cat=51"},"img":{"alt_text":"","src":"https:\/\/i0.wp.com\/www.24baires.com\/wp-content\/uploads\/2017\/04\/micaela-garc%C3%ADa.jpg?resize=350%2C200","width":350,"height":200,"srcset":"https:\/\/i0.wp.com\/www.24baires.com\/wp-content\/uploads\/2017\/04\/micaela-garc%C3%ADa.jpg?resize=350%2C200 1x, https:\/\/i0.wp.com\/www.24baires.com\/wp-content\/uploads\/2017\/04\/micaela-garc%C3%ADa.jpg?resize=525%2C300 1.5x"},"classes":[]},{"id":115879,"url":"https:\/\/www.24baires.com\/?p=115879","url_meta":{"origin":107057,"position":4},"title":"Kicillof logr\u00f3 un acuerdo en la Legislatura y la Provincia podr\u00e1 endeudarse","author":"AF","date":"06\/08\/2020","format":false,"excerpt":"Luego de una reuni\u00f3n del ministro de Econom\u00eda de la Provincia con intendentes de Juntos por el Cambio, la iniciativa ser\u00e1 llevada al recinto. Luego de cuatro meses de tires y aflojes respecto al proyecto de Ley de endeudamiento que present\u00f3 el gobierno de Axel Kicillof, el oficialismo y la\u2026","rel":"","context":"En \u00abProvincia\u00bb","block_context":{"text":"Provincia","link":"https:\/\/www.24baires.com\/?cat=40"},"img":{"alt_text":"","src":"https:\/\/i0.wp.com\/www.24baires.com\/wp-content\/uploads\/2020\/07\/gollan-kicillof.jpg?resize=350%2C200","width":350,"height":200,"srcset":"https:\/\/i0.wp.com\/www.24baires.com\/wp-content\/uploads\/2020\/07\/gollan-kicillof.jpg?resize=350%2C200 1x, https:\/\/i0.wp.com\/www.24baires.com\/wp-content\/uploads\/2020\/07\/gollan-kicillof.jpg?resize=525%2C300 1.5x"},"classes":[]},{"id":100695,"url":"https:\/\/www.24baires.com\/?p=100695","url_meta":{"origin":107057,"position":5},"title":"El Gobierno habilitar\u00e1 el debate sobre el aborto en el Congreso","author":"GB","date":"23\/02\/2018","format":false,"excerpt":"La Casa Rosada les dar\u00e1 libertad de acci\u00f3n a los legisladores de Cambiemos para el tratamiento del proyecto La discusi\u00f3n por la legalizaci\u00f3n del aborto podr\u00eda arribar este a\u00f1o al Congreso de la Naci\u00f3n. Instalado el debate en la sociedad, y pocos d\u00edas despu\u00e9s de que se produjera una movilizaci\u00f3n\u2026","rel":"","context":"En \u00abPol\u00edtica\u00bb","block_context":{"text":"Pol\u00edtica","link":"https:\/\/www.24baires.com\/?cat=51"},"img":{"alt_text":"","src":"https:\/\/i0.wp.com\/www.24baires.com\/wp-content\/uploads\/2017\/12\/congreso.jpg?resize=350%2C200","width":350,"height":200,"srcset":"https:\/\/i0.wp.com\/www.24baires.com\/wp-content\/uploads\/2017\/12\/congreso.jpg?resize=350%2C200 1x, https:\/\/i0.wp.com\/www.24baires.com\/wp-content\/uploads\/2017\/12\/congreso.jpg?resize=525%2C300 1.5x"},"classes":[]}],"jetpack_sharing_enabled":true,"jetpack_likes_enabled":true,"_links":{"self":[{"href":"https:\/\/www.24baires.com\/index.php?rest_route=\/wp\/v2\/posts\/107057","targetHints":{"allow":["GET"]}}],"collection":[{"href":"https:\/\/www.24baires.com\/index.php?rest_route=\/wp\/v2\/posts"}],"about":[{"href":"https:\/\/www.24baires.com\/index.php?rest_route=\/wp\/v2\/types\/post"}],"author":[{"embeddable":true,"href":"https:\/\/www.24baires.com\/index.php?rest_route=\/wp\/v2\/users\/4"}],"replies":[{"embeddable":true,"href":"https:\/\/www.24baires.com\/index.php?rest_route=%2Fwp%2Fv2%2Fcomments&post=107057"}],"version-history":[{"count":1,"href":"https:\/\/www.24baires.com\/index.php?rest_route=\/wp\/v2\/posts\/107057\/revisions"}],"predecessor-version":[{"id":107059,"href":"https:\/\/www.24baires.com\/index.php?rest_route=\/wp\/v2\/posts\/107057\/revisions\/107059"}],"wp:attachment":[{"href":"https:\/\/www.24baires.com\/index.php?rest_route=%2Fwp%2Fv2%2Fmedia&parent=107057"}],"wp:term":[{"taxonomy":"category","embeddable":true,"href":"https:\/\/www.24baires.com\/index.php?rest_route=%2Fwp%2Fv2%2Fcategories&post=107057"},{"taxonomy":"post_tag","embeddable":true,"href":"https:\/\/www.24baires.com\/index.php?rest_route=%2Fwp%2Fv2%2Ftags&post=107057"}],"curies":[{"name":"wp","href":"https:\/\/api.w.org\/{rel}","templated":true}]}}