{"id":10703,"date":"2012-12-28T18:23:49","date_gmt":"2012-12-28T21:23:49","guid":{"rendered":"http:\/\/www.24baires.com\/?p=10703"},"modified":"2012-12-28T18:23:55","modified_gmt":"2012-12-28T21:23:55","slug":"la-vivienda-unica-y-de-ocupacion-permanente-ya-es-inembargable-e-inejecutable","status":"publish","type":"post","link":"https:\/\/www.24baires.com\/?p=10703","title":{"rendered":"La vivienda \u00fanica y de ocupaci\u00f3n permanente ya es inembargable e inejecutable"},"content":{"rendered":"<p><a href=\"http:\/\/www.24baires.com\/provincia\/10703-la-vivienda-unica-y-de-ocupacion-permanente-ya-es-inembargable-e-inejecutable\/attachment\/scioli-alvarez-rodriguez\/\" rel=\"attachment wp-att-10704\"><img data-recalc-dims=\"1\" loading=\"lazy\" decoding=\"async\" class=\"aligncenter size-full wp-image-10704\" alt=\"scioli alvarez rodriguez\" src=\"https:\/\/i0.wp.com\/www.24baires.com\/wp-content\/uploads\/2012\/12\/scioli-alvarez-rodriguez.jpg?resize=560%2C372\" width=\"560\" height=\"372\" srcset=\"https:\/\/i0.wp.com\/www.24baires.com\/wp-content\/uploads\/2012\/12\/scioli-alvarez-rodriguez.jpg?w=560&amp;ssl=1 560w, https:\/\/i0.wp.com\/www.24baires.com\/wp-content\/uploads\/2012\/12\/scioli-alvarez-rodriguez.jpg?resize=300%2C199&amp;ssl=1 300w\" sizes=\"auto, (max-width: 560px) 100vw, 560px\" \/><\/a><\/p>\n<p>El gobernador Daniel Scioli promulg\u00f3 hoy la ley 14.432, por el que todo inmueble ubicado en la Provincia destinado a vivienda \u00fanica y de ocupaci\u00f3n permanente, pasa a ser inembargable e inejecutable.<!--more--><\/p>\n<p>Scioli promulg\u00f3 la Ley en el marco de una reuni\u00f3n de trabajo que mantuvo con la ministra de Gobierno, Cristina \u00c1lvarez Rodr\u00edguez en la sede gubernamental.<\/p>\n<p>La iniciativa alcanza al grupo familiar del titular de la vivienda, a\u00fan en caso de fallecimiento, siempre que se encuentren habitando la vivienda en forma permanente.<\/p>\n<p>Asimismo, establece que las actuaciones administrativas y judiciales que se deban realizar para la cancelaci\u00f3n del embargo, estar\u00e1n exentas de impuestos, tasas o derechos.<\/p>\n<p>&nbsp;<\/p>\n<p>&nbsp;<\/p>\n<p>&nbsp;<\/p>\n","protected":false},"excerpt":{"rendered":"<p>El gobernador Daniel Scioli promulg\u00f3 hoy la ley 14.432, por el que todo inmueble ubicado en la Provincia destinado a vivienda \u00fanica y de ocupaci\u00f3n permanente, pasa a ser inembargable e inejecutable.<\/p>\n","protected":false},"author":11,"featured_media":0,"comment_status":"open","ping_status":"open","sticky":false,"template":"","format":"standard","meta":{"_jetpack_newsletter_access":"","_jetpack_dont_email_post_to_subs":false,"_jetpack_newsletter_tier_id":0,"_jetpack_memberships_contains_paywalled_content":false,"_jetpack_memberships_contains_paid_content":false,"footnotes":""},"categories":[40],"tags":[],"class_list":["post-10703","post","type-post","status-publish","format-standard","hentry","category-provincia"],"jetpack_featured_media_url":"","jetpack_shortlink":"https:\/\/wp.me\/p2JWE0-2MD","jetpack-related-posts":[{"id":7227,"url":"https:\/\/www.24baires.com\/?p=7227","url_meta":{"origin":10703,"position":0},"title":"No podr\u00e1n embargarse viviendas de ocupaci\u00f3n permanente","author":"AF","date":"29\/11\/2012","format":false,"excerpt":"El Senado provincial sancion\u00f3 en ley la iniciativa del diputado Marcelo Feli\u00fa (FpV-PJ) que declara \u201cinembargables e inejecutables\u201d en todo el \u00e1mbito bonaerense a todas aquellas propiedades familiares habitadas en forma permanente. La norma tiene como objetivo la protecci\u00f3n de aquellas viviendas denominadas \u201c\u00fanicas y de ocupaci\u00f3n permanente\u201d y declara\u2026","rel":"","context":"En \u00abSociedad\u00bb","block_context":{"text":"Sociedad","link":"https:\/\/www.24baires.com\/?cat=1"},"img":{"alt_text":"","src":"","width":0,"height":0},"classes":[]},{"id":90539,"url":"https:\/\/www.24baires.com\/?p=90539","url_meta":{"origin":10703,"position":1},"title":"El Frente para la Victoria present\u00f3 un proyecto de financiamiento de clubes de barrio","author":"GB","date":"05\/12\/2016","format":false,"excerpt":"La iniciativa corresponde al diputado C\u00e9sar Valicenti. Busca que las entidades reciban una contribuci\u00f3n por parte del Estado provincial. Tambi\u00e9n apunta a fomentar la inclusi\u00f3n juvenil. El bloque de diputados bonaerenses del Frente para la Victoria present\u00f3 un proyecto de ley de Financiamiento de Clubes e Inclusi\u00f3n Juvenil, iniciativa que\u2026","rel":"","context":"En \u00abPol\u00edtica\u00bb","block_context":{"text":"Pol\u00edtica","link":"https:\/\/www.24baires.com\/?cat=51"},"img":{"alt_text":"","src":"","width":0,"height":0},"classes":[]},{"id":46147,"url":"https:\/\/www.24baires.com\/?p=46147","url_meta":{"origin":10703,"position":2},"title":"Beneficiarios del Procrear tendr\u00e1n acceso a terrenos provinciales","author":"Grupo Sierra","date":"16\/05\/2014","format":false,"excerpt":"MAR DEL PLATA- De acuerdo a la Ley de Acceso Justo al H\u00e1bitat, se firm\u00f3 hoy un convenio para facilitar la construcci\u00f3n de viviendas \u00fanicas, familiares y de ocupaci\u00f3n permanente, financiada con pr\u00e9stamos otorgados por el programa PRO.CRE.AR, en lotes de terrenos ubicados en la jurisdicci\u00f3n de la Provincia. La\u2026","rel":"","context":"En \u00abProvincia\u00bb","block_context":{"text":"Provincia","link":"https:\/\/www.24baires.com\/?cat=40"},"img":{"alt_text":"procrear","src":"https:\/\/i0.wp.com\/www.24baires.com\/wp-content\/uploads\/2013\/10\/procrear.jpg?resize=350%2C200","width":350,"height":200,"srcset":"https:\/\/i0.wp.com\/www.24baires.com\/wp-content\/uploads\/2013\/10\/procrear.jpg?resize=350%2C200 1x, https:\/\/i0.wp.com\/www.24baires.com\/wp-content\/uploads\/2013\/10\/procrear.jpg?resize=525%2C300 1.5x"},"classes":[]},{"id":113540,"url":"https:\/\/www.24baires.com\/?p=113540","url_meta":{"origin":10703,"position":3},"title":"Kicillof promulg\u00f3 la emergencia econ\u00f3mica en la Provincia","author":"GB","date":"23\/12\/2019","format":false,"excerpt":"La ley provincial de emergencia econ\u00f3mica, social, productiva y energ\u00e9tica, as\u00ed como la ratificaci\u00f3n en materia de seguridad p\u00fablica, pol\u00edtica y salud penitenciaria; infraestructura, h\u00e1bitat, vivienda y servicios p\u00fablicos, administrativa y tecnol\u00f3gica comenz\u00f3 a regir hoy en el territorio bonaerense. Mediante el decreto 41, el gobernador de la provincia de\u2026","rel":"","context":"En \u00abProvincia\u00bb","block_context":{"text":"Provincia","link":"https:\/\/www.24baires.com\/?cat=40"},"img":{"alt_text":"","src":"https:\/\/i0.wp.com\/www.24baires.com\/wp-content\/uploads\/2019\/11\/kicillof.jpg?resize=350%2C200","width":350,"height":200,"srcset":"https:\/\/i0.wp.com\/www.24baires.com\/wp-content\/uploads\/2019\/11\/kicillof.jpg?resize=350%2C200 1x, https:\/\/i0.wp.com\/www.24baires.com\/wp-content\/uploads\/2019\/11\/kicillof.jpg?resize=525%2C300 1.5x"},"classes":[]},{"id":7439,"url":"https:\/\/www.24baires.com\/?p=7439","url_meta":{"origin":10703,"position":4},"title":"Regularizaci\u00f3n dominial en Lomas de Zamora","author":"AF","date":"01\/12\/2012","format":false,"excerpt":"M\u00e1s de 140 familias de Lomas de Zamora recibieron la escritura de su vivienda en un acto realizado por la subsecretar\u00eda Social de Tierras, Urbanismo y Vivienda del ministerio de Infraestructura, a cargo de Fabi\u00e1n Stachiotti, en el marco del Programa de Regularizaci\u00f3n Dominial que lleva adelante el Gobierno provincial.\u2026","rel":"","context":"En \u00abLocales\u00bb","block_context":{"text":"Locales","link":"https:\/\/www.24baires.com\/?cat=38"},"img":{"alt_text":"","src":"","width":0,"height":0},"classes":[]},{"id":44725,"url":"https:\/\/www.24baires.com\/?p=44725","url_meta":{"origin":10703,"position":5},"title":"Desde Lan\u00fas impulsaron el proyecto de Ley de Fomento para los Clubes de Barrio","author":"Grupo Sierra","date":"26\/04\/2014","format":false,"excerpt":"La iniciativa busca que se reconozca el derecho a la formaci\u00f3n de los deportistas iniciados en las entidades barriales, propone una tarifa diferencial en los servicios de luz, gas y agua, declarar inembargables los bienes de los clubes y fomentar el acceso a cr\u00e9ditos blandos, entre otros temas. El intendente\u2026","rel":"","context":"En \u00abMunicipios\u00bb","block_context":{"text":"Municipios","link":"https:\/\/www.24baires.com\/?cat=44"},"img":{"alt_text":"DSC_1088 copia","src":"https:\/\/i0.wp.com\/www.24baires.com\/wp-content\/uploads\/2014\/04\/DSC_1088-copia.jpg?resize=350%2C200","width":350,"height":200,"srcset":"https:\/\/i0.wp.com\/www.24baires.com\/wp-content\/uploads\/2014\/04\/DSC_1088-copia.jpg?resize=350%2C200 1x, https:\/\/i0.wp.com\/www.24baires.com\/wp-content\/uploads\/2014\/04\/DSC_1088-copia.jpg?resize=525%2C300 1.5x"},"classes":[]}],"jetpack_sharing_enabled":true,"jetpack_likes_enabled":true,"_links":{"self":[{"href":"https:\/\/www.24baires.com\/index.php?rest_route=\/wp\/v2\/posts\/10703","targetHints":{"allow":["GET"]}}],"collection":[{"href":"https:\/\/www.24baires.com\/index.php?rest_route=\/wp\/v2\/posts"}],"about":[{"href":"https:\/\/www.24baires.com\/index.php?rest_route=\/wp\/v2\/types\/post"}],"author":[{"embeddable":true,"href":"https:\/\/www.24baires.com\/index.php?rest_route=\/wp\/v2\/users\/11"}],"replies":[{"embeddable":true,"href":"https:\/\/www.24baires.com\/index.php?rest_route=%2Fwp%2Fv2%2Fcomments&post=10703"}],"version-history":[{"count":3,"href":"https:\/\/www.24baires.com\/index.php?rest_route=\/wp\/v2\/posts\/10703\/revisions"}],"predecessor-version":[{"id":10708,"href":"https:\/\/www.24baires.com\/index.php?rest_route=\/wp\/v2\/posts\/10703\/revisions\/10708"}],"wp:attachment":[{"href":"https:\/\/www.24baires.com\/index.php?rest_route=%2Fwp%2Fv2%2Fmedia&parent=10703"}],"wp:term":[{"taxonomy":"category","embeddable":true,"href":"https:\/\/www.24baires.com\/index.php?rest_route=%2Fwp%2Fv2%2Fcategories&post=10703"},{"taxonomy":"post_tag","embeddable":true,"href":"https:\/\/www.24baires.com\/index.php?rest_route=%2Fwp%2Fv2%2Ftags&post=10703"}],"curies":[{"name":"wp","href":"https:\/\/api.w.org\/{rel}","templated":true}]}}