{"id":10700,"date":"2012-12-28T17:58:27","date_gmt":"2012-12-28T20:58:27","guid":{"rendered":"http:\/\/www.24baires.com\/?p=10700"},"modified":"2012-12-28T17:58:27","modified_gmt":"2012-12-28T20:58:27","slug":"crotto-aseguro-que-somos-la-provincia-mas-elegida-para-la-temporada-2013","status":"publish","type":"post","link":"https:\/\/www.24baires.com\/?p=10700","title":{"rendered":"Crotto asegur\u00f3 que \u00absomos la provincia m\u00e1s elegida\u00bb para la temporada 2013"},"content":{"rendered":"<p>El Secretario de Turismo bonaerense, Ignacio\u00a0Crotto, mantuvo un di\u00e1logo radial , en el que expres\u00f3 las expectativas que tiene el \u00e1rea para la temporada que viene. Adem\u00e1s, redonde\u00f3 un balance del a\u00f1o, en el que asegur\u00f3: <strong>\u201cHemos demostrado en esta gesti\u00f3n que la Provincia no es s\u00f3lo la costa atl\u00e1ntica\u201d.<\/strong><!--more--><\/p>\n<p>El Secretario de Turismo bonaerense, sostuvo que \u201cla provincia antes no ten\u00eda una mirada tur\u00edstica, pero cuando lleg\u00f3 Daniel Scioli se le empez\u00f3 a dar una impronta tur\u00edstica. Tenemos playas, lagunas, r\u00edos, deltas, sierras, turismo aventura y turismo rural, por eso somos la Provincia m\u00e1s elegida\u201d.<\/p>\n<p>\u201cLa costa es el lugar m\u00e1s elegido pero no descuidamos otros sectores. Tomemos el ejemplo de La Plata, que nunca fue una ciudad tur\u00edstica, sin embargo le hemos dado una vuelta con la Municipalidad por el lado de los eventos, ya sea en el Estadio \u00danico o en otros lugares\u201d, detall\u00f3 Crotto y asegur\u00f3 que \u201ccasi todos los municipios de la Provincia tienen algo, hist\u00f3rico o cultural\u201d.<\/p>\n<p>En la misma l\u00ednea, el funcionario destac\u00f3 que \u201ccuando hay turistas no podemos olvidar que trabaja el resto de la gente\u201d.<\/p>\n<p>En cuanto a la temporada que se viene, Crotto se\u00f1al\u00f3: \u201cLas reservas est\u00e1n todas por arriba del 75% y en algunos lugares incluso m\u00e1s, y aunque los argentinos somos muy de ir sobre el final, va a ser una buena temporada\u201d.<\/p>\n<p>Por otro lado, el Secretario de Turismo hizo hincapi\u00e9 en la relaci\u00f3n entre la seguridad vial y el turismo. \u201cVienen de la mano, es algo fundamental. Cuando hablamos de temporada exitosa, son todas las \u00e1reas del gobierno provincial las que trabajamos, desde el Gobernador hasta los Ministros\u201d.<\/p>\n<p>\u201cEl tema de las rutas es muy importante por eso va a haber mucho control de vialidad, incluso lo estamos avisando. En todos los medios sali\u00f3 en qu\u00e9 lugar estar\u00e1n las c\u00e1maras, como para que las personas levanten el pie del acelerador, porque el argentino es hijo del rigor\u201d, indic\u00f3.<\/p>\n<p>Finalmente, Crotto concluy\u00f3: \u201cPor m\u00e1s control que hagamos, si no tenemos la colaboraci\u00f3n de los turistas y conductores es dif\u00edcil, por eso trabajamos mucho en la concientizaci\u00f3n\u201d.<\/p>\n<p>&nbsp;<\/p>\n<p>&nbsp;<\/p>\n<p>&nbsp;<\/p>\n<p>&nbsp;<\/p>\n","protected":false},"excerpt":{"rendered":"<p>El Secretario de Turismo bonaerense, Ignacio\u00a0Crotto, mantuvo un di\u00e1logo radial , en el que expres\u00f3 las expectativas que tiene el \u00e1rea para la temporada que viene. Adem\u00e1s, redonde\u00f3 un balance del a\u00f1o, en el que asegur\u00f3: \u201cHemos demostrado en esta gesti\u00f3n que la Provincia no es s\u00f3lo la costa atl\u00e1ntica\u201d.<\/p>\n","protected":false},"author":11,"featured_media":0,"comment_status":"open","ping_status":"open","sticky":false,"template":"","format":"standard","meta":{"_jetpack_newsletter_access":"","_jetpack_dont_email_post_to_subs":false,"_jetpack_newsletter_tier_id":0,"_jetpack_memberships_contains_paywalled_content":false,"_jetpack_memberships_contains_paid_content":false,"footnotes":""},"categories":[40],"tags":[],"class_list":["post-10700","post","type-post","status-publish","format-standard","hentry","category-provincia"],"jetpack_featured_media_url":"","jetpack_shortlink":"https:\/\/wp.me\/p2JWE0-2MA","jetpack-related-posts":[{"id":38068,"url":"https:\/\/www.24baires.com\/?p=38068","url_meta":{"origin":10700,"position":0},"title":"La Costa Atl\u00e1ntica, a pleno","author":"Grupo Sierra","date":"07\/01\/2014","format":false,"excerpt":"El Secretario de Turismo de la provincia de Buenos Aires, Ignacio Crotto, habl\u00f3 sobre la temporada de verano en la Costa Atl\u00e1ntica y asegur\u00f3 que \u201cest\u00e1 entre un 75 y un 90 por ciento la ocupaci\u00f3n en general\u201d. Al respecto, explic\u00f3 que \u201caquellos lugares de 4 o 5 estrellas son\u2026","rel":"","context":"En \u00abSociedad\u00bb","block_context":{"text":"Sociedad","link":"https:\/\/www.24baires.com\/?cat=1"},"img":{"alt_text":"playa","src":"https:\/\/i0.wp.com\/www.24baires.com\/wp-content\/uploads\/2014\/01\/playa.jpg?resize=350%2C200","width":350,"height":200,"srcset":"https:\/\/i0.wp.com\/www.24baires.com\/wp-content\/uploads\/2014\/01\/playa.jpg?resize=350%2C200 1x, https:\/\/i0.wp.com\/www.24baires.com\/wp-content\/uploads\/2014\/01\/playa.jpg?resize=525%2C300 1.5x"},"classes":[]},{"id":59813,"url":"https:\/\/www.24baires.com\/?p=59813","url_meta":{"origin":10700,"position":1},"title":"\u00abLos centros tur\u00edsticos bonaerenses explotan de gente\u00bb","author":"GB","date":"09\/01\/2015","format":false,"excerpt":"As\u00ed lo expres\u00f3 el secretario de Turismo de la provincia de Buenos Aires, Ignacio Crotto, quien adem\u00e1s asegur\u00f3 que \"la temporada viene s\u00faper bien\". El funcionario explic\u00f3 a T\u00e9lam que \"todos los municipios de la Costa tienen una ocupaci\u00f3n que est\u00e1 por encima del 80% y, por citar s\u00f3lo algunos,\u2026","rel":"","context":"En \u00abTurismo\u00bb","block_context":{"text":"Turismo","link":"https:\/\/www.24baires.com\/?cat=69"},"img":{"alt_text":"mardel_playa2_10769","src":"https:\/\/i0.wp.com\/www.24baires.com\/wp-content\/uploads\/2013\/11\/mardel_playa2_10769.jpg?resize=350%2C200","width":350,"height":200,"srcset":"https:\/\/i0.wp.com\/www.24baires.com\/wp-content\/uploads\/2013\/11\/mardel_playa2_10769.jpg?resize=350%2C200 1x, https:\/\/i0.wp.com\/www.24baires.com\/wp-content\/uploads\/2013\/11\/mardel_playa2_10769.jpg?resize=525%2C300 1.5x"},"classes":[]},{"id":69952,"url":"https:\/\/www.24baires.com\/?p=69952","url_meta":{"origin":10700,"position":2},"title":"Los destinos tur\u00edsticos bonaerenses incrementaron su nivel de visitantes","author":"AF","date":"03\/08\/2015","format":false,"excerpt":"Los principales centros tur\u00edsticos de la provincia de Buenos Aires registraron un significativo incremento respecto a la temporada invernal 2014, seg\u00fan indicaron los responsables de las \u00e1reas municipales, receso en el que las sierras y las termas fueron una vez m\u00e1s las preferidas por los visitantes, con altos niveles de\u2026","rel":"","context":"En \u00abProvincia\u00bb","block_context":{"text":"Provincia","link":"https:\/\/www.24baires.com\/?cat=40"},"img":{"alt_text":"mdq turismo","src":"https:\/\/i0.wp.com\/www.24baires.com\/wp-content\/uploads\/2012\/12\/mdq-turismo.jpg?resize=350%2C200","width":350,"height":200,"srcset":"https:\/\/i0.wp.com\/www.24baires.com\/wp-content\/uploads\/2012\/12\/mdq-turismo.jpg?resize=350%2C200 1x, https:\/\/i0.wp.com\/www.24baires.com\/wp-content\/uploads\/2012\/12\/mdq-turismo.jpg?resize=525%2C300 1.5x"},"classes":[]},{"id":63811,"url":"https:\/\/www.24baires.com\/?p=63811","url_meta":{"origin":10700,"position":3},"title":"Fin de semana largo: Reservas hoteleras en Provincia llegan a 90%","author":"GB","date":"01\/04\/2015","format":false,"excerpt":"As\u00ed lo precis\u00f3 el secretario bonaerense de Turismo, Ignacio Crotto, quien manifest\u00f3 \u201cgrandes expectativas\u201d. Crotto precis\u00f3 en un comunicado que \u201ctodo indica que habr\u00e1 un muy buen movimiento tur\u00edstico en Semana Santa, un fin de semana clave para la provincia de Buenos Aires, debido a la gran diversidad de propuestas\u2026","rel":"","context":"En \u00abSociedad\u00bb","block_context":{"text":"Sociedad","link":"https:\/\/www.24baires.com\/?cat=1"},"img":{"alt_text":"mar del plata playa","src":"https:\/\/i0.wp.com\/www.24baires.com\/wp-content\/uploads\/2015\/01\/mar-del-plata-playa.jpg?resize=350%2C200","width":350,"height":200,"srcset":"https:\/\/i0.wp.com\/www.24baires.com\/wp-content\/uploads\/2015\/01\/mar-del-plata-playa.jpg?resize=350%2C200 1x, https:\/\/i0.wp.com\/www.24baires.com\/wp-content\/uploads\/2015\/01\/mar-del-plata-playa.jpg?resize=525%2C300 1.5x"},"classes":[]},{"id":30462,"url":"https:\/\/www.24baires.com\/?p=30462","url_meta":{"origin":10700,"position":4},"title":"Miles de turistas recorrieron la Provincia durante el fin de semana","author":"AF","date":"20\/08\/2013","format":false,"excerpt":"Este fin de semana largo -en el que se conmemor\u00f3 la muerte del General San Mart\u00edn- miles de turistas llegaron a los distintos destinos de la provincia de Buenos Aires. \u201cNuestra provincia es una de las m\u00e1s beneficiadas por el calendario de feriados, por la cercan\u00eda a los grandes centros\u2026","rel":"","context":"En \u00abProvincia\u00bb","block_context":{"text":"Provincia","link":"https:\/\/www.24baires.com\/?cat=40"},"img":{"alt_text":"CARILOO","src":"https:\/\/i0.wp.com\/www.24baires.com\/wp-content\/uploads\/2012\/12\/CARILOO.jpg?resize=350%2C200","width":350,"height":200,"srcset":"https:\/\/i0.wp.com\/www.24baires.com\/wp-content\/uploads\/2012\/12\/CARILOO.jpg?resize=350%2C200 1x, https:\/\/i0.wp.com\/www.24baires.com\/wp-content\/uploads\/2012\/12\/CARILOO.jpg?resize=525%2C300 1.5x"},"classes":[]},{"id":61572,"url":"https:\/\/www.24baires.com\/?p=61572","url_meta":{"origin":10700,"position":5},"title":"La costa explot\u00f3 con m\u00e1s de 9,5 millones de turistas","author":"Grupo Sierra","date":"10\/02\/2015","format":false,"excerpt":"Esa cantidad de visitantes gener\u00f3 en enero y febrero un incremento en la ocupaci\u00f3n hotelera del 6% en relaci\u00f3n a la temporada anterior, inform\u00f3 la Secretar\u00eda de Turismo de la provincia de Buenos Aires. El estudio respectivo fue elaborado en base a datos preliminares de este organismo y de las\u2026","rel":"","context":"En \u00abTurismo\u00bb","block_context":{"text":"Turismo","link":"https:\/\/www.24baires.com\/?cat=69"},"img":{"alt_text":"mar del plata playa","src":"https:\/\/i0.wp.com\/www.24baires.com\/wp-content\/uploads\/2015\/01\/mar-del-plata-playa.jpg?resize=350%2C200","width":350,"height":200,"srcset":"https:\/\/i0.wp.com\/www.24baires.com\/wp-content\/uploads\/2015\/01\/mar-del-plata-playa.jpg?resize=350%2C200 1x, https:\/\/i0.wp.com\/www.24baires.com\/wp-content\/uploads\/2015\/01\/mar-del-plata-playa.jpg?resize=525%2C300 1.5x"},"classes":[]}],"jetpack_sharing_enabled":true,"jetpack_likes_enabled":true,"_links":{"self":[{"href":"https:\/\/www.24baires.com\/index.php?rest_route=\/wp\/v2\/posts\/10700","targetHints":{"allow":["GET"]}}],"collection":[{"href":"https:\/\/www.24baires.com\/index.php?rest_route=\/wp\/v2\/posts"}],"about":[{"href":"https:\/\/www.24baires.com\/index.php?rest_route=\/wp\/v2\/types\/post"}],"author":[{"embeddable":true,"href":"https:\/\/www.24baires.com\/index.php?rest_route=\/wp\/v2\/users\/11"}],"replies":[{"embeddable":true,"href":"https:\/\/www.24baires.com\/index.php?rest_route=%2Fwp%2Fv2%2Fcomments&post=10700"}],"version-history":[{"count":2,"href":"https:\/\/www.24baires.com\/index.php?rest_route=\/wp\/v2\/posts\/10700\/revisions"}],"predecessor-version":[{"id":10702,"href":"https:\/\/www.24baires.com\/index.php?rest_route=\/wp\/v2\/posts\/10700\/revisions\/10702"}],"wp:attachment":[{"href":"https:\/\/www.24baires.com\/index.php?rest_route=%2Fwp%2Fv2%2Fmedia&parent=10700"}],"wp:term":[{"taxonomy":"category","embeddable":true,"href":"https:\/\/www.24baires.com\/index.php?rest_route=%2Fwp%2Fv2%2Fcategories&post=10700"},{"taxonomy":"post_tag","embeddable":true,"href":"https:\/\/www.24baires.com\/index.php?rest_route=%2Fwp%2Fv2%2Ftags&post=10700"}],"curies":[{"name":"wp","href":"https:\/\/api.w.org\/{rel}","templated":true}]}}