{"id":10694,"date":"2012-12-28T13:00:38","date_gmt":"2012-12-28T16:00:38","guid":{"rendered":"http:\/\/www.24baires.com\/?p=10694"},"modified":"2012-12-28T17:51:34","modified_gmt":"2012-12-28T20:51:34","slug":"cynthia-ottaviano-tuvo-que-salir-a-desmentir-como-es-habitual-una-columna-de-la-nacion","status":"publish","type":"post","link":"https:\/\/www.24baires.com\/?p=10694","title":{"rendered":"Cynthia Ottaviano tuvo que salir a desmentir como es habitual una columna de La Naci\u00f3n"},"content":{"rendered":"<p><a href=\"http:\/\/www.24baires.com\/medios\/10694-cynthia-ottaviano-tuvo-que-salir-a-desmentir-como-es-habitual-una-columna-de-la-nacion\/attachment\/ottaviano-cynthia\/\" rel=\"attachment wp-att-10695\"><img data-recalc-dims=\"1\" loading=\"lazy\" decoding=\"async\" class=\"aligncenter size-full wp-image-10695\" alt=\"Ottaviano Cynthia\" src=\"https:\/\/i0.wp.com\/www.24baires.com\/wp-content\/uploads\/2012\/12\/Ottaviano-Cynthia.jpg?resize=560%2C420\" width=\"560\" height=\"420\" srcset=\"https:\/\/i0.wp.com\/www.24baires.com\/wp-content\/uploads\/2012\/12\/Ottaviano-Cynthia.jpg?w=560&amp;ssl=1 560w, https:\/\/i0.wp.com\/www.24baires.com\/wp-content\/uploads\/2012\/12\/Ottaviano-Cynthia.jpg?resize=300%2C225&amp;ssl=1 300w\" sizes=\"auto, (max-width: 560px) 100vw, 560px\" \/><\/a>Ante inexactitudes publicadas por el diario La Naci\u00f3n, la Defensor\u00eda del P\u00fablico establecida por la Ley de Servicios de Comunicaci\u00f3n Audiovisual, cuya titular es\u00a0Cynthia Ottaviano,\u00a0debi\u00f3 salir a aclarar a trav\u00e9s de un comunicado &#8211; una vez m\u00e1s- que lo publicado por ese medio como es habitual no es verdadero. El texto completo de la Carta enviada.\u00a0<!--more--><\/p>\n<p><strong>\u201cEl derecho a la informaci\u00f3n veraz\u201d<\/strong><\/p>\n<p>En la jornada de ayer, el diario La Naci\u00f3n public\u00f3 en su tapa una columna firmada por Carlos Pagni con varias inexactitudes que esta Defensor\u00eda aclar\u00f3 enviando una carta a su Director, solicitando derecho a r\u00e9plica, pero a\u00fan no fue contestada. Ante esa realidad, en defensa del derecho a la comunicaci\u00f3n y a la informaci\u00f3n veraz, la licenciada Cynthia Ottaviano se ve en el deber de difundir la carta mencionada para conocimiento de la sociedad, cuyo derecho se vulnera al informar de manera err\u00f3nea, como ha ocurrido:<\/p>\n<p>\u00bb Sr. Director,<\/p>\n<p>Me dirijo a Usted en relaci\u00f3n a la columna publicada en el d\u00eda de la fecha por Carlos Pagni, a fin de aclarar algunas de las afirmaciones vertidas en dicha pieza.<\/p>\n<p>Afirma Pagni que la Defensor\u00eda del P\u00fablico es una de las dependencias de la Autoridad Federal de Servicios de Comunicaci\u00f3n Audiovisual (Afsca), lo cual es incorrecto. A diferencia de la Afsca, que se encuentra en la \u00f3rbita del Poder Ejecutivo nacional, el \u201c\u00e1mbito de actuaci\u00f3n y dependencia org\u00e1nica\u201d de la Defensor\u00eda es la Comisi\u00f3n Bicameral de Promoci\u00f3n y Seguimiento de la Comunicaci\u00f3n Audiovisual que funciona en el \u00e1mbito del Congreso de la Naci\u00f3n, tal como establece el art\u00edculo 20 de la Ley de Servicios de Comunicaci\u00f3n Audiovisual (ley 26.522).<\/p>\n<p>Se equivoca tambi\u00e9n Pagni cuando asevera que \u201cSabbatella no tiene recursos para Ottaviano\u201d. La ley 26.522 establece con claridad con qu\u00e9 recursos cuenta la Defensor\u00eda para su funcionamiento. Por un lado, el art\u00edculo 94 dispone: \u201cLos titulares de los servicios de comunicaci\u00f3n audiovisual, tributar\u00e1n un gravamen proporcional al monto de la facturaci\u00f3n bruta correspondiente a la comercializaci\u00f3n de publicidad tradicional y no tradicional, programas, se\u00f1ales, contenidos, abonos y todo otro concepto derivado de la explotaci\u00f3n de estos servicios\u201d. A su vez, el art\u00edculo 97, que determina el destino de los fondos recaudados en aplicaci\u00f3n de dicho tributo, asigna: \u201cEl cinco por ciento (5%) para funcionamiento de la Defensor\u00eda del P\u00fablico de Servicios de Comunicaci\u00f3n Audiovisual\u201d (inciso e).<\/p>\n<p>Sostiene tambi\u00e9n el columnista que la Defensor\u00eda del P\u00fablico \u201ctodav\u00eda no est\u00e1 en funcionamiento\u201d. Por el contrario, la Defensor\u00eda se encuentra en actividad desde el 14 de noviembre de este a\u00f1o, fecha en que fui designada por resoluci\u00f3n conjunta de ambas c\u00e1maras, de acuerdo con el procedimiento previsto en la misma ley. En el sitio www.defensadelpublico.com.ar puede consultarse informaci\u00f3n sobre lo actuado por este organismo desde entonces.<\/p>\n<p>Tampoco son correctas algunas de las afirmaciones vertidas sobre mis v\u00ednculos profesionales. En este sentido, afirma Pagni que esta Defensora \u201cen la actualidad investiga ese grupo [en referencia a Clar\u00edn] para el diario oficial Tiempo Argentino\u201d. Como es de p\u00fablico conocimiento renunci\u00e9 al diario Tiempo Argentino y a Radio Nacional, donde tambi\u00e9n trabaj\u00e9, el 17 de octubre de este a\u00f1o.<\/p>\n<p>La Defensor\u00eda est\u00e1 llamada a cumplir un papel relevante en la protecci\u00f3n de los derechos del p\u00fablico de la radio, la televisi\u00f3n y los dem\u00e1s servicios. Por esta raz\u00f3n es fundamental que la ciudadan\u00eda est\u00e9 correctamente informada sobre este instrumento innovador que la ley 26.522 pone a su disposici\u00f3n. Insto por ello a los comunicadores de todos los medios a que profundicen en el conocimiento integral de la ley y su rico articulado, para poder cumplir con la responsabilidad indelegable que tienen en este sentido.\u201d<\/p>\n<p>&nbsp;<\/p>\n<p>&nbsp;<\/p>\n<p>&nbsp;<\/p>\n","protected":false},"excerpt":{"rendered":"<p>Ante inexactitudes publicadas por el diario La Naci\u00f3n, la Defensor\u00eda del P\u00fablico establecida por la Ley de Servicios de Comunicaci\u00f3n Audiovisual, cuya titular es\u00a0Cynthia Ottaviano,\u00a0debi\u00f3 salir a aclarar a trav\u00e9s de un comunicado &#8211; una vez m\u00e1s- que lo publicado por ese medio como es habitual no es verdadero. El texto completo de la Carta enviada.\u00a0<\/p>\n","protected":false},"author":11,"featured_media":0,"comment_status":"open","ping_status":"open","sticky":false,"template":"","format":"standard","meta":{"_jetpack_newsletter_access":"","_jetpack_dont_email_post_to_subs":false,"_jetpack_newsletter_tier_id":0,"_jetpack_memberships_contains_paywalled_content":false,"_jetpack_memberships_contains_paid_content":false,"footnotes":""},"categories":[54],"tags":[],"class_list":["post-10694","post","type-post","status-publish","format-standard","hentry","category-medios"],"jetpack_featured_media_url":"","jetpack_shortlink":"https:\/\/wp.me\/p2JWE0-2Mu","jetpack-related-posts":[{"id":8307,"url":"https:\/\/www.24baires.com\/?p=8307","url_meta":{"origin":10694,"position":0},"title":"Cynthia Ottaviano se reuni\u00f3 con el Interventor del INADI, Pedro Mouratian","author":"Grupo Sierra","date":"07\/12\/2012","format":false,"excerpt":"En la reuni\u00f3n acordaron acciones en conjunto entre el Instituto Nacional Contra la Discriminaci\u00f3n, la Xenofobia y el Racismo (INADI) y \u00a0Ottaviano,\u00a0flamante Defensor\u00eda del P\u00fablico de Servicios de Comunicaci\u00f3n Audiovisual La Defensora del P\u00fablico Cynthia Ottaviano se reuni\u00f3 hoy con el Interventor del INADI, Pedro Mouratian. Durante el encuentro se\u2026","rel":"","context":"En \u00abMedios\u00bb","block_context":{"text":"Medios","link":"https:\/\/www.24baires.com\/?cat=54"},"img":{"alt_text":"","src":"","width":0,"height":0},"classes":[]},{"id":21611,"url":"https:\/\/www.24baires.com\/?p=21611","url_meta":{"origin":10694,"position":1},"title":"Ottaviano inst\u00f3 a grandes grupos econ\u00f3micos a respetar la Ley de Medios","author":"AF","date":"22\/04\/2013","format":false,"excerpt":"La periodista Cynthia Ottaviano present\u00f3 el pasado jueves a la Defensor\u00eda del P\u00fablico en la Canciller\u00eda argentina. Invitada por el Consejo Consultivo de la Sociedad Civil, en un encuentro llevado a cabo en el marco de organizaci\u00f3n de la participaci\u00f3n argentina en la pr\u00f3xima cumbre social que se realizar\u00e1 a\u2026","rel":"","context":"En \u00abMedios\u00bb","block_context":{"text":"Medios","link":"https:\/\/www.24baires.com\/?cat=54"},"img":{"alt_text":"ottaviano","src":"https:\/\/i0.wp.com\/www.24baires.com\/wp-content\/uploads\/2013\/04\/ottaviano.jpg?resize=350%2C200","width":350,"height":200,"srcset":"https:\/\/i0.wp.com\/www.24baires.com\/wp-content\/uploads\/2013\/04\/ottaviano.jpg?resize=350%2C200 1x, https:\/\/i0.wp.com\/www.24baires.com\/wp-content\/uploads\/2013\/04\/ottaviano.jpg?resize=525%2C300 1.5x"},"classes":[]},{"id":24464,"url":"https:\/\/www.24baires.com\/?p=24464","url_meta":{"origin":10694,"position":2},"title":"La Defensor\u00eda del P\u00fablico es modelo en el mundo","author":"Grupo Sierra","date":"27\/05\/2013","format":false,"excerpt":"El organismo encabezado por Cynthia Ottaviano fue elogiado en la reciente asamblea anual de la Organization of News Ombudsmen (ONO), donde se incorpor\u00f3 como miembro regular. Frank La Rue, relator de Naciones Unidas, hab\u00eda destacado a la Defensor\u00eda como \u201cexperiencia \u00fanica a nivel internacional\u201d. Y el Parlamento uruguayo contempla la\u2026","rel":"","context":"En \u00abMedios\u00bb","block_context":{"text":"Medios","link":"https:\/\/www.24baires.com\/?cat=54"},"img":{"alt_text":"","src":"","width":0,"height":0},"classes":[]},{"id":22472,"url":"https:\/\/www.24baires.com\/?p=22472","url_meta":{"origin":10694,"position":3},"title":"Cynthia Ottaviano habl\u00f3 sobre el D\u00eda Mundial de la Libertad de Prensa","author":"Grupo Sierra","date":"02\/05\/2013","format":false,"excerpt":"Con motivo de recordarse el 3 de mayo como \u201cD\u00eda Mundial de la Libertad de Prensa\u201d, la Defensora del P\u00fablico, Cynthia Ottaviano, sostuvo la importancia de \u201cenmarcar esa idea de libertad dentro de un contexto mucho m\u00e1s general y abarcativo, como es el derecho humano a la comunicaci\u00f3n. Sobre todo\u2026","rel":"","context":"En \u00abMedios\u00bb","block_context":{"text":"Medios","link":"https:\/\/www.24baires.com\/?cat=54"},"img":{"alt_text":"","src":"","width":0,"height":0},"classes":[]},{"id":37216,"url":"https:\/\/www.24baires.com\/?p=37216","url_meta":{"origin":10694,"position":4},"title":"Ottaviano asegur\u00f3 que el 54,3% de las noticias de televisi\u00f3n no presentan fuentes","author":"GB","date":"20\/12\/2013","format":false,"excerpt":"Con la organizaci\u00f3n de la Defensor\u00eda del P\u00fablico se presentaron los resultados de los monitoreos de televisi\u00f3n abierta, el cual advirti\u00f3 que el 54,3% de las noticias emitidas por los cinco canales de aire con base en la ciudad de Buenos Aires no presentan las fuentes. \"El a\u00f1o que viene\u2026","rel":"","context":"En \u00abMedios\u00bb","block_context":{"text":"Medios","link":"https:\/\/www.24baires.com\/?cat=54"},"img":{"alt_text":"ottaviano","src":"https:\/\/i0.wp.com\/www.24baires.com\/wp-content\/uploads\/2013\/04\/ottaviano.jpg?resize=350%2C200","width":350,"height":200,"srcset":"https:\/\/i0.wp.com\/www.24baires.com\/wp-content\/uploads\/2013\/04\/ottaviano.jpg?resize=350%2C200 1x, https:\/\/i0.wp.com\/www.24baires.com\/wp-content\/uploads\/2013\/04\/ottaviano.jpg?resize=525%2C300 1.5x"},"classes":[]},{"id":15482,"url":"https:\/\/www.24baires.com\/?p=15482","url_meta":{"origin":10694,"position":5},"title":"Cynthia Ottaviano se presentar\u00e1 en C\u00f3rdoba por las antenas de la TDA clausuradas","author":"Grupo Sierra","date":"12\/02\/2013","format":false,"excerpt":"Una delegaci\u00f3n oficial de la Defensor\u00eda del P\u00fablico encabezada por su titular, Cynthia Ottaviano, recorrer\u00e1 distintas ciudades de C\u00f3rdoba entre el mi\u00e9rcoles y el jueves de esta semana, para tomar contacto con vecinas y vecinos perjudicados por la interrupci\u00f3n del servicio de Televisi\u00f3n Digital Abierta (TDA) dispuesta por el gobernador\u2026","rel":"","context":"En \u00abMedios\u00bb","block_context":{"text":"Medios","link":"https:\/\/www.24baires.com\/?cat=54"},"img":{"alt_text":"","src":"","width":0,"height":0},"classes":[]}],"jetpack_sharing_enabled":true,"jetpack_likes_enabled":true,"_links":{"self":[{"href":"https:\/\/www.24baires.com\/index.php?rest_route=\/wp\/v2\/posts\/10694","targetHints":{"allow":["GET"]}}],"collection":[{"href":"https:\/\/www.24baires.com\/index.php?rest_route=\/wp\/v2\/posts"}],"about":[{"href":"https:\/\/www.24baires.com\/index.php?rest_route=\/wp\/v2\/types\/post"}],"author":[{"embeddable":true,"href":"https:\/\/www.24baires.com\/index.php?rest_route=\/wp\/v2\/users\/11"}],"replies":[{"embeddable":true,"href":"https:\/\/www.24baires.com\/index.php?rest_route=%2Fwp%2Fv2%2Fcomments&post=10694"}],"version-history":[{"count":4,"href":"https:\/\/www.24baires.com\/index.php?rest_route=\/wp\/v2\/posts\/10694\/revisions"}],"predecessor-version":[{"id":10699,"href":"https:\/\/www.24baires.com\/index.php?rest_route=\/wp\/v2\/posts\/10694\/revisions\/10699"}],"wp:attachment":[{"href":"https:\/\/www.24baires.com\/index.php?rest_route=%2Fwp%2Fv2%2Fmedia&parent=10694"}],"wp:term":[{"taxonomy":"category","embeddable":true,"href":"https:\/\/www.24baires.com\/index.php?rest_route=%2Fwp%2Fv2%2Fcategories&post=10694"},{"taxonomy":"post_tag","embeddable":true,"href":"https:\/\/www.24baires.com\/index.php?rest_route=%2Fwp%2Fv2%2Ftags&post=10694"}],"curies":[{"name":"wp","href":"https:\/\/api.w.org\/{rel}","templated":true}]}}