{"id":10687,"date":"2012-12-28T17:19:47","date_gmt":"2012-12-28T20:19:47","guid":{"rendered":"http:\/\/www.24baires.com\/?p=10687"},"modified":"2012-12-29T14:28:06","modified_gmt":"2012-12-29T17:28:06","slug":"la-justicia-ahora-volvio-a-restituirles-los-dias-descontados-a-los-docentes-por-scioli","status":"publish","type":"post","link":"https:\/\/www.24baires.com\/?p=10687","title":{"rendered":"La Justicia ahora volvi\u00f3 a restituirles los d\u00edas descontados a los docentes por Scioli"},"content":{"rendered":"<p><strong>LA PLATA &#8211;<\/strong> La Justicia bonaerense dict\u00f3 este viernes una nueva medida cautelar por la cual ordena al gobierno bonaerense la inmediata restituci\u00f3n de los haberes descontados de manera irregular e indiscriminada a los docentes sindicalizados y aquellos que se encontraban de licencia o no ten\u00edan horas los d\u00edas en que se realizaron los paros de octubre y noviembre de este a\u00f1o.<!--more--><\/p>\n<p>Para la Justicia provincial, los descuentos realizados constituyen un claro acto de discriminaci\u00f3n sindical, ya que se realizaron espec\u00edficamente sobre docentes afiliados a los gremios.<\/p>\n<p>Sobre el nuevo fallo de la Justicia, la titular de la Federaci\u00f3n de Educadores Bonaerense (FEB), Mirta Petrocini, opin\u00f3 que \u201clos descuentos fueron arteros, ya que se realizaron a docentes sindicalizados, y se aplicaron en forma indiscriminada, a punto tal que afectaron a docentes que ten\u00edan licencias de distinto tipo, como por maternidad e incluso por intervenciones quir\u00fargicas, y a profesores que en esos d\u00edas no estaban cumpliendo horas en ning\u00fan colegio\u201d.<\/p>\n<p>\u201cLa Justicia nos volvi\u00f3 a dar la raz\u00f3n\u201d, precis\u00f3 Petrocini, y record\u00f3 que \u201cnunca abandonamos la lucha por defender nuestros derechos y aqu\u00ed est\u00e1n los resultados\u201d.<\/p>\n<p>La resoluci\u00f3n de la Justicia responde a la presentaci\u00f3n que oportunamente hab\u00eda realizado la FEB y el Suteba, por la cual se denunciaba a la Direcci\u00f3n General de Cultura y Educaci\u00f3n (DGCyE) por aplicar descuentos salariales irregulares a docentes afiliados, en un claro acto de discriminaci\u00f3n sindical.<\/p>\n<p>A comienzos de diciembre, el mismo Juzgado hab\u00eda pedido a la DGCyE un informe acerca de estos descuentos, pero la cartera educativa provincial nunca lo present\u00f3. Por este motivo, la Justicia fall\u00f3 una vez m\u00e1s en favor de los docentes y orden\u00f3 la inmediata restituci\u00f3n de los descuentos irregulares.<\/p>\n<p>Asimismo, el texto de la medida especifica que, de no comenzar a devolverse los haberes en los tiempos dispuestos por el dictamen, podr\u00e1 aplicarse lo establecido en el art\u00edculo 163 de la Constituci\u00f3n provincial, que establece la facultad de la Justicia de \u201cmandar a cumplir directamente sus sentencias por las autoridades o empleados correspondientes si el obligado no lo hiciere en el plazo de sesenta d\u00edas de notificadas\u201d.<\/p>\n<p>&nbsp;<\/p>\n<p>&nbsp;<\/p>\n<p>&nbsp;<\/p>\n<p>&nbsp;<\/p>\n<p>&nbsp;<\/p>\n<p>&nbsp;<\/p>\n<p>&nbsp;<\/p>\n","protected":false},"excerpt":{"rendered":"<p>LA PLATA &#8211; La Justicia bonaerense dict\u00f3 este viernes una nueva medida cautelar por la cual ordena al gobierno bonaerense la inmediata restituci\u00f3n de los haberes descontados de manera irregular e indiscriminada a los docentes sindicalizados y aquellos que se encontraban de licencia o no ten\u00edan horas los d\u00edas en que se realizaron los paros de octubre y noviembre de [&#8230;]<\/p>\n","protected":false},"author":11,"featured_media":0,"comment_status":"open","ping_status":"open","sticky":false,"template":"","format":"standard","meta":{"_jetpack_newsletter_access":"","_jetpack_dont_email_post_to_subs":false,"_jetpack_newsletter_tier_id":0,"_jetpack_memberships_contains_paywalled_content":false,"_jetpack_memberships_contains_paid_content":false,"footnotes":""},"categories":[40],"tags":[],"class_list":["post-10687","post","type-post","status-publish","format-standard","hentry","category-provincia"],"jetpack_featured_media_url":"","jetpack_shortlink":"https:\/\/wp.me\/p2JWE0-2Mn","jetpack-related-posts":[{"id":15554,"url":"https:\/\/www.24baires.com\/?p=15554","url_meta":{"origin":10687,"position":0},"title":"Petrocini sobre el descuento por los d\u00edas de paro: \u201cIntentan intimidar a los educadores\u201d","author":"AF","date":"13\/02\/2013","format":false,"excerpt":"La titular de la FEB consider\u00f3 que el fallo judicial que convalida los descuentos salariales a los docentes, \u201ctiene una clara intenci\u00f3n disciplinaria\u201d en un marco de \u201ctensi\u00f3n y conflicto por las negociaciones salariales\u201d con el Ejecutivo bonaerense. Tras manifestar su sorpresa por \u201cla celeridad con la que se resuelven\u2026","rel":"","context":"En \u00abSociedad\u00bb","block_context":{"text":"Sociedad","link":"https:\/\/www.24baires.com\/?cat=1"},"img":{"alt_text":"","src":"","width":0,"height":0},"classes":[]},{"id":101779,"url":"https:\/\/www.24baires.com\/?p=101779","url_meta":{"origin":10687,"position":1},"title":"La Justicia rechaz\u00f3 cautelar de docentes y el Gobierno podr\u00e1 descontar los paros","author":"GB","date":"24\/04\/2018","format":false,"excerpt":"El Tribunal de Trabajo N\u00b0 4 de La Plata rechaz\u00f3 hoy la medida cautelar presentada por los gremios docentes en la que solicitaban que el Gobierno provincial se abstenga de realizar descuentos sobre los salarios por los d\u00edas de paro. Los docentes hab\u00edan recurrido a la Justicia luego de que\u2026","rel":"","context":"En \u00abProvincia\u00bb","block_context":{"text":"Provincia","link":"https:\/\/www.24baires.com\/?cat=40"},"img":{"alt_text":"","src":"https:\/\/i0.wp.com\/www.24baires.com\/wp-content\/uploads\/2017\/11\/docentes.jpg?resize=350%2C200","width":350,"height":200,"srcset":"https:\/\/i0.wp.com\/www.24baires.com\/wp-content\/uploads\/2017\/11\/docentes.jpg?resize=350%2C200 1x, https:\/\/i0.wp.com\/www.24baires.com\/wp-content\/uploads\/2017\/11\/docentes.jpg?resize=525%2C300 1.5x"},"classes":[]},{"id":101412,"url":"https:\/\/www.24baires.com\/?p=101412","url_meta":{"origin":10687,"position":2},"title":"Los docentes presentaron una cautelar para frenar los descuentos","author":"GB","date":"04\/04\/2018","format":false,"excerpt":"Vidal tiene decidido descontar los d\u00edas de paro de principios de marzo. Hoy, nueva reuni\u00f3n paritaria en Econom\u00eda. Mar\u00eda Eugenia Vidal ya tiene resuelto descontarle a los docentes la doble jornada de paro de principios de marzo. Los gremios presentaron una cautelar para frenar la medida oficial, que tens\u00f3 el\u2026","rel":"","context":"En \u00abProvincia\u00bb","block_context":{"text":"Provincia","link":"https:\/\/www.24baires.com\/?cat=40"},"img":{"alt_text":"","src":"https:\/\/i0.wp.com\/www.24baires.com\/wp-content\/uploads\/2014\/03\/aulas-vac%C3%ADas.jpg?resize=350%2C200","width":350,"height":200},"classes":[]},{"id":108639,"url":"https:\/\/www.24baires.com\/?p=108639","url_meta":{"origin":10687,"position":3},"title":"Docentes bonaerenses denuncian que Vidal no cumple la paritaria","author":"AF","date":"07\/06\/2019","format":false,"excerpt":"Los docentes bonaerenses agrupados en Suteba y en la FEB denunciaron el incumplimiento del acuerdo paritario por parte del gobierno de Mar\u00eda Eugenia Vidal por un descuento \"indiscriminado\" de los d\u00edas de paro. \"Considerando el car\u00e1cter alimentario que tiene el salario de los docentes, exigimos una urgente devoluci\u00f3n de los\u2026","rel":"","context":"En \u00abSociedad\u00bb","block_context":{"text":"Sociedad","link":"https:\/\/www.24baires.com\/?cat=1"},"img":{"alt_text":"","src":"https:\/\/i0.wp.com\/www.24baires.com\/wp-content\/uploads\/2018\/10\/baradel.jpg?resize=350%2C200","width":350,"height":200,"srcset":"https:\/\/i0.wp.com\/www.24baires.com\/wp-content\/uploads\/2018\/10\/baradel.jpg?resize=350%2C200 1x, https:\/\/i0.wp.com\/www.24baires.com\/wp-content\/uploads\/2018\/10\/baradel.jpg?resize=525%2C300 1.5x"},"classes":[]},{"id":101399,"url":"https:\/\/www.24baires.com\/?p=101399","url_meta":{"origin":10687,"position":4},"title":"Docentes van a la Justicia para evitar descuentos por paros","author":"AF","date":"03\/04\/2018","format":false,"excerpt":"Los gremios de maestros mayoritarios bonaerenses, Suteba y FEB, presentaron una medida cautelar ante el juzgado de trabajo Nro. 4 de La Plata con el fin de que el Gobierno provincial \"se abstenga de realizar ning\u00fan descuento sobre los haberes de los docentes\" por los d\u00edas 5 y 6 de\u2026","rel":"","context":"En \u00abSociedad\u00bb","block_context":{"text":"Sociedad","link":"https:\/\/www.24baires.com\/?cat=1"},"img":{"alt_text":"","src":"https:\/\/i0.wp.com\/www.24baires.com\/wp-content\/uploads\/2017\/03\/marcha-federal-docente.jpg?resize=350%2C200","width":350,"height":200,"srcset":"https:\/\/i0.wp.com\/www.24baires.com\/wp-content\/uploads\/2017\/03\/marcha-federal-docente.jpg?resize=350%2C200 1x, https:\/\/i0.wp.com\/www.24baires.com\/wp-content\/uploads\/2017\/03\/marcha-federal-docente.jpg?resize=525%2C300 1.5x"},"classes":[]},{"id":6762,"url":"https:\/\/www.24baires.com\/?p=6762","url_meta":{"origin":10687,"position":5},"title":"Cuartango confirm\u00f3 que descontar\u00e1n los d\u00edas de paro a los docentes y se tensa el conflicto","author":"Grupo Sierra","date":"25\/11\/2012","format":false,"excerpt":"El ministro de Trabajo cuestion\u00f3 este domingo a los maestros por haber llevado a cabo dos huelgas de 48 horas \u201ca pocos d\u00edas de terminar las clases\" y dijo que es \"una pol\u00edtica de Estado descontar los d\u00edas que no se trabaja\". El Frente Gremial se prepara para apelar ante\u2026","rel":"","context":"En \u00abProvincia\u00bb","block_context":{"text":"Provincia","link":"https:\/\/www.24baires.com\/?cat=40"},"img":{"alt_text":"","src":"https:\/\/i0.wp.com\/www.24baires.com\/wp-content\/uploads\/2012\/11\/cuartagno-ministro.jpg?resize=350%2C200","width":350,"height":200,"srcset":"https:\/\/i0.wp.com\/www.24baires.com\/wp-content\/uploads\/2012\/11\/cuartagno-ministro.jpg?resize=350%2C200 1x, https:\/\/i0.wp.com\/www.24baires.com\/wp-content\/uploads\/2012\/11\/cuartagno-ministro.jpg?resize=525%2C300 1.5x"},"classes":[]}],"jetpack_sharing_enabled":true,"jetpack_likes_enabled":true,"_links":{"self":[{"href":"https:\/\/www.24baires.com\/index.php?rest_route=\/wp\/v2\/posts\/10687","targetHints":{"allow":["GET"]}}],"collection":[{"href":"https:\/\/www.24baires.com\/index.php?rest_route=\/wp\/v2\/posts"}],"about":[{"href":"https:\/\/www.24baires.com\/index.php?rest_route=\/wp\/v2\/types\/post"}],"author":[{"embeddable":true,"href":"https:\/\/www.24baires.com\/index.php?rest_route=\/wp\/v2\/users\/11"}],"replies":[{"embeddable":true,"href":"https:\/\/www.24baires.com\/index.php?rest_route=%2Fwp%2Fv2%2Fcomments&post=10687"}],"version-history":[{"count":3,"href":"https:\/\/www.24baires.com\/index.php?rest_route=\/wp\/v2\/posts\/10687\/revisions"}],"predecessor-version":[{"id":10799,"href":"https:\/\/www.24baires.com\/index.php?rest_route=\/wp\/v2\/posts\/10687\/revisions\/10799"}],"wp:attachment":[{"href":"https:\/\/www.24baires.com\/index.php?rest_route=%2Fwp%2Fv2%2Fmedia&parent=10687"}],"wp:term":[{"taxonomy":"category","embeddable":true,"href":"https:\/\/www.24baires.com\/index.php?rest_route=%2Fwp%2Fv2%2Fcategories&post=10687"},{"taxonomy":"post_tag","embeddable":true,"href":"https:\/\/www.24baires.com\/index.php?rest_route=%2Fwp%2Fv2%2Ftags&post=10687"}],"curies":[{"name":"wp","href":"https:\/\/api.w.org\/{rel}","templated":true}]}}