{"id":10660,"date":"2012-12-28T13:12:39","date_gmt":"2012-12-28T16:12:39","guid":{"rendered":"http:\/\/www.24baires.com\/?p=10660"},"modified":"2012-12-29T10:36:04","modified_gmt":"2012-12-29T13:36:04","slug":"randazzo-puso-en-marcha-el-operativo-vial-de-verano-en-rutas","status":"publish","type":"post","link":"https:\/\/www.24baires.com\/?p=10660","title":{"rendered":"Randazzo puso en marcha el Operativo Vial de Verano en Rutas"},"content":{"rendered":"<p><a href=\"http:\/\/www.24baires.com\/sociedad\/10660-randazzo-puso-en-marcha-el-operativo-vial-de-verano-en-rutas\/attachment\/randazzo-operativo\/\" rel=\"attachment wp-att-10661\"><img data-recalc-dims=\"1\" loading=\"lazy\" decoding=\"async\" class=\"aligncenter size-full wp-image-10661\" alt=\"randazzo operativo\" src=\"https:\/\/i0.wp.com\/www.24baires.com\/wp-content\/uploads\/2012\/12\/randazzo-operativo.jpg?resize=560%2C331\" width=\"560\" height=\"331\" srcset=\"https:\/\/i0.wp.com\/www.24baires.com\/wp-content\/uploads\/2012\/12\/randazzo-operativo.jpg?w=560&amp;ssl=1 560w, https:\/\/i0.wp.com\/www.24baires.com\/wp-content\/uploads\/2012\/12\/randazzo-operativo.jpg?resize=300%2C177&amp;ssl=1 300w\" sizes=\"auto, (max-width: 560px) 100vw, 560px\" \/><\/a><\/p>\n<p>El ministro de Interior y Transporte de la Naci\u00f3n puso en marcha este mediod\u00eda el Operativo Verano 2013 en el peaje Hudson y destac\u00f3 que hay que <strong>\u00abtenerle m\u00e1s miedo a la muerte que a las multas\u00bb.<\/strong><!--more--><\/p>\n<p>Florencio Randazzo asegur\u00f3 que el desaf\u00edo es \u00abseguir bajando los accidentes viales en las rutas\u00bb y sostuvo que \u00abtodos deben colaborar\u00bb para lograr ese objetivo.<\/p>\n<p>\u00abEl desaf\u00edo es seguir bajando los accidentes viales\u00bb, dijo Randazzo, al lanzar el operativo Verano 2013.<\/p>\n","protected":false},"excerpt":{"rendered":"<p>El ministro de Interior y Transporte de la Naci\u00f3n puso en marcha este mediod\u00eda el Operativo Verano 2013 en el peaje Hudson y destac\u00f3 que hay que \u00abtenerle m\u00e1s miedo a la muerte que a las multas\u00bb.<\/p>\n","protected":false},"author":11,"featured_media":0,"comment_status":"open","ping_status":"open","sticky":false,"template":"","format":"standard","meta":{"_jetpack_newsletter_access":"","_jetpack_dont_email_post_to_subs":false,"_jetpack_newsletter_tier_id":0,"_jetpack_memberships_contains_paywalled_content":false,"_jetpack_memberships_contains_paid_content":false,"footnotes":""},"categories":[1],"tags":[],"class_list":["post-10660","post","type-post","status-publish","format-standard","hentry","category-sociedad"],"jetpack_featured_media_url":"","jetpack_shortlink":"https:\/\/wp.me\/p2JWE0-2LW","jetpack-related-posts":[{"id":37213,"url":"https:\/\/www.24baires.com\/?p=37213","url_meta":{"origin":10660,"position":0},"title":"Randazzo present\u00f3 el operativo de Seguridad Vial \u00abVerano 2014\u00bb","author":"GB","date":"20\/12\/2013","format":false,"excerpt":"El ministro Randazzo present\u00f3 el operativo que incluir\u00e1 100 puestos de control m\u00f3viles y fijos y 500 agentes que se sumar\u00e1n a los de las fuerzas de seguridad. \"El objetivo claro que tenemos es salvar vidas, y si bien los resultados han sido muy buenos tenemos un largo camino por\u2026","rel":"","context":"En \u00abSociedad\u00bb","block_context":{"text":"Sociedad","link":"https:\/\/www.24baires.com\/?cat=1"},"img":{"alt_text":"operativo verano randazzo","src":"https:\/\/i0.wp.com\/www.24baires.com\/wp-content\/uploads\/2013\/12\/operativo-verano-randazzo-300x190.jpg?resize=350%2C200","width":350,"height":200},"classes":[]},{"id":8694,"url":"https:\/\/www.24baires.com\/?p=8694","url_meta":{"origin":10660,"position":1},"title":"El Ministerio del Interior lanz\u00f3 el Operativo de Verano 2013","author":"Grupo Sierra","date":"11\/12\/2012","format":false,"excerpt":"El Ministro del Interior, Florencio Randazzo lanz\u00f3 el operativo Verano 2013, que con motivo de la temporada ofrecer\u00e1 puestos para obtener el DNI, el pasaporte o la tarjeta Sube. En el operativo, que comenzar\u00e1 ma\u00f1ana y que est\u00e1 adem\u00e1s vinculado con una campa\u00f1a de seguridad vial en las rutas, participar\u00e1n\u2026","rel":"","context":"En \u00abPol\u00edtica\u00bb","block_context":{"text":"Pol\u00edtica","link":"https:\/\/www.24baires.com\/?cat=51"},"img":{"alt_text":"","src":"https:\/\/i0.wp.com\/www.24baires.com\/wp-content\/uploads\/2012\/12\/randazzo-vial-2013.jpg?resize=350%2C200","width":350,"height":200,"srcset":"https:\/\/i0.wp.com\/www.24baires.com\/wp-content\/uploads\/2012\/12\/randazzo-vial-2013.jpg?resize=350%2C200 1x, https:\/\/i0.wp.com\/www.24baires.com\/wp-content\/uploads\/2012\/12\/randazzo-vial-2013.jpg?resize=525%2C300 1.5x"},"classes":[]},{"id":39709,"url":"https:\/\/www.24baires.com\/?p=39709","url_meta":{"origin":10660,"position":2},"title":"En las rutas de la costa se redujeron un 53% las v\u00edctimas fatales revel\u00f3 Randazzo","author":"Grupo Sierra","date":"02\/02\/2014","format":false,"excerpt":"El ministro del Interior y Transporte, Florencio Randazzo, confirm\u00f3 hoy que durante enero se produjo un descenso del 53% de las v\u00edctimas fatales en siniestros viales en las rutas tur\u00edsticas que conducen a la Costa Alt\u00e1ntica, donde trabajan m\u00e1s de 150 veh\u00edculos de la Agencia Nacional de Seguridad Vial (ANSV)\u2026","rel":"","context":"En \u00abGeneral\u00bb","block_context":{"text":"General","link":"https:\/\/www.24baires.com\/?cat=67"},"img":{"alt_text":"","src":"","width":0,"height":0},"classes":[]},{"id":38562,"url":"https:\/\/www.24baires.com\/?p=38562","url_meta":{"origin":10660,"position":3},"title":"Las v\u00edctimas fatales en accidentes de tr\u00e1nsito se redujeron un 20%","author":"GB","date":"15\/01\/2014","format":false,"excerpt":"La cantidad de v\u00edctimas por siniestros viales en rutas hacia la costa atl\u00e1ntica descendi\u00f3 un 20% en los primeros 15 d\u00edas del a\u00f1o respecto al mismo per\u00edodo del 2013, por lo que existe \"una mayor percepci\u00f3n del riesgo de parte de los conductores\", explicaron autoridades viales. Desde que comenz\u00f3 el\u2026","rel":"","context":"En \u00abSociedad\u00bb","block_context":{"text":"Sociedad","link":"https:\/\/www.24baires.com\/?cat=1"},"img":{"alt_text":"","src":"","width":0,"height":0},"classes":[]},{"id":58641,"url":"https:\/\/www.24baires.com\/?p=58641","url_meta":{"origin":10660,"position":4},"title":"Randazzo presenta el operativo de seguridad vial para este verano","author":"AF","date":"15\/12\/2014","format":false,"excerpt":"La ceremonia se lleva a cabo desde las 11 en el Patio Col\u00f3n, en Casa de Gobierno. El ministro saluda a los agentes que participar\u00e1n de los operativos en todo el pa\u00eds y luego mantendr\u00e1 un encuentro con los medios de comunicaci\u00f3n. El ministro del Interior y Transporte, Florencio Randazzo,\u2026","rel":"","context":"En \u00abSociedad\u00bb","block_context":{"text":"Sociedad","link":"https:\/\/www.24baires.com\/?cat=1"},"img":{"alt_text":"randazzo-tres","src":"https:\/\/i0.wp.com\/www.24baires.com\/wp-content\/uploads\/2014\/10\/randazzo-tres.jpg?resize=350%2C200","width":350,"height":200,"srcset":"https:\/\/i0.wp.com\/www.24baires.com\/wp-content\/uploads\/2014\/10\/randazzo-tres.jpg?resize=350%2C200 1x, https:\/\/i0.wp.com\/www.24baires.com\/wp-content\/uploads\/2014\/10\/randazzo-tres.jpg?resize=525%2C300 1.5x"},"classes":[]},{"id":38816,"url":"https:\/\/www.24baires.com\/?p=38816","url_meta":{"origin":10660,"position":5},"title":"El Retorno: Casi 1.900 veh\u00edculos por hora circulan por la Autov\u00eda 2 hacia Capital","author":"Grupo Sierra","date":"19\/01\/2014","format":false,"excerpt":"Cerca de 1.900 autos por hora circulaban hacia la Capital Federal, en el marco del recambio de quincena que comenz\u00f3 el jueves con un importante movimiento en varios puntos tur\u00edsticos del pa\u00eds. La Agencia Nacional de Seguridad Vial (ANSV), dependiente del Ministerio del Interior y Transporte, inform\u00f3 hoy que \"por\u2026","rel":"","context":"En \u00abTurismo\u00bb","block_context":{"text":"Turismo","link":"https:\/\/www.24baires.com\/?cat=69"},"img":{"alt_text":"","src":"","width":0,"height":0},"classes":[]}],"jetpack_sharing_enabled":true,"jetpack_likes_enabled":true,"_links":{"self":[{"href":"https:\/\/www.24baires.com\/index.php?rest_route=\/wp\/v2\/posts\/10660","targetHints":{"allow":["GET"]}}],"collection":[{"href":"https:\/\/www.24baires.com\/index.php?rest_route=\/wp\/v2\/posts"}],"about":[{"href":"https:\/\/www.24baires.com\/index.php?rest_route=\/wp\/v2\/types\/post"}],"author":[{"embeddable":true,"href":"https:\/\/www.24baires.com\/index.php?rest_route=\/wp\/v2\/users\/11"}],"replies":[{"embeddable":true,"href":"https:\/\/www.24baires.com\/index.php?rest_route=%2Fwp%2Fv2%2Fcomments&post=10660"}],"version-history":[{"count":3,"href":"https:\/\/www.24baires.com\/index.php?rest_route=\/wp\/v2\/posts\/10660\/revisions"}],"predecessor-version":[{"id":10750,"href":"https:\/\/www.24baires.com\/index.php?rest_route=\/wp\/v2\/posts\/10660\/revisions\/10750"}],"wp:attachment":[{"href":"https:\/\/www.24baires.com\/index.php?rest_route=%2Fwp%2Fv2%2Fmedia&parent=10660"}],"wp:term":[{"taxonomy":"category","embeddable":true,"href":"https:\/\/www.24baires.com\/index.php?rest_route=%2Fwp%2Fv2%2Fcategories&post=10660"},{"taxonomy":"post_tag","embeddable":true,"href":"https:\/\/www.24baires.com\/index.php?rest_route=%2Fwp%2Fv2%2Ftags&post=10660"}],"curies":[{"name":"wp","href":"https:\/\/api.w.org\/{rel}","templated":true}]}}