{"id":10656,"date":"2012-12-28T11:12:26","date_gmt":"2012-12-28T14:12:26","guid":{"rendered":"http:\/\/www.24baires.com\/?p=10656"},"modified":"2012-12-29T14:28:01","modified_gmt":"2012-12-29T17:28:01","slug":"pediran-a-la-corte-y-a-la-camara-que-se-habilite-la-feria-judicial-por-la-ley-de-medios","status":"publish","type":"post","link":"https:\/\/www.24baires.com\/?p=10656","title":{"rendered":"Pedir\u00e1n a la Corte y a la C\u00e1mara que se habilite la feria judicial por la Ley de Medios"},"content":{"rendered":"<p>La AFSCA solicitar\u00e1 hoy formalmente a la Corte Suprema y a la C\u00e1mara Federal Civil y Comercial que se habilite la feria judicial durante el mes de enero para resolver con \u00abceleridad\u00bb la causa sobre la ley de medios.<!--more--><\/p>\n<p>As\u00ed lo confirm\u00f3 el titular del AFSCA, Mart\u00edn Sabbatella, quien inform\u00f3 que los abogados del organismo realizaron la presentaci\u00f3n formal ante la justicia para \u00abpedir celeridad y para que la C\u00e1mara resuelva en forma urgente, ante la situaci\u00f3n de gravedad institucional\u00bb que representa la indefinici\u00f3n de la cuesti\u00f3n de fondo de la causa.<\/p>\n<p>La presentaci\u00f3n se realiz\u00f3 luego de que ayer la Corte Suprema de Justicia rechazara el per saltum solicitado por el gobierno nacional, en un fallo en el que tambi\u00e9n confirm\u00f3 la extensi\u00f3n de la medida cautelar dictada por la C\u00e1mara Federal y ratific\u00f3 que los plazos de adecuaci\u00f3n a la ley por parte de todos los grupos de medios ya est\u00e1n cumplidos.<\/p>\n<p>\u00abNos presentamos a la justicia pidi\u00e9ndole que se tomen las medidas necesarias para resolver con celeridad y urgencia la cuesti\u00f3n, que se habilite la feria, los d\u00edas y las horas, que no se tomen vacaciones y se pueda definir el tema\u00bb, dijo el funcionario.<\/p>\n<p>Sabbatella a\u00f1adi\u00f3 que \u00able har\u00e1 muy bien a la democracia que esto se resuelva cuanto antes, ya que algo no funciona bien si pasan m\u00e1s de tres a\u00f1os para que pueda aplicarse una ley de la democracia, votada por amplias mayor\u00edas en el Congreso y avalada con un sentencia de constitucionalidad de un juez federal\u00bb.<\/p>\n<p>Destac\u00f3 asimismo que, en su resoluci\u00f3n de ayer, la Corte \u00abratific\u00f3 lo que venimos diciendo respecto de que los plazos para la adecuaci\u00f3n voluntaria est\u00e1n vencidos; por lo cual, en cuanto se resuelva la cuesti\u00f3n de fondo, continuaremos con el proceso de transferencia de oficio que ya le notificamos al Grupo Clar\u00edn\u201d.<\/p>\n<p>\u00abEsperamos que la C\u00e1mara se pronuncie pronto para que la ley pueda ser aplicada cuanto antes. Es fundamental resolver la cuesti\u00f3n de fondo y permitir que la ley sea para todos, sin excepciones ni privilegios\u00bb, concluy\u00f3.<\/p>\n<p>&nbsp;<\/p>\n<p>&nbsp;<\/p>\n<p>&nbsp;<\/p>\n<p>&nbsp;<\/p>\n<p>&nbsp;<\/p>\n<p>&nbsp;<\/p>\n<p>&nbsp;<\/p>\n","protected":false},"excerpt":{"rendered":"<p>La AFSCA solicitar\u00e1 hoy formalmente a la Corte Suprema y a la C\u00e1mara Federal Civil y Comercial que se habilite la feria judicial durante el mes de enero para resolver con \u00abceleridad\u00bb la causa sobre la ley de medios.<\/p>\n","protected":false},"author":11,"featured_media":0,"comment_status":"open","ping_status":"open","sticky":false,"template":"","format":"standard","meta":{"_jetpack_newsletter_access":"","_jetpack_dont_email_post_to_subs":false,"_jetpack_newsletter_tier_id":0,"_jetpack_memberships_contains_paywalled_content":false,"_jetpack_memberships_contains_paid_content":false,"footnotes":""},"categories":[54],"tags":[],"class_list":["post-10656","post","type-post","status-publish","format-standard","hentry","category-medios"],"jetpack_featured_media_url":"","jetpack_shortlink":"https:\/\/wp.me\/p2JWE0-2LS","jetpack-related-posts":[{"id":10904,"url":"https:\/\/www.24baires.com\/?p=10904","url_meta":{"origin":10656,"position":0},"title":"El Gobierno solicitar\u00e1 la habilitaci\u00f3n de la feria judicial para tratar la Ley de Medios","author":"AF","date":"01\/01\/2013","format":false,"excerpt":"El gobierno pedir\u00e1 este mi\u00e9rcoles, en el primer d\u00eda h\u00e1bil del a\u00f1o, que la C\u00e1mara Federal Civil y Comercial Federal habilite la feria judicial de enero para resolver con \u201cceleridad\u201d la causa planteada por el grupo Clar\u00edn contra la Ley de Medios. La presentaci\u00f3n la har\u00e1 a primera hora la\u2026","rel":"","context":"En \u00abMedios\u00bb","block_context":{"text":"Medios","link":"https:\/\/www.24baires.com\/?cat=54"},"img":{"alt_text":"","src":"","width":0,"height":0},"classes":[]},{"id":11433,"url":"https:\/\/www.24baires.com\/?p=11433","url_meta":{"origin":10656,"position":1},"title":"La C\u00e1mara aclar\u00f3 que habilit\u00f3 la Feria para tratar la Ley de Medios por pedido de la Corte","author":"AF","date":"07\/01\/2013","format":false,"excerpt":"La C\u00e1mara en lo Civil y Comercial Federal que la decisi\u00f3n se bas\u00f3 en la \u201cexpresa recomendaci\u00f3n de la Corte Suprema\u201d para que \u201clas cuestiones debatidas en autos\u201d sean resueltas \u201ca la mayor brevedad posible\u201d. En solo dos carillas, los camaristas Ricardo Guarinoni, Graciela Medina y Francisco de las Carerras\u2026","rel":"","context":"En \u00abMedios\u00bb","block_context":{"text":"Medios","link":"https:\/\/www.24baires.com\/?cat=54"},"img":{"alt_text":"c\u00e1mara civil y comercial","src":"https:\/\/i0.wp.com\/www.24baires.com\/wp-content\/uploads\/2013\/01\/c%C3%A1mara-civil-y-comercial.jpg?resize=350%2C200","width":350,"height":200,"srcset":"https:\/\/i0.wp.com\/www.24baires.com\/wp-content\/uploads\/2013\/01\/c%C3%A1mara-civil-y-comercial.jpg?resize=350%2C200 1x, https:\/\/i0.wp.com\/www.24baires.com\/wp-content\/uploads\/2013\/01\/c%C3%A1mara-civil-y-comercial.jpg?resize=525%2C300 1.5x"},"classes":[]},{"id":21314,"url":"https:\/\/www.24baires.com\/?p=21314","url_meta":{"origin":10656,"position":2},"title":"Sabbatella: \u00abEste fallo busca destrozar el esp\u00edritu antimonop\u00f3lico de la ley de medios\u00bb","author":"AF","date":"18\/04\/2013","format":false,"excerpt":"El titular de la Autoridad Federal de Servicios de Comunicaci\u00f3n Audiovisual asegur\u00f3 que con su fallo, la C\u00e1mara Civil y Comercial \"busca destrozar el esp\u00edritu antimonop\u00f3lico de la ley de Medios\". \"El fallo destroza los l\u00edmites, desvirt\u00faa el esp\u00edritu antimonop\u00f3lico de la ley y construyen otra ley que defiende los\u2026","rel":"","context":"En \u00abMedios\u00bb","block_context":{"text":"Medios","link":"https:\/\/www.24baires.com\/?cat=54"},"img":{"alt_text":"sabatella locura","src":"https:\/\/i0.wp.com\/www.24baires.com\/wp-content\/uploads\/2012\/11\/sabatella-locura.jpg?resize=350%2C200","width":350,"height":200,"srcset":"https:\/\/i0.wp.com\/www.24baires.com\/wp-content\/uploads\/2012\/11\/sabatella-locura.jpg?resize=350%2C200 1x, https:\/\/i0.wp.com\/www.24baires.com\/wp-content\/uploads\/2012\/11\/sabatella-locura.jpg?resize=525%2C300 1.5x"},"classes":[]},{"id":59781,"url":"https:\/\/www.24baires.com\/?p=59781","url_meta":{"origin":10656,"position":3},"title":"Por la adecuaci\u00f3n de Clar\u00edn habilitan la feria judicial","author":"Grupo Sierra","date":"08\/01\/2015","format":false,"excerpt":"La Justicia hizo lugar a un planteo del AFSCA para que la justicia contin\u00fae adelante con el expediente durante el receso de verano. La medida la adopt\u00f3 el conjuez de primera instancia en lo Civil y Comercial Federal, Antonio Rojas Salinas, al hacer lugar a un reclamo de la Autoridad\u2026","rel":"","context":"En \u00abMedios\u00bb","block_context":{"text":"Medios","link":"https:\/\/www.24baires.com\/?cat=54"},"img":{"alt_text":"clar\u00edn mitre","src":"https:\/\/i0.wp.com\/www.24baires.com\/wp-content\/uploads\/2014\/11\/clar%C3%ADn-mitre.jpg?resize=350%2C200","width":350,"height":200,"srcset":"https:\/\/i0.wp.com\/www.24baires.com\/wp-content\/uploads\/2014\/11\/clar%C3%ADn-mitre.jpg?resize=350%2C200 1x, https:\/\/i0.wp.com\/www.24baires.com\/wp-content\/uploads\/2014\/11\/clar%C3%ADn-mitre.jpg?resize=525%2C300 1.5x"},"classes":[]},{"id":10973,"url":"https:\/\/www.24baires.com\/?p=10973","url_meta":{"origin":10656,"position":4},"title":"Madres marchan a Tribunales para que se trate la Ley de Medios a pesar de la feria","author":"AF","date":"02\/01\/2013","format":false,"excerpt":"En el marco de la presentaci\u00f3n de la jefatura de Gabinete y el Afsca para que se habilite la feria judicial para tratar la Ley de Medios, luego de que la Corte Suprema de Justicia de la Naci\u00f3n rechazara el per saltum y confirmara la extensi\u00f3n de la medida cautelar\u2026","rel":"","context":"En \u00abMedios\u00bb","block_context":{"text":"Medios","link":"https:\/\/www.24baires.com\/?cat=54"},"img":{"alt_text":"MADRES PLAZA DE MAYO","src":"https:\/\/i0.wp.com\/www.24baires.com\/wp-content\/uploads\/2013\/01\/MADRES-PLAZA-DE-MAYO.jpg?resize=350%2C200","width":350,"height":200,"srcset":"https:\/\/i0.wp.com\/www.24baires.com\/wp-content\/uploads\/2013\/01\/MADRES-PLAZA-DE-MAYO.jpg?resize=350%2C200 1x, https:\/\/i0.wp.com\/www.24baires.com\/wp-content\/uploads\/2013\/01\/MADRES-PLAZA-DE-MAYO.jpg?resize=525%2C300 1.5x"},"classes":[]},{"id":23178,"url":"https:\/\/www.24baires.com\/?p=23178","url_meta":{"origin":10656,"position":5},"title":"La AFSCA apel\u00f3 ante la Corte Suprema contra el \u00faltimo fallo","author":"AF","date":"10\/05\/2013","format":false,"excerpt":"La Autoridad Federal de Servicios de Comunicaci\u00f3n Audiovisual (AFSCA) present\u00f3 este viernes el recurso extraordinario federal ante la Corte Suprema de Justicia de la Naci\u00f3n contra el \u00faltimo fallo de la C\u00e1mara de Apelaciones en lo Civil y Comercial Federal sobre la ley de Servicios de Comunicaci\u00f3n Audiovisual. As\u00ed lo\u2026","rel":"","context":"En \u00abMedios\u00bb","block_context":{"text":"Medios","link":"https:\/\/www.24baires.com\/?cat=54"},"img":{"alt_text":"sabbatella fallo","src":"https:\/\/i0.wp.com\/www.24baires.com\/wp-content\/uploads\/2012\/12\/sabbatella-fallo-300x200.jpg?resize=350%2C200","width":350,"height":200},"classes":[]}],"jetpack_sharing_enabled":true,"jetpack_likes_enabled":true,"_links":{"self":[{"href":"https:\/\/www.24baires.com\/index.php?rest_route=\/wp\/v2\/posts\/10656","targetHints":{"allow":["GET"]}}],"collection":[{"href":"https:\/\/www.24baires.com\/index.php?rest_route=\/wp\/v2\/posts"}],"about":[{"href":"https:\/\/www.24baires.com\/index.php?rest_route=\/wp\/v2\/types\/post"}],"author":[{"embeddable":true,"href":"https:\/\/www.24baires.com\/index.php?rest_route=\/wp\/v2\/users\/11"}],"replies":[{"embeddable":true,"href":"https:\/\/www.24baires.com\/index.php?rest_route=%2Fwp%2Fv2%2Fcomments&post=10656"}],"version-history":[{"count":3,"href":"https:\/\/www.24baires.com\/index.php?rest_route=\/wp\/v2\/posts\/10656\/revisions"}],"predecessor-version":[{"id":10658,"href":"https:\/\/www.24baires.com\/index.php?rest_route=\/wp\/v2\/posts\/10656\/revisions\/10658"}],"wp:attachment":[{"href":"https:\/\/www.24baires.com\/index.php?rest_route=%2Fwp%2Fv2%2Fmedia&parent=10656"}],"wp:term":[{"taxonomy":"category","embeddable":true,"href":"https:\/\/www.24baires.com\/index.php?rest_route=%2Fwp%2Fv2%2Fcategories&post=10656"},{"taxonomy":"post_tag","embeddable":true,"href":"https:\/\/www.24baires.com\/index.php?rest_route=%2Fwp%2Fv2%2Ftags&post=10656"}],"curies":[{"name":"wp","href":"https:\/\/api.w.org\/{rel}","templated":true}]}}