{"id":1065,"date":"2012-10-05T10:22:25","date_gmt":"2012-10-05T13:22:25","guid":{"rendered":"http:\/\/www.24baires.com\/?p=1065"},"modified":"2012-10-05T10:22:25","modified_gmt":"2012-10-05T13:22:25","slug":"interpelan-al-intendente-de-necochea-por-supuestas-irregularidades","status":"publish","type":"post","link":"https:\/\/www.24baires.com\/?p=1065","title":{"rendered":"Interpelan al Intendente de Necochea por supuestas irregularidades"},"content":{"rendered":"<p>Sin la confirmaci\u00f3n oficial de la presencia del intendente municipal, Horacio Tellechea, el Concejo Deliberante llevar\u00e1 a cabo hoy viernes a las 19, la sesi\u00f3n especial para desarrollar la interpelaci\u00f3n al jefe comunal por supuestas irregularidades en la compra de aparatolog\u00eda para el Hospital Municipal \u00abDr. Emilio Ferreyra\u00bb.<!--more--><\/p>\n<p>Es posible que en la fecha Tellechea no concurra y sea representado por el secretario de Gobierno, Marcelo Ordoqui, quien podr\u00eda ser acompa\u00f1ado por otro funcionario del Departamento Ejecutivo.<\/p>\n<p>Los bloques de Uni\u00f3n Peronista, la Uni\u00f3n C\u00edvica Radical y Unidad Socialista aprobaron el decreto de interpelaci\u00f3n, bas\u00e1ndose en las facultades que le confiere al cuerpo legislativo el art\u00edculo 108\u00ba inciso 7 de la Ley Org\u00e1nica Municipal.<\/p>\n<p>Durante una reuni\u00f3n que mantuvo ayer el presidente del HCD, Jos\u00e9 Luis Vidal, con los titulares de los bloques Ricardo Calcabrini (Frente para la Victoria), Pablo Aued (UP), Gonzalo Diez (UCR) y Andrea Perestiuk (US), se acord\u00f3 que se comience con la lectura de una bater\u00eda de 15 a 20 preguntas. El encargado de dirigir los interrogantes a Tellechea o al funcionario que asista, ser\u00e1 el propio Vidal.<\/p>\n<p>Luego de las respuestas llegar\u00e1 la instancia de las repreguntas, habi\u00e9ndose convenido que estas \u00faltimas no se extiendan m\u00e1s all\u00e1 de los tres minutos y que se eviten argumentaciones o consideraciones pol\u00edticas, tanto de parte del Departamento Ejecutivo como de los ediles.<\/p>\n<p>Al margen de las respuestas que se obtengan, en las bancadas de la oposici\u00f3n se coincidi\u00f3 en que \u201cno ser\u00e1 lo mismo si va Tellechea que Ordoqui\u201d, para subrayarse que el marco \u201cvariar\u00e1 considerablemente\u201d.<\/p>\n<p>Comisi\u00f3n investigadora<\/p>\n<p>Por otra parte, trascendi\u00f3 que al finalizar la interpelaci\u00f3n se producir\u00e1 un cuarto intermedio y, cuando se reanude la sesi\u00f3n especial, no ser\u00eda de extra\u00f1ar que la Uni\u00f3n C\u00edvica Radical insista con la constituci\u00f3n de la comisi\u00f3n investigadora que plante\u00f3 desde el primer momento, cuando los ediles y las autoridades partidarias denunciaron las anomal\u00edas en este proceso para la compra de aparatos hospitalarios.<\/p>\n<p>Aunque para conseguir su objetivo debe contar con el acompa\u00f1amiento de Uni\u00f3n Peronista, dado que se requieren dos tercios (12 votos) para habilitar una comisi\u00f3n que investigue las supuestas irregularidades y emita su dictamen.<\/p>\n<p>Otra alternativa que se baraja es darle continuidad al tema en la sesi\u00f3n ordinaria que tendr\u00e1 lugar el pr\u00f3ximo jueves, en caso de que hoy no exista margen para la aprobaci\u00f3n del potencial decreto.<\/p>\n<p>Mientras tanto, se supo que ayer jueves se adjuntaron al pol\u00e9mico expediente 504\/12, las cuatro fojas que faltaban originalmente, entre ellas, donde figura la factura de la compra y la advertencia del contador municipal, Eduardo Esp\u00f3sito, para que no se abonaran los insumos.<\/p>\n<p>El municipio recibi\u00f3 un subsidio de casi dos millones de pesos de parte del Ministerio de Salud de la Naci\u00f3n, utilizando los recursos para adquirir un Arco en C y carros de paro, entre otros elementos, denunciando la oposici\u00f3n que, al margen de no haber sido entregados algunos equipos que fueron pagados, no se cumpli\u00f3 con lo normado por la Ley Org\u00e1nica Municipal y se asegur\u00f3 que \u201chubo da\u00f1o al patrimonio municipal\u201d.<\/p>\n","protected":false},"excerpt":{"rendered":"<p>Sin la confirmaci\u00f3n oficial de la presencia del intendente municipal, Horacio Tellechea, el Concejo Deliberante llevar\u00e1 a cabo hoy viernes a las 19, la sesi\u00f3n especial para desarrollar la interpelaci\u00f3n al jefe comunal por supuestas irregularidades en la compra de aparatolog\u00eda para el Hospital Municipal \u00abDr. Emilio Ferreyra\u00bb.<\/p>\n","protected":false},"author":4,"featured_media":0,"comment_status":"open","ping_status":"open","sticky":false,"template":"","format":"standard","meta":{"_jetpack_newsletter_access":"","_jetpack_dont_email_post_to_subs":false,"_jetpack_newsletter_tier_id":0,"_jetpack_memberships_contains_paywalled_content":false,"_jetpack_memberships_contains_paid_content":false,"footnotes":""},"categories":[51],"tags":[],"class_list":["post-1065","post","type-post","status-publish","format-standard","hentry","category-politica"],"jetpack_featured_media_url":"","jetpack_shortlink":"https:\/\/wp.me\/p2JWE0-hb","jetpack-related-posts":[{"id":112988,"url":"https:\/\/www.24baires.com\/?p=112988","url_meta":{"origin":1065,"position":0},"title":"Moreno: el intendente Festa falt\u00f3 a su interpelaci\u00f3n","author":"AF","date":"13\/11\/2019","format":false,"excerpt":"El intendente saliente fue convocado para que de explicaciones sobre el pago de salario y supuestas irregularidades en obras. Sin embargo, present\u00f3 una carta y se ausent\u00f3. Tras ser citado a dar explicaciones por irregularidades en la obra p\u00fablica y falta de pago de los aumentos acordados a los municipales,\u2026","rel":"","context":"En \u00abLocales\u00bb","block_context":{"text":"Locales","link":"https:\/\/www.24baires.com\/?cat=38"},"img":{"alt_text":"","src":"https:\/\/i0.wp.com\/www.24baires.com\/wp-content\/uploads\/2019\/11\/festa.jpg?resize=350%2C200","width":350,"height":200,"srcset":"https:\/\/i0.wp.com\/www.24baires.com\/wp-content\/uploads\/2019\/11\/festa.jpg?resize=350%2C200 1x, https:\/\/i0.wp.com\/www.24baires.com\/wp-content\/uploads\/2019\/11\/festa.jpg?resize=525%2C300 1.5x"},"classes":[]},{"id":1170,"url":"https:\/\/www.24baires.com\/?p=1170","url_meta":{"origin":1065,"position":1},"title":"Tellechea tras su interpelaci\u00f3n: \u00abno hubo dolo ni corrupci\u00f3n\u00bb","author":"AF","date":"06\/10\/2012","format":false,"excerpt":"El intendente de Necochea, Horacio Tellechea, reconoci\u00f3 los \u201cerrores administrativos\u201d en los que se incurri\u00f3 en el proceso de compra de los equipos hospitalarios, pero enfatiz\u00f3 que \u201cno hubo dolo ni corrupci\u00f3n\u201d, al tiempo ejerci\u00f3 una defensa de lo actuado en el pol\u00e9mico expediente. Lo hizo anoche en la interpelaci\u00f3n\u2026","rel":"","context":"En \u00abPol\u00edtica\u00bb","block_context":{"text":"Pol\u00edtica","link":"https:\/\/www.24baires.com\/?cat=51"},"img":{"alt_text":"","src":"https:\/\/i0.wp.com\/www.24baires.com\/wp-content\/uploads\/2012\/10\/tellecheanecochea-300x173.jpg?resize=350%2C200","width":350,"height":200},"classes":[]},{"id":4889,"url":"https:\/\/www.24baires.com\/?p=4889","url_meta":{"origin":1065,"position":2},"title":"El intendente de Azul denunci\u00f3 una &#8216;intenci\u00f3n destituyente&#8217;","author":"AF","date":"10\/11\/2012","format":false,"excerpt":"La oposici\u00f3n local interpelar\u00e1 la semana que viene al intendente Jos\u00e9 Inza por supuestas irregularidades en una licitaci\u00f3n para el cobro de deudas municipales. El jefe comunal denunci\u00f3 una maniobra pol\u00edtica contra su gesti\u00f3n y no descart\u00f3 un eventual intento destituyente. \u201cEs bastante sencillo lograr ese cometido con la legislaci\u00f3n\u2026","rel":"","context":"En \u00abMunicipios\u00bb","block_context":{"text":"Municipios","link":"https:\/\/www.24baires.com\/?cat=44"},"img":{"alt_text":"","src":"https:\/\/i0.wp.com\/www.24baires.com\/wp-content\/uploads\/2012\/11\/Inza-300x206.jpg?resize=350%2C200","width":350,"height":200},"classes":[]},{"id":9892,"url":"https:\/\/www.24baires.com\/?p=9892","url_meta":{"origin":1065,"position":3},"title":"Levantan la suspensi\u00f3n a Tellechea, intendente de Necochea","author":"AF","date":"20\/12\/2012","format":false,"excerpt":"La Suprema Corte de Justicia fall\u00f3 a favor del intendente de Necochea, Horacio Tellechea, y dej\u00f3 sin efecto su suspensi\u00f3n. Finalmente, la Suprema Corte de Justicia bonaerense hizo lugar a la cautelar presentada por el intendente de Necochea, Horacio Tellechea, y de esa manera seguir\u00e1 en su cargo a pesar\u2026","rel":"","context":"En \u00abPol\u00edtica\u00bb","block_context":{"text":"Pol\u00edtica","link":"https:\/\/www.24baires.com\/?cat=51"},"img":{"alt_text":"","src":"","width":0,"height":0},"classes":[]},{"id":6910,"url":"https:\/\/www.24baires.com\/?p=6910","url_meta":{"origin":1065,"position":4},"title":"La oposici\u00f3n en Azul anuncia que llevar\u00e1 a la Justicia una controvertida licitaci\u00f3n de Inza","author":"Grupo Sierra","date":"26\/11\/2012","format":false,"excerpt":"El pasado d\u00eda martes se llev\u00f3 a cabo la Sesi\u00f3n Especial del Concejo Deliberante mediante la cual se efectu\u00f3 la interpelaci\u00f3n al Intendente Municipal, Jos\u00e9 Inza, pedida por los Bloque de la UCR, el FAP y Uni\u00f3n Pro, por la Licitaci\u00f3n P\u00fablica a trav\u00e9s de la cual se intent\u00f3 privatizar\u2026","rel":"","context":"En \u00abMunicipios\u00bb","block_context":{"text":"Municipios","link":"https:\/\/www.24baires.com\/?cat=44"},"img":{"alt_text":"","src":"https:\/\/i0.wp.com\/www.24baires.com\/wp-content\/uploads\/2012\/11\/Inza1-300x206.jpg?resize=350%2C200","width":350,"height":200},"classes":[]},{"id":8256,"url":"https:\/\/www.24baires.com\/?p=8256","url_meta":{"origin":1065,"position":5},"title":"Tellechea: \u00abEl primer tiro fue para nosotros, pero van por m\u00e1s\u00bb","author":"AF","date":"07\/12\/2012","format":false,"excerpt":"MIentras espera con expectativa una definici\u00f3n del m\u00e1ximo tribunal bonaerens, el Intendente habl\u00f3 sobre el proceso destituyente iniciado por la oposici\u00f3n. Asegur\u00f3 que las \u201ccabezas\u201d de la maniobra son los concejales Alejandro Issin y Alberto Esnaola, ambos vinculados al gremialista Ger\u00f3nimo \u201cMomo\u201d Venegas. \u201cEl primer tiro fue para nosotros, pero\u2026","rel":"","context":"En \u00abPol\u00edtica\u00bb","block_context":{"text":"Pol\u00edtica","link":"https:\/\/www.24baires.com\/?cat=51"},"img":{"alt_text":"","src":"","width":0,"height":0},"classes":[]}],"jetpack_sharing_enabled":true,"jetpack_likes_enabled":true,"_links":{"self":[{"href":"https:\/\/www.24baires.com\/index.php?rest_route=\/wp\/v2\/posts\/1065","targetHints":{"allow":["GET"]}}],"collection":[{"href":"https:\/\/www.24baires.com\/index.php?rest_route=\/wp\/v2\/posts"}],"about":[{"href":"https:\/\/www.24baires.com\/index.php?rest_route=\/wp\/v2\/types\/post"}],"author":[{"embeddable":true,"href":"https:\/\/www.24baires.com\/index.php?rest_route=\/wp\/v2\/users\/4"}],"replies":[{"embeddable":true,"href":"https:\/\/www.24baires.com\/index.php?rest_route=%2Fwp%2Fv2%2Fcomments&post=1065"}],"version-history":[{"count":0,"href":"https:\/\/www.24baires.com\/index.php?rest_route=\/wp\/v2\/posts\/1065\/revisions"}],"wp:attachment":[{"href":"https:\/\/www.24baires.com\/index.php?rest_route=%2Fwp%2Fv2%2Fmedia&parent=1065"}],"wp:term":[{"taxonomy":"category","embeddable":true,"href":"https:\/\/www.24baires.com\/index.php?rest_route=%2Fwp%2Fv2%2Fcategories&post=1065"},{"taxonomy":"post_tag","embeddable":true,"href":"https:\/\/www.24baires.com\/index.php?rest_route=%2Fwp%2Fv2%2Ftags&post=1065"}],"curies":[{"name":"wp","href":"https:\/\/api.w.org\/{rel}","templated":true}]}}