{"id":10624,"date":"2012-12-27T22:00:32","date_gmt":"2012-12-28T01:00:32","guid":{"rendered":"http:\/\/www.24baires.com\/?p=10624"},"modified":"2012-12-28T13:45:00","modified_gmt":"2012-12-28T16:45:00","slug":"se-quiso-parodiar-el-19-y-20-de-diciembre-cuando-el-pais-realmente-se-incendiaba","status":"publish","type":"post","link":"https:\/\/www.24baires.com\/?p=10624","title":{"rendered":"\u00abSe quiso parodiar el 19 y 20 de diciembre, cuando el pa\u00eds realmente se incendiaba\u00bb"},"content":{"rendered":"<p><a href=\"http:\/\/www.24baires.com\/sociedad\/10624-se-quiso-parodiar-el-19-y-20-de-diciembre-cuando-el-pais-realmente-se-incendiaba\/attachment\/c-fernandez\/\" rel=\"attachment wp-att-10625\"><img data-recalc-dims=\"1\" loading=\"lazy\" decoding=\"async\" class=\"aligncenter size-full wp-image-10625\" alt=\"c fern\u00e1ndez\" src=\"https:\/\/i0.wp.com\/www.24baires.com\/wp-content\/uploads\/2012\/12\/c-fern%C3%A1ndez.jpg?resize=510%2C340\" width=\"510\" height=\"340\" srcset=\"https:\/\/i0.wp.com\/www.24baires.com\/wp-content\/uploads\/2012\/12\/c-fern%C3%A1ndez.jpg?w=510&amp;ssl=1 510w, https:\/\/i0.wp.com\/www.24baires.com\/wp-content\/uploads\/2012\/12\/c-fern%C3%A1ndez.jpg?resize=300%2C200&amp;ssl=1 300w\" sizes=\"auto, (max-width: 510px) 100vw, 510px\" \/><\/a>Responsabiliz\u00f3 a grupos sindicales y pol\u00edticos \u00a0por los saqueos. \u00abLo que se intent\u00f3 hacer es una versi\u00f3n decadente, una mala copia de lo que sucedi\u00f3 en otros momentos hist\u00f3ricos del pa\u00eds\u00bb, remarc\u00f3.<\/p>\n<p><!--more--><br \/>\nLa presidenta Cristina Kirchner denunci\u00f3 este jueves que los saqueos que se registraron en varios puntos del pa\u00eds fueron \u00abprovocados\u00bb para \u00abdesestabilizar\u00bb a su Gobierno y le apunt\u00f3 a sectores \u00abpol\u00edticos y sindicales\u00bb.<\/p>\n<p>\u00abLo que se intent\u00f3 hacer es una versi\u00f3n decadente, una mala copia de lo que sucedi\u00f3 en otros momentos hist\u00f3ricos del pa\u00eds. Este es un manual de instrucciones: saqueo, violencia y desestabilizaci\u00f3n del Gobierno que tiene su historia\u00bb, apunt\u00f3 la mandataria.<\/p>\n<p>En este sentido, Cristina Kirchner denunci\u00f3 que \u00abhay sectores que al no poder conciliar con los votos recurren a esto\u00bb y asegur\u00f3 que \u00abse quiso parodiar lo que hab\u00eda sido el 19 y 20 de diciembre cuando el pa\u00eds realmente se incendiaba\u00bb.<\/p>\n<p>\u00abSe intent\u00f3 hacer lo mismo en este escenario pol\u00edtico que no tiene absolutamente nada que ver. Pero supongamos que no hubi\u00e9ramos creado puestos de trabajo, que no tengamos AUH, si no tuvi\u00e9ramos las netbooks&#8230; \u00bfUstedes vieron en alg\u00fan otro lugar del mundo esto? No. La gente protesta porque es leg\u00edtima (la protesta) , pero los saqueos y la articulaci\u00f3n de sectores pol\u00edticos y sindicales con sectores de marginalidad no tiene nada que ver con la pol\u00edtica ni con el peronismo\u00bb, apunt\u00f3.<\/p>\n<p>Y le pidi\u00f3 \u00aba quienes no est\u00e1n de acuerdo\u00bb con su Gobierno que lo hagan \u00aben paz, sin violar los derechos de los ciudadanos, sin robarle a los comerciantes, que formen un partido pol\u00edtico y que vayan a elecciones\u00bb pero que \u00abno utilicen la marginalidad\u00bb.<\/p>\n<p>Finalmente, la mandataria cuestion\u00f3 a gobernadores e intendentes que \u00abtanto se preocupan por 2015 pero no se preocupan por lo que esta pasando en 2012\u00bb y advirti\u00f3 que \u00abeso de llevar a la Gendarmer\u00eda de uno a otro lado al otro cuando cada provincia tiene su polic\u00eda es algo que tiene que empezar a cambiar\u00bb.<\/p>\n<p>El acto de la mandataria, el primero tras el receso de Navidad y los saqueos de la semana pasada, debi\u00f3 interrumpirse por algunos segundos luego de que uno de los invitados sufriera una \u00ablipotimia\u00bb, por lo que debi\u00f3 ser atendido por m\u00e9dicos de la Casa Rosada.<\/p>\n<p>TAMBI\u00c9N LE APUNT\u00d3 A LA JUSTICIA<\/p>\n<p>La presidenta Cristina Kirchner volvi\u00f3 a cuestionar a la Justicia, al destacar los \u00abmagn\u00edficos sueldos que cobran\u00bb los magistrados, a quienes pidi\u00f3 \u00abque se encarguen de defender a los ciudadanos de aquellos que roban y saquean\u00bb.<\/p>\n<p>\u00abLo \u00fanico que les pido es que se encarguen de defender a los ciudadanos de la Rep\u00fablica Argentina de aquellos que roban y saquean. No les pido nada sobre las corporaciones porque ser\u00eda milagroso. No pido milagros, pido simplemente que cumplan con el m\u00ednimo rol de igualdad ante la ley\u00bb, apunt\u00f3 la mandataria en un acto en la Casa Rosada.<\/p>\n<p>En este marco, destac\u00f3 \u00ablos magn\u00edficos sueldos que tienen los jueces de este pa\u00eds\u00bb, los que -subray\u00f3- \u00abtampoco pagan ganancias\u00bb y \u00abse dan aumentos a s\u00ed mismos\u00bb.<\/p>\n<p>\u00abLo \u00fanico que le pido a la Justicia que por favor intervenga y condene a las personas que han atentado contra el patrimonio. Es muy injusto que las personas que delinquen no tengan el concebido castigo, por eso siguen pasando las cosas&#8230;\u00bb, indic\u00f3.<\/p>\n<p>&nbsp;<\/p>\n<p>&nbsp;<\/p>\n<p>&nbsp;<\/p>\n<p>&nbsp;<\/p>\n<p>&nbsp;<\/p>\n<p>&nbsp;<\/p>\n<p>&nbsp;<\/p>\n<p>&nbsp;<\/p>\n<p>&nbsp;<\/p>\n<p>&nbsp;<\/p>\n<p>&nbsp;<\/p>\n<p>&nbsp;<\/p>\n<p>&nbsp;<\/p>\n<p>&nbsp;<\/p>\n<p>&nbsp;<\/p>\n<p>&nbsp;<\/p>\n<p>&nbsp;<\/p>\n","protected":false},"excerpt":{"rendered":"<p>Responsabiliz\u00f3 a grupos sindicales y pol\u00edticos \u00a0por los saqueos. \u00abLo que se intent\u00f3 hacer es una versi\u00f3n decadente, una mala copia de lo que sucedi\u00f3 en otros momentos hist\u00f3ricos del pa\u00eds\u00bb, remarc\u00f3.<\/p>\n","protected":false},"author":4,"featured_media":0,"comment_status":"open","ping_status":"open","sticky":false,"template":"","format":"standard","meta":{"_jetpack_newsletter_access":"","_jetpack_dont_email_post_to_subs":false,"_jetpack_newsletter_tier_id":0,"_jetpack_memberships_contains_paywalled_content":false,"_jetpack_memberships_contains_paid_content":false,"footnotes":""},"categories":[1],"tags":[],"class_list":["post-10624","post","type-post","status-publish","format-standard","hentry","category-sociedad"],"jetpack_featured_media_url":"","jetpack_shortlink":"https:\/\/wp.me\/p2JWE0-2Lm","jetpack-related-posts":[{"id":104263,"url":"https:\/\/www.24baires.com\/?p=104263","url_meta":{"origin":10624,"position":0},"title":"Intento de saqueos en Olavarr\u00eda investigan si fueron instigados o espont\u00e1neos","author":"GB","date":"04\/09\/2018","format":false,"excerpt":"Alrededor de las 19 horas comenzaron los primeros desmanes en cercan\u00edas de supermercados en el barrio Alberdi. La acci\u00f3n se habr\u00eda viralizado a trav\u00e9s de un mensaje que comenz\u00f3 a circular por redes sociales luego del discurso del presidente, Mauricio Macri. Horas de tensi\u00f3n se vivieron en Olavarr\u00eda desde las\u2026","rel":"","context":"En \u00abLocales\u00bb","block_context":{"text":"Locales","link":"https:\/\/www.24baires.com\/?cat=38"},"img":{"alt_text":"","src":"https:\/\/i0.wp.com\/www.24baires.com\/wp-content\/uploads\/2018\/09\/saqueos.jpg?resize=350%2C200","width":350,"height":200,"srcset":"https:\/\/i0.wp.com\/www.24baires.com\/wp-content\/uploads\/2018\/09\/saqueos.jpg?resize=350%2C200 1x, https:\/\/i0.wp.com\/www.24baires.com\/wp-content\/uploads\/2018\/09\/saqueos.jpg?resize=525%2C300 1.5x"},"classes":[]},{"id":104510,"url":"https:\/\/www.24baires.com\/?p=104510","url_meta":{"origin":10624,"position":1},"title":"El intendente de Quilmes denunci\u00f3 \u00abmovimientos destituyentes\u00bb","author":"GB","date":"17\/09\/2018","format":false,"excerpt":"Durante un timbreo, Martiniano Molina le apunt\u00f3 al kirchnerismo y sostuvo que las obras \"podr\u00edan haberse hecho antes si no se hubieran robado la plata\". El intendente de Quilmes, Martiniano Molina, denunci\u00f3 que en los \u00faltimos d\u00edas hubo \"movimientos destituyentes\". Sus declaraciones llegan luego de que se produjeran intentos de\u2026","rel":"","context":"En \u00abMunicipios\u00bb","block_context":{"text":"Municipios","link":"https:\/\/www.24baires.com\/?cat=44"},"img":{"alt_text":"","src":"https:\/\/i0.wp.com\/www.24baires.com\/wp-content\/uploads\/2018\/09\/quilmes.jpg?resize=350%2C200","width":350,"height":200,"srcset":"https:\/\/i0.wp.com\/www.24baires.com\/wp-content\/uploads\/2018\/09\/quilmes.jpg?resize=350%2C200 1x, https:\/\/i0.wp.com\/www.24baires.com\/wp-content\/uploads\/2018\/09\/quilmes.jpg?resize=525%2C300 1.5x"},"classes":[]},{"id":104310,"url":"https:\/\/www.24baires.com\/?p=104310","url_meta":{"origin":10624,"position":2},"title":"Bah\u00eda Blanca teme a los saqueos y refuerza la seguridad en los supermercados","author":"GB","date":"06\/09\/2018","format":false,"excerpt":"Luego de los incidentes producidos en Olavarr\u00eda, Mar del Plata y Tres de Febrero, en el municipio del sur bonaerense resolvieron duplicar la tarea de prevenci\u00f3n con polic\u00edas en los locales comerciales. En el marco de la crisis econ\u00f3mica y pol\u00edtica que atraviesa el pa\u00eds, en distintas localidades de la\u2026","rel":"","context":"En \u00abMunicipios\u00bb","block_context":{"text":"Municipios","link":"https:\/\/www.24baires.com\/?cat=44"},"img":{"alt_text":"","src":"https:\/\/i0.wp.com\/www.24baires.com\/wp-content\/uploads\/2018\/09\/bahia.jpg?resize=350%2C200","width":350,"height":200,"srcset":"https:\/\/i0.wp.com\/www.24baires.com\/wp-content\/uploads\/2018\/09\/bahia.jpg?resize=350%2C200 1x, https:\/\/i0.wp.com\/www.24baires.com\/wp-content\/uploads\/2018\/09\/bahia.jpg?resize=525%2C300 1.5x"},"classes":[]},{"id":120396,"url":"https:\/\/www.24baires.com\/?p=120396","url_meta":{"origin":10624,"position":3},"title":"Fake news: Im\u00e1genes de saqueos viralizadas por La Libertad Avanza eran de 2018","author":"GB","date":"22\/08\/2023","format":false,"excerpt":"El video de saqueos en Mendoza es de 2018 y no tiene nada que ver con la actualidad. El sitio Chequeado confirm\u00f3 el origen de esas im\u00e1genes de \u00e9pocas macristas El s\u00e1bado 19 de agosto, se difundi\u00f3 por redes sociales y WhatsApp un video que supuestamente mostraba saqueos en un\u2026","rel":"","context":"En \u00abPol\u00edtica\u00bb","block_context":{"text":"Pol\u00edtica","link":"https:\/\/www.24baires.com\/?cat=51"},"img":{"alt_text":"","src":"https:\/\/i0.wp.com\/www.24baires.com\/wp-content\/uploads\/2023\/08\/saqueos-2018.webp?resize=350%2C200","width":350,"height":200,"srcset":"https:\/\/i0.wp.com\/www.24baires.com\/wp-content\/uploads\/2023\/08\/saqueos-2018.webp?resize=350%2C200 1x, https:\/\/i0.wp.com\/www.24baires.com\/wp-content\/uploads\/2023\/08\/saqueos-2018.webp?resize=525%2C300 1.5x, https:\/\/i0.wp.com\/www.24baires.com\/wp-content\/uploads\/2023\/08\/saqueos-2018.webp?resize=700%2C400 2x"},"classes":[]},{"id":122320,"url":"https:\/\/www.24baires.com\/?p=122320","url_meta":{"origin":10624,"position":4},"title":"Jubilados, m\u00e9dicos del Garrahan, piqueteros y feministas marchan al Congreso","author":"GB","date":"04\/06\/2025","format":false,"excerpt":"A la tradicional movilizaci\u00f3n de los mi\u00e9rcoles del sector pasivo se sumar\u00e1n otros espacios, entre ellos profesionales de la salud y el Colectivo Ni Una Menos, que cumple 10 a\u00f1os de existencia. Adem\u00e1s, movimientos sociales y sindicales tambi\u00e9n participar\u00e1n de la jornada. El Gobierno prepara un amplio operativo de seguridad.\u2026","rel":"","context":"En \u00abPol\u00edtica\u00bb","block_context":{"text":"Pol\u00edtica","link":"https:\/\/www.24baires.com\/?cat=51"},"img":{"alt_text":"","src":"https:\/\/i0.wp.com\/www.24baires.com\/wp-content\/uploads\/2025\/06\/protesta_congreso.jpg?resize=350%2C200","width":350,"height":200,"srcset":"https:\/\/i0.wp.com\/www.24baires.com\/wp-content\/uploads\/2025\/06\/protesta_congreso.jpg?resize=350%2C200 1x, https:\/\/i0.wp.com\/www.24baires.com\/wp-content\/uploads\/2025\/06\/protesta_congreso.jpg?resize=525%2C300 1.5x, https:\/\/i0.wp.com\/www.24baires.com\/wp-content\/uploads\/2025\/06\/protesta_congreso.jpg?resize=700%2C400 2x"},"classes":[]},{"id":31306,"url":"https:\/\/www.24baires.com\/?p=31306","url_meta":{"origin":10624,"position":5},"title":"Desde Twitter, Cristina cruz\u00f3 a Macri por el \u00abc\u00edrculo rojo\u00bb","author":"GB","date":"04\/09\/2013","format":false,"excerpt":"Tras el t\u00e9rmino utilizado por el jefe de Gobierno porte\u00f1o para aludir a los mentores de una presunta alianza para terminar con el kirchnerismo, la Presidenta advirti\u00f3 que \u201cdespu\u00e9s del C\u00edrculo Rojo siempre viene el C\u00edrculo Negro\u201d. En contrapartida, Macri lanz\u00f3: \"Las cosas est\u00e1n tan bien en el pa\u00eds que\u2026","rel":"","context":"En \u00abPol\u00edtica\u00bb","block_context":{"text":"Pol\u00edtica","link":"https:\/\/www.24baires.com\/?cat=51"},"img":{"alt_text":"Cristina.Macri","src":"https:\/\/i0.wp.com\/www.24baires.com\/wp-content\/uploads\/2013\/09\/Cristina.Macri_.jpg?resize=350%2C200","width":350,"height":200,"srcset":"https:\/\/i0.wp.com\/www.24baires.com\/wp-content\/uploads\/2013\/09\/Cristina.Macri_.jpg?resize=350%2C200 1x, https:\/\/i0.wp.com\/www.24baires.com\/wp-content\/uploads\/2013\/09\/Cristina.Macri_.jpg?resize=525%2C300 1.5x"},"classes":[]}],"jetpack_sharing_enabled":true,"jetpack_likes_enabled":true,"_links":{"self":[{"href":"https:\/\/www.24baires.com\/index.php?rest_route=\/wp\/v2\/posts\/10624","targetHints":{"allow":["GET"]}}],"collection":[{"href":"https:\/\/www.24baires.com\/index.php?rest_route=\/wp\/v2\/posts"}],"about":[{"href":"https:\/\/www.24baires.com\/index.php?rest_route=\/wp\/v2\/types\/post"}],"author":[{"embeddable":true,"href":"https:\/\/www.24baires.com\/index.php?rest_route=\/wp\/v2\/users\/4"}],"replies":[{"embeddable":true,"href":"https:\/\/www.24baires.com\/index.php?rest_route=%2Fwp%2Fv2%2Fcomments&post=10624"}],"version-history":[{"count":3,"href":"https:\/\/www.24baires.com\/index.php?rest_route=\/wp\/v2\/posts\/10624\/revisions"}],"predecessor-version":[{"id":10666,"href":"https:\/\/www.24baires.com\/index.php?rest_route=\/wp\/v2\/posts\/10624\/revisions\/10666"}],"wp:attachment":[{"href":"https:\/\/www.24baires.com\/index.php?rest_route=%2Fwp%2Fv2%2Fmedia&parent=10624"}],"wp:term":[{"taxonomy":"category","embeddable":true,"href":"https:\/\/www.24baires.com\/index.php?rest_route=%2Fwp%2Fv2%2Fcategories&post=10624"},{"taxonomy":"post_tag","embeddable":true,"href":"https:\/\/www.24baires.com\/index.php?rest_route=%2Fwp%2Fv2%2Ftags&post=10624"}],"curies":[{"name":"wp","href":"https:\/\/api.w.org\/{rel}","templated":true}]}}