{"id":10621,"date":"2012-12-27T21:19:49","date_gmt":"2012-12-28T00:19:49","guid":{"rendered":"http:\/\/www.24baires.com\/?p=10621"},"modified":"2012-12-28T13:45:29","modified_gmt":"2012-12-28T16:45:29","slug":"alak-confia-en-la-pronta-vigencia-de-la-ley-de-medios","status":"publish","type":"post","link":"https:\/\/www.24baires.com\/?p=10621","title":{"rendered":"Alak conf\u00eda en la \u201cpronta vigencia\u201d de la Ley de Medios"},"content":{"rendered":"<p>As\u00ed lo destac\u00f3 el Ministro de Justicia y Derechos Humanos de la Naci\u00f3n Julio Alak al participar de un encuentro en el senado bonaerense junto al vicegobernador Gabriel Mariotto. Asegur\u00f3 que \u201csi no hay regulaci\u00f3n, el monopolio Clar\u00edn va a llegar al control del 100 por ciento de la televisi\u00f3n abierta en la Argentina\u201d.<!--more--><\/p>\n<p>El Ministro de Justicia y Derechos Humanos de la Naci\u00f3n, Julio C\u00e9sar Alak, afirm\u00f3 que cree en que \u201ctarde o temprano la ley de medios va a quedar totalmente vigente como la aprob\u00f3 el Congreso en su momento\u201d, al referirse al rechazo por parte de la Corte del \u201cPer Saltum\u201d presentado por el Ejecutivo.<\/p>\n<p>Durante la jornada organizada por la presidencia de la C\u00e1mara de Senadores bonaerense en la capital provincial, el ex intendente de La Plata, reiter\u00f3 que \u201csabemos que la Corte est\u00e1 preocupada y ha marcado un camino y el gobierno lo va aceptar y lo va a seguir. Estamos convencidos que tarde o temprano la ley de medios va a quedar totalmente vigente como la aprob\u00f3 el Congreso en su momento\u201d<\/p>\n<p>\u201cNosotros creemos que la Corte ha analizado en profundidad los dos asuntos, nos consta que la preocupaci\u00f3n de la Corte, nos consta que ha convocado a la procuradora General de la Naci\u00f3n (Mar\u00eda del Carmen Falbo) para que dictamine en forma escrita y oral\u201d, consider\u00f3.<br \/>\nEl ex mandam\u00e1s platense indic\u00f3 que \u201cesta ley sancionada por el Congreso de la Naci\u00f3n es antimonop\u00f3lica, ese es su fin central, porque la democracia se basa en la participaci\u00f3n ciudadana y en el sistema capitalista por mas social que sea tambi\u00e9n la democracia debe garantizar el derecho del ciudadano a elegir, y por ello no puede haber monopolios\u201d.<br \/>\n\u201cClar\u00edn si se aplica esta ley, va a seguir siendo el grupo m\u00e1s grande. Tiene actualmente 250 licencias cuando no podr\u00eda tener m\u00e1s de 24 con la ley actual\u201d, remarc\u00f3 y agreg\u00f3: \u201cNosotros creemos que si no hay regulaci\u00f3n, el monopolio Clar\u00edn va a llegar al control del 100 por ciento de la televisi\u00f3n abierta en la Argentina\u201d, asever\u00f3.<br \/>\nPor \u00faltimo, Alak afirm\u00f3 que \u201csiempre existi\u00f3 el poder econ\u00f3mico en contrapartida del poder democr\u00e1tico, y siempre ha ido tomando diversas formas\u201d. Y agreg\u00f3: \u201cAntes se utilizaron como herramienta a los militares, las fuerzas armadas, pero como fueron agravando cada vez m\u00e1s su rol con la sociedad y se convirtieron en un instrumento de descr\u00e9dito, el poder econ\u00f3mico ahora empez\u00f3 a utilizar a los medios de comunicaci\u00f3n para condicionar a los gobiernos\u201d, concluy\u00f3.<\/p>\n","protected":false},"excerpt":{"rendered":"<p>As\u00ed lo destac\u00f3 el Ministro de Justicia y Derechos Humanos de la Naci\u00f3n Julio Alak al participar de un encuentro en el senado bonaerense junto al vicegobernador Gabriel Mariotto. Asegur\u00f3 que \u201csi no hay regulaci\u00f3n, el monopolio Clar\u00edn va a llegar al control del 100 por ciento de la televisi\u00f3n abierta en la Argentina\u201d.<\/p>\n","protected":false},"author":4,"featured_media":0,"comment_status":"open","ping_status":"open","sticky":false,"template":"","format":"standard","meta":{"_jetpack_newsletter_access":"","_jetpack_dont_email_post_to_subs":false,"_jetpack_newsletter_tier_id":0,"_jetpack_memberships_contains_paywalled_content":false,"_jetpack_memberships_contains_paid_content":false,"footnotes":""},"categories":[54],"tags":[],"class_list":["post-10621","post","type-post","status-publish","format-standard","hentry","category-medios"],"jetpack_featured_media_url":"","jetpack_shortlink":"https:\/\/wp.me\/p2JWE0-2Lj","jetpack-related-posts":[{"id":116474,"url":"https:\/\/www.24baires.com\/?p=116474","url_meta":{"origin":10621,"position":0},"title":"La Provincia busca construir nuevas c\u00e1rceles en el conurbano","author":"GB","date":"15\/10\/2020","format":false,"excerpt":"El ministro de Justicia y DDHH de la Provincia de Buenos Aires, Julio Alak, present\u00f3 un proyecto de ley para descomprimir el hacinamiento carcelario Buscando descomprimir el hacinamiento carcelario, el ministro de Justicia y DDHH de la Provincia de Buenos Aires, Julio Alak, present\u00f3 en las comisiones de Asuntos Constitucionales,\u2026","rel":"","context":"En \u00abProvincia\u00bb","block_context":{"text":"Provincia","link":"https:\/\/www.24baires.com\/?cat=40"},"img":{"alt_text":"","src":"https:\/\/i0.wp.com\/www.24baires.com\/wp-content\/uploads\/2020\/08\/kici-alak.jpg?resize=350%2C200","width":350,"height":200,"srcset":"https:\/\/i0.wp.com\/www.24baires.com\/wp-content\/uploads\/2020\/08\/kici-alak.jpg?resize=350%2C200 1x, https:\/\/i0.wp.com\/www.24baires.com\/wp-content\/uploads\/2020\/08\/kici-alak.jpg?resize=525%2C300 1.5x"},"classes":[]},{"id":113316,"url":"https:\/\/www.24baires.com\/?p=113316","url_meta":{"origin":10621,"position":1},"title":"\u00abHay una situaci\u00f3n de emergencia en la provincia\u00bb","author":"AF","date":"09\/12\/2019","format":false,"excerpt":"El gobernador bonaerense electo, Axel Kicillof, confirm\u00f3 esta tarde su Gabinete, con Pablo L\u00f3pez como ministro de Hacienda y Sergio Berni al frente de la cartera de Seguridad. En tanto, Augusto Costa ser\u00e1 ministro de Producci\u00f3n, Ciencia e Innovaci\u00f3n Tecnol\u00f3gica; Julio Alak encabezar\u00e1 la cartera de Justicia y Derechos Humanos,\u2026","rel":"","context":"En \u00abProvincia\u00bb","block_context":{"text":"Provincia","link":"https:\/\/www.24baires.com\/?cat=40"},"img":{"alt_text":"","src":"https:\/\/i0.wp.com\/www.24baires.com\/wp-content\/uploads\/2014\/01\/axelkicillof.jpg?resize=350%2C200","width":350,"height":200,"srcset":"https:\/\/i0.wp.com\/www.24baires.com\/wp-content\/uploads\/2014\/01\/axelkicillof.jpg?resize=350%2C200 1x, https:\/\/i0.wp.com\/www.24baires.com\/wp-content\/uploads\/2014\/01\/axelkicillof.jpg?resize=525%2C300 1.5x"},"classes":[]},{"id":45756,"url":"https:\/\/www.24baires.com\/?p=45756","url_meta":{"origin":10621,"position":2},"title":"\u00abLa muerte de Carmen Argibay es una p\u00e9rdida para el sistema democr\u00e1tico\u00bb","author":"AF","date":"11\/05\/2014","format":false,"excerpt":"Lo dijo el ministro de Justicia, Julio Alak, en el homenaje p\u00fablico que se realiz\u00f3 en Tribunales. Al ser consultado por la reacci\u00f3n de Cristina Kirchner, afirm\u00f3 que \"para la Presidenta es una p\u00e9rdida institucional muy grande\". El presidente de la Corte, Ricardo Lorenzetti, dijo que \"Carmen Argibay represent\u00f3 a\u2026","rel":"","context":"En \u00abPol\u00edtica\u00bb","block_context":{"text":"Pol\u00edtica","link":"https:\/\/www.24baires.com\/?cat=51"},"img":{"alt_text":"alak ley medios","src":"https:\/\/i0.wp.com\/www.24baires.com\/wp-content\/uploads\/2012\/12\/alak-ley-medios.jpg?resize=350%2C200","width":350,"height":200,"srcset":"https:\/\/i0.wp.com\/www.24baires.com\/wp-content\/uploads\/2012\/12\/alak-ley-medios.jpg?resize=350%2C200 1x, https:\/\/i0.wp.com\/www.24baires.com\/wp-content\/uploads\/2012\/12\/alak-ley-medios.jpg?resize=525%2C300 1.5x"},"classes":[]},{"id":7153,"url":"https:\/\/www.24baires.com\/?p=7153","url_meta":{"origin":10621,"position":3},"title":"\u00abEl 7 de diciembre es la fecha final\u00bb","author":"AF","date":"28\/11\/2012","format":false,"excerpt":"El ministro de Justicia y Derechos Humanos, Julio Alak, asegur\u00f3 que \"el 7 de diciembre es la fecha final para las cautelares de Clar\u00edn\", luego de que la Corte Suprema de Justicia dispusiera este martes no otorgar una nueva pr\u00f3rroga al grupo medi\u00e1tico respecto al cumplimiento pleno de la Ley\u2026","rel":"","context":"En \u00abMedios\u00bb","block_context":{"text":"Medios","link":"https:\/\/www.24baires.com\/?cat=54"},"img":{"alt_text":"","src":"","width":0,"height":0},"classes":[]},{"id":119551,"url":"https:\/\/www.24baires.com\/?p=119551","url_meta":{"origin":10621,"position":4},"title":"Kicillof: \u00abLa pol\u00edtica penitenciara de Cambiemos fue un absoluto fracaso\u00bb","author":"GB","date":"17\/11\/2022","format":false,"excerpt":"Con cr\u00edticas al gobierno anterior y estad\u00edsticas lapidarias, el gobernador Axel Kicillof present\u00f3 un programa que busca llevar la educaci\u00f3n a todas las c\u00e1rceles gobernador bonaerense, Axel Kicillof, encabez\u00f3 el lanzamiento del Programa Educativo en Contexto de Encierro 2023 realizado en la Unidad Penitenciaria 58. La jornada, cargada de expectativa\u2026","rel":"","context":"En \u00abProvincia\u00bb","block_context":{"text":"Provincia","link":"https:\/\/www.24baires.com\/?cat=40"},"img":{"alt_text":"","src":"https:\/\/i0.wp.com\/www.24baires.com\/wp-content\/uploads\/2022\/11\/20221117113324__ab_2786_2jpg.jpg?resize=350%2C200","width":350,"height":200,"srcset":"https:\/\/i0.wp.com\/www.24baires.com\/wp-content\/uploads\/2022\/11\/20221117113324__ab_2786_2jpg.jpg?resize=350%2C200 1x, https:\/\/i0.wp.com\/www.24baires.com\/wp-content\/uploads\/2022\/11\/20221117113324__ab_2786_2jpg.jpg?resize=525%2C300 1.5x, https:\/\/i0.wp.com\/www.24baires.com\/wp-content\/uploads\/2022\/11\/20221117113324__ab_2786_2jpg.jpg?resize=700%2C400 2x"},"classes":[]},{"id":120620,"url":"https:\/\/www.24baires.com\/?p=120620","url_meta":{"origin":10621,"position":5},"title":"La Justicia rechaz\u00f3 la apertura de m\u00e1s urnas y ratific\u00f3 a Alak como intendente","author":"GB","date":"03\/11\/2023","format":false,"excerpt":"La Justicia confirm\u00f3 a Julio Alak como nuevo intendente de la Ciudad de La Plata tras varios d\u00edas de debates y especulaciones que comenzaron el mismo d\u00eda de la primera vuelta, Julio Garro apelar\u00e1 la decisi\u00f3n. Julio Alak, es el nuevo intendente de la Ciudad de La Plata y asumir\u00e1\u2026","rel":"","context":"En \u00abMunicipios\u00bb","block_context":{"text":"Municipios","link":"https:\/\/www.24baires.com\/?cat=44"},"img":{"alt_text":"","src":"https:\/\/i0.wp.com\/www.24baires.com\/wp-content\/uploads\/2023\/11\/alak.jpg?resize=350%2C200","width":350,"height":200,"srcset":"https:\/\/i0.wp.com\/www.24baires.com\/wp-content\/uploads\/2023\/11\/alak.jpg?resize=350%2C200 1x, https:\/\/i0.wp.com\/www.24baires.com\/wp-content\/uploads\/2023\/11\/alak.jpg?resize=525%2C300 1.5x, https:\/\/i0.wp.com\/www.24baires.com\/wp-content\/uploads\/2023\/11\/alak.jpg?resize=700%2C400 2x"},"classes":[]}],"jetpack_sharing_enabled":true,"jetpack_likes_enabled":true,"_links":{"self":[{"href":"https:\/\/www.24baires.com\/index.php?rest_route=\/wp\/v2\/posts\/10621","targetHints":{"allow":["GET"]}}],"collection":[{"href":"https:\/\/www.24baires.com\/index.php?rest_route=\/wp\/v2\/posts"}],"about":[{"href":"https:\/\/www.24baires.com\/index.php?rest_route=\/wp\/v2\/types\/post"}],"author":[{"embeddable":true,"href":"https:\/\/www.24baires.com\/index.php?rest_route=\/wp\/v2\/users\/4"}],"replies":[{"embeddable":true,"href":"https:\/\/www.24baires.com\/index.php?rest_route=%2Fwp%2Fv2%2Fcomments&post=10621"}],"version-history":[{"count":3,"href":"https:\/\/www.24baires.com\/index.php?rest_route=\/wp\/v2\/posts\/10621\/revisions"}],"predecessor-version":[{"id":10623,"href":"https:\/\/www.24baires.com\/index.php?rest_route=\/wp\/v2\/posts\/10621\/revisions\/10623"}],"wp:attachment":[{"href":"https:\/\/www.24baires.com\/index.php?rest_route=%2Fwp%2Fv2%2Fmedia&parent=10621"}],"wp:term":[{"taxonomy":"category","embeddable":true,"href":"https:\/\/www.24baires.com\/index.php?rest_route=%2Fwp%2Fv2%2Fcategories&post=10621"},{"taxonomy":"post_tag","embeddable":true,"href":"https:\/\/www.24baires.com\/index.php?rest_route=%2Fwp%2Fv2%2Ftags&post=10621"}],"curies":[{"name":"wp","href":"https:\/\/api.w.org\/{rel}","templated":true}]}}