{"id":10609,"date":"2012-12-27T19:12:42","date_gmt":"2012-12-27T22:12:42","guid":{"rendered":"http:\/\/www.24baires.com\/?p=10609"},"modified":"2012-12-27T20:36:01","modified_gmt":"2012-12-27T23:36:01","slug":"luego-del-pedido-de-jury-renuncio-uno-de-los-jueces-del-caso-marita-veron","status":"publish","type":"post","link":"https:\/\/www.24baires.com\/?p=10609","title":{"rendered":"Luego del pedido de Jury, renunci\u00f3 uno de los jueces del caso Marita Ver\u00f3n"},"content":{"rendered":"<p><a href=\"http:\/\/www.24baires.com\/sociedad\/10609-luego-del-pedido-de-jury-renuncio-uno-de-los-jueces-del-caso-marita-veron\/attachment\/herrera-molina\/\" rel=\"attachment wp-att-10611\"><img data-recalc-dims=\"1\" loading=\"lazy\" decoding=\"async\" class=\"alignleft size-medium wp-image-10611\" alt=\"herrera molina\" src=\"https:\/\/i0.wp.com\/www.24baires.com\/wp-content\/uploads\/2012\/12\/herrera-molina.jpg?resize=300%2C220\" width=\"300\" height=\"220\" srcset=\"https:\/\/i0.wp.com\/www.24baires.com\/wp-content\/uploads\/2012\/12\/herrera-molina.jpg?resize=300%2C220&amp;ssl=1 300w, https:\/\/i0.wp.com\/www.24baires.com\/wp-content\/uploads\/2012\/12\/herrera-molina.jpg?w=301&amp;ssl=1 301w\" sizes=\"auto, (max-width: 300px) 100vw, 300px\" \/><\/a><strong>Emilio Herrera Molina<\/strong>, uno de los integrantes del tribunal que absolvi\u00f3 a los 13 imputados en el juicio por Marita Ver\u00f3n, aclar\u00f3 que seguir\u00e1 en el cargo hasta completar los tr\u00e1mites de jubilaci\u00f3n que inici\u00f3 oportunamente.<!--more--><br \/>\nEl vocal de la Sala II de la C\u00e1mara Penal aclar\u00f3 que seguir\u00e1 en el cargo hasta completar los tr\u00e1mites de jubilaci\u00f3n que inici\u00f3 oportunamente, con lo que busca evitar el Jury de Enjuiciamiento, proceso que se puso en marcha hoy con la presentaci\u00f3n que realizaron los abogados de Susana Trimarco.<\/p>\n<p>La nota fue presentada hace unos d\u00edas y ya est\u00e1 en poder de la Corte Suprema de Justicia, seg\u00fan informaron voceros judiciales.<\/p>\n<p>El magistrado renunciante tiene 69 a\u00f1os, entr\u00f3 a la Justicia en 1986 y se desempe\u00f1\u00f3 primero como juez del Crimen en Concepci\u00f3n; luego fue fiscal de C\u00e1mara en la capital y desde 1992 integra la Sala II de la C\u00e1mara Penal.<\/p>\n<p>Con esta dimisi\u00f3n, Herrera Molina evitar\u00eda someterse al proceso de destituci\u00f3n que esta ma\u00f1ana puso en marcha Trimarco, la madre de Marita, mediante una denuncia presentada en la Legislatura contra \u00e9l y los otros integrantes del tribunal, Alberto Piedrabuena y Eduardo Romero Lascano.<\/p>\n<p>La comisi\u00f3n de Juicio Pol\u00edtico recibi\u00f3 la denuncia y procedi\u00f3 a pedir que los denunciantes ratifiquen o rectifiquen las acusaciones, lo que se descuenta que se producir\u00e1 ma\u00f1ana.<\/p>\n<p>A partir de ese momento comenzar\u00e1 el proceso que desembocar\u00e1 en el Jury de Enjuiciamiento, que se constituir\u00e1 en febrero y tendr\u00e1 la responsabilidad de determinar si corresponde o no la destituci\u00f3n de los jueces denunciados.<\/p>\n<p>En la presentaci\u00f3n, los abogados acusan a los jueces integrantes de la Sala II de la C\u00e1mara Penal de haber incurrido en delitos cometidos en el ejercicio de sus funciones y falta de cumplimiento de los deberes de su cargo (art. 47, 125 al 131 de la Constituci\u00f3n Provincial).<\/p>\n<p>Los hechos que motivan la denuncia se basan en la conducta y procedimientos de los integrantes de la Sala II durante el juicio cuyo fallo fue dado a conocer el d\u00eda 11 de diciembre del corriente a\u00f1o en curso.<\/p>\n<p>Los abogados recuerdan que el expediente fue elevado a juicio en el a\u00f1o 2004, y en fecha 18 de mayo de 2009 la Sala II de la C\u00e1mara Penal fue designada mediante sorteo para entender en el debate oral.<\/p>\n<p>\u00abPasaron 8 a\u00f1os para que se produjera el debate oral y p\u00fablico, desde la elevaci\u00f3n a juicio, y 2 a\u00f1os y 7 meses desde que fue designada la Sala II\u00bb, indican.<\/p>\n<p>Adem\u00e1s, se\u00f1alan que en 2011 tuvieron que interponer ante esa sala el pronto despacho para su iniciaci\u00f3n, el que fue rechazado.<\/p>\n<p>\u00abEso motiv\u00f3 nuestra queja por denegaci\u00f3n de justicia ante el Superior Tribunal, el que corri\u00f3 la misma suerte\u00bb, se\u00f1alan.<\/p>\n<p>Tras hacer una breve rese\u00f1a sobre el juicio y los imputados, la nota resalta las principales irregularidades advertidas en el debate oral y p\u00fablico.<\/p>\n<p>\u00abPodemos establecer una suerte de inventario: amenazas a testigo, amenazas a abogados; amenazas a imputados, incumplimiento de deberes de funcionario p\u00fablico por parte de los jueces del tribunal (inc. 1, 2, 4, 5 y 7 del art. 4 de la ley 8.199)\u00bb, a\u00f1ade el escrito.<\/p>\n<p>\u00abTodo ello dej\u00f3 al desnudo un debate oral y p\u00fablico parcial, al margen del juicio justo y debido proceso legal\u00bb, indican los abogados que firman la presentaci\u00f3n, Carlos Varela Alvarez, Jos\u00e9 D`Antona y Carlos Garmendia.<\/p>\n<p>D`antona, a cargo de la querella, calific\u00f3 a los jueces de \u00abcorruptos\u00bb e indic\u00f3 que \u00abhan incurrido en negligencia, parcialidad y est\u00e1n fuertemente sospechados de alg\u00fan tipo de irregularidad econ\u00f3mica\u00bb.<br \/>\n\u00abPedimos la destituci\u00f3n de los tres jueces (Piedrabuena, Molina y Romero Lascano) por las irregularidades cometidas durante los diez meses y medio de audiencias, todas las violaciones al C\u00f3digo Penal y otros tipos de normativas\u00bb, indic\u00f3 D`Antona.<\/p>\n<p>Seg\u00fan el abogado, \u00abson muchas las cosas que han sucedido y no las podemos dejar pasar por alto\u00bb.<\/p>\n<p>\u00abDurante todo el juicio, estos tres jueces no les creyeron a las v\u00edctimas y seg\u00fan la opini\u00f3n de ellos las mujeres rescatadas de prost\u00edbulos y que atestiguaron haber visto en esos lugares a Marita Ver\u00f3n, eran putas que estaban en los burdeles porque quer\u00edan\u00bb, agreg\u00f3.<\/p>\n<p>D`Antona aclar\u00f3 que \u00abnunca nadie dijo que toda la Justicia tucumana es corrupta, ni mucho menos, pero por culpa de estos tres jueces est\u00e1n sospechados injustamente y est\u00e1n pagando justos por pecadores, ya que en esta provincia hay jueces probos, honestos y comprometidos\u00bb.<\/p>\n<p>\u00abCuando se produzca la destituci\u00f3n de estos tres jueces, tal como lo pedimos, el poder judicial de Tucum\u00e1n va a poder descansar porque es culpa de ellos que est\u00e1n todos sospechados\u00bb, a\u00f1adi\u00f3.<\/p>\n<p>El abogado de Trimarco explic\u00f3 que la presentaci\u00f3n es \u00abel resultado de 10 meses y medio de il\u00edcitos e irregularidades que han cometido estos tres jueces con testigos, v\u00edctimas, abogados y con los propios imputados\u00bb.<\/p>\n<p>Tambi\u00e9n destac\u00f3 \u00ablas amenazas que recibieron (los abogados) Garmendia y Bel\u00e9n Lembo\u00bb, ambos de la Fundaci\u00f3n Mar\u00eda de los Angeles.<\/p>\n<p>Por otra parte, la Asociaci\u00f3n de Magistrados de Tucum\u00e1n dio a conocer hoy un comunicado en el que se\u00f1ala que tras el fallo \u00abse produjeron acusaciones sin fundamento alguno, desprestigiando la labor de cientos de personas que entregan su esfuerzo en pos de una mayor y mejor justicia\u00bb.<\/p>\n<p>\u00abSorprende y alarma a esta Asociaci\u00f3n que desde diferentes sectores sociales se haya condenado un fallo a escasos minutos de su pronunciamiento, sin conocer sus fundamentos, agravi\u00e1ndose a los jueces que lo dictaron\u00bb, se\u00f1alan en el texto.<\/p>\n<p>&nbsp;<\/p>\n<p>&nbsp;<\/p>\n<p>&nbsp;<\/p>\n<p>&nbsp;<\/p>\n<p>&nbsp;<\/p>\n<p>&nbsp;<\/p>\n<p>&nbsp;<\/p>\n<p>&nbsp;<\/p>\n<p>&nbsp;<\/p>\n<p>&nbsp;<\/p>\n<p>&nbsp;<\/p>\n<p>&nbsp;<\/p>\n<p>&nbsp;<\/p>\n<p>&nbsp;<\/p>\n<p>&nbsp;<\/p>\n<p>&nbsp;<\/p>\n<p>&nbsp;<\/p>\n<p>&nbsp;<\/p>\n<p>&nbsp;<\/p>\n<p>&nbsp;<\/p>\n<p>&nbsp;<\/p>\n<p>&nbsp;<\/p>\n<p>&nbsp;<\/p>\n<p>&nbsp;<\/p>\n<p>&nbsp;<\/p>\n<p>&nbsp;<\/p>\n<p>&nbsp;<\/p>\n<p>&nbsp;<\/p>\n<p>&nbsp;<\/p>\n<p>&nbsp;<\/p>\n<p>&nbsp;<\/p>\n<p>&nbsp;<\/p>\n<p>&nbsp;<\/p>\n","protected":false},"excerpt":{"rendered":"<p>Emilio Herrera Molina, uno de los integrantes del tribunal que absolvi\u00f3 a los 13 imputados en el juicio por Marita Ver\u00f3n, aclar\u00f3 que seguir\u00e1 en el cargo hasta completar los tr\u00e1mites de jubilaci\u00f3n que inici\u00f3 oportunamente.<\/p>\n","protected":false},"author":4,"featured_media":0,"comment_status":"open","ping_status":"open","sticky":false,"template":"","format":"standard","meta":{"_jetpack_newsletter_access":"","_jetpack_dont_email_post_to_subs":false,"_jetpack_newsletter_tier_id":0,"_jetpack_memberships_contains_paywalled_content":false,"_jetpack_memberships_contains_paid_content":false,"footnotes":""},"categories":[1],"tags":[],"class_list":["post-10609","post","type-post","status-publish","format-standard","hentry","category-sociedad"],"jetpack_featured_media_url":"","jetpack_shortlink":"https:\/\/wp.me\/p2JWE0-2L7","jetpack-related-posts":[{"id":14224,"url":"https:\/\/www.24baires.com\/?p=14224","url_meta":{"origin":10609,"position":0},"title":"Caso Marita Ver\u00f3n: Ampliar\u00e1n las denuncias y pedir\u00e1n la destituci\u00f3n de los jueces","author":"Grupo Sierra","date":"31\/01\/2013","format":false,"excerpt":"Los abogados de Susana Trimarco ratificar\u00e1n y ampliar\u00e1n este viernes el pedido de destituci\u00f3n presentado contra los integrantes del tribunal que absolvi\u00f3 a todos los imputados en el juicio por la desaparici\u00f3n de Marita Ver\u00f3n. Los abogados ampliar\u00e1n la denuncia contra los jueces luego de analizar los fundamentos del fallo\u2026","rel":"","context":"En \u00abSociedad\u00bb","block_context":{"text":"Sociedad","link":"https:\/\/www.24baires.com\/?cat=1"},"img":{"alt_text":"","src":"","width":0,"height":0},"classes":[]},{"id":20074,"url":"https:\/\/www.24baires.com\/?p=20074","url_meta":{"origin":10609,"position":1},"title":"Caso Marita Ver\u00f3n: acusan a los Jueces y se inicia el Jury de enjuiciamiento","author":"AF","date":"03\/04\/2013","format":false,"excerpt":"La medida fue votada por la Legislatura provincial. Se trata de dos de los tres magistrados que absolvieron a los 13 imputados por el secuestro de la joven. La comisi\u00f3n de Juicio Pol\u00edtico de la Legislatura provincial decidi\u00f3 acusar a los jueces que absolvieron a los 13 imputados en el\u2026","rel":"","context":"En \u00abSociedad\u00bb","block_context":{"text":"Sociedad","link":"https:\/\/www.24baires.com\/?cat=1"},"img":{"alt_text":"marita ver\u00f3n2","src":"https:\/\/i0.wp.com\/www.24baires.com\/wp-content\/uploads\/2013\/04\/marita-ver%C3%B3n2.jpg?resize=350%2C200","width":350,"height":200,"srcset":"https:\/\/i0.wp.com\/www.24baires.com\/wp-content\/uploads\/2013\/04\/marita-ver%C3%B3n2.jpg?resize=350%2C200 1x, https:\/\/i0.wp.com\/www.24baires.com\/wp-content\/uploads\/2013\/04\/marita-ver%C3%B3n2.jpg?resize=525%2C300 1.5x"},"classes":[]},{"id":20224,"url":"https:\/\/www.24baires.com\/?p=20224","url_meta":{"origin":10609,"position":2},"title":"Frenan el proceso de destituci\u00f3n de los jueces del caso Marita Ver\u00f3n","author":"AF","date":"04\/04\/2013","format":false,"excerpt":"A nueve a\u00f1os de su desaparici\u00f3n, la Corte Suprema de Justicia tucumana hizo lugar a una medida cautelar y orden\u00f3 a la comisi\u00f3n de Juicio Pol\u00edtico de la Legislatura y al Jurado de Enjuiciamiento que se abstengan de continuar el proceso de destituci\u00f3n contra los magistrados. La Justicia hizo lugar\u2026","rel":"","context":"En \u00abLocales\u00bb","block_context":{"text":"Locales","link":"https:\/\/www.24baires.com\/?cat=38"},"img":{"alt_text":"trimarco","src":"https:\/\/i0.wp.com\/www.24baires.com\/wp-content\/uploads\/2012\/11\/trimarco.jpg?resize=350%2C200","width":350,"height":200},"classes":[]},{"id":30145,"url":"https:\/\/www.24baires.com\/?p=30145","url_meta":{"origin":10609,"position":3},"title":"Juez del caso Marita Ver\u00f3n se jubilar\u00e1 y evitar\u00e1 el juicio pol\u00edtico","author":"AF","date":"14\/08\/2013","format":false,"excerpt":"Emilio Herrera Molina, vocal de la Sala II de la C\u00e1mara Penal -que absolvi\u00f3 a los trece imputados en el caso de Marita Ver\u00f3n- hab\u00eda presentado su renuncia en diciembre. Pero la dimisi\u00f3n recorri\u00f3 un periplo judicial hasta que fue aceptada. Susana Trimarco expres\u00f3 su descontento. El juez de Tucum\u00e1n\u2026","rel":"","context":"En \u00abSociedad\u00bb","block_context":{"text":"Sociedad","link":"https:\/\/www.24baires.com\/?cat=1"},"img":{"alt_text":"","src":"","width":0,"height":0},"classes":[]},{"id":37092,"url":"https:\/\/www.24baires.com\/?p=37092","url_meta":{"origin":10609,"position":4},"title":"\u00abEl fallo es una luz de esperanza en la lucha contra la trata\u00bb asegur\u00f3 Susana Trimarco","author":"GB","date":"18\/12\/2013","format":false,"excerpt":"Susana Trimarco, madre de Marita Ver\u00f3n, se refiri\u00f3 as\u00ed al fallo que revoc\u00f3 la absoluci\u00f3n de 10 de los 13 acusados por el secuestro y desaparici\u00f3n de su hija en 2002. Fue al salir de la Casa Rosada. El fallo de la Corte Suprema de Justicia de Tucum\u00e1n, que ayer\u2026","rel":"","context":"En \u00abSociedad\u00bb","block_context":{"text":"Sociedad","link":"https:\/\/www.24baires.com\/?cat=1"},"img":{"alt_text":"trimarco","src":"https:\/\/i0.wp.com\/www.24baires.com\/wp-content\/uploads\/2012\/11\/trimarco.jpg?resize=350%2C200","width":350,"height":200},"classes":[]},{"id":107915,"url":"https:\/\/www.24baires.com\/?p=107915","url_meta":{"origin":10609,"position":5},"title":"Rozanski se present\u00f3 en el juzgado de Ramos Padilla y denunci\u00f3 a Garavano por extorsi\u00f3n","author":"AF","date":"30\/04\/2019","format":false,"excerpt":"Relat\u00f3 que el ministro y el ex juez Cabral lo extorsionaron con un jury para que renunciara. El objetivo, cont\u00f3, era aleccionar a Fari\u00f1a. El ex juez federal de La Plata Carlos Rozanski se present\u00f3 como querellante ante el juzgado de Alejo Ramos Padilla y denunci\u00f3 por extorsi\u00f3n al ministro\u2026","rel":"","context":"En \u00abJUDICIALES\u00bb","block_context":{"text":"JUDICIALES","link":"https:\/\/www.24baires.com\/?cat=68"},"img":{"alt_text":"","src":"https:\/\/i0.wp.com\/www.24baires.com\/wp-content\/uploads\/2015\/04\/carlos-rozanski.jpg?resize=350%2C200","width":350,"height":200,"srcset":"https:\/\/i0.wp.com\/www.24baires.com\/wp-content\/uploads\/2015\/04\/carlos-rozanski.jpg?resize=350%2C200 1x, https:\/\/i0.wp.com\/www.24baires.com\/wp-content\/uploads\/2015\/04\/carlos-rozanski.jpg?resize=525%2C300 1.5x"},"classes":[]}],"jetpack_sharing_enabled":true,"jetpack_likes_enabled":true,"_links":{"self":[{"href":"https:\/\/www.24baires.com\/index.php?rest_route=\/wp\/v2\/posts\/10609","targetHints":{"allow":["GET"]}}],"collection":[{"href":"https:\/\/www.24baires.com\/index.php?rest_route=\/wp\/v2\/posts"}],"about":[{"href":"https:\/\/www.24baires.com\/index.php?rest_route=\/wp\/v2\/types\/post"}],"author":[{"embeddable":true,"href":"https:\/\/www.24baires.com\/index.php?rest_route=\/wp\/v2\/users\/4"}],"replies":[{"embeddable":true,"href":"https:\/\/www.24baires.com\/index.php?rest_route=%2Fwp%2Fv2%2Fcomments&post=10609"}],"version-history":[{"count":4,"href":"https:\/\/www.24baires.com\/index.php?rest_route=\/wp\/v2\/posts\/10609\/revisions"}],"predecessor-version":[{"id":10615,"href":"https:\/\/www.24baires.com\/index.php?rest_route=\/wp\/v2\/posts\/10609\/revisions\/10615"}],"wp:attachment":[{"href":"https:\/\/www.24baires.com\/index.php?rest_route=%2Fwp%2Fv2%2Fmedia&parent=10609"}],"wp:term":[{"taxonomy":"category","embeddable":true,"href":"https:\/\/www.24baires.com\/index.php?rest_route=%2Fwp%2Fv2%2Fcategories&post=10609"},{"taxonomy":"post_tag","embeddable":true,"href":"https:\/\/www.24baires.com\/index.php?rest_route=%2Fwp%2Fv2%2Ftags&post=10609"}],"curies":[{"name":"wp","href":"https:\/\/api.w.org\/{rel}","templated":true}]}}