{"id":1059,"date":"2012-10-05T10:06:43","date_gmt":"2012-10-05T13:06:43","guid":{"rendered":"http:\/\/www.24baires.com\/?p=1059"},"modified":"2012-10-05T10:08:41","modified_gmt":"2012-10-05T13:08:41","slug":"por-obras-en-autovia-2-proponen-ruta-alternativa-para-evitar-demoras-durante-el-fin-de-semana-largo","status":"publish","type":"post","link":"https:\/\/www.24baires.com\/?p=1059","title":{"rendered":"Por obras en Autov\u00eda 2 proponen ruta alternativa para evitar demoras durante el fin de semana largo"},"content":{"rendered":"<p><img data-recalc-dims=\"1\" loading=\"lazy\" decoding=\"async\" class=\"alignleft size-full wp-image-1060\" title=\"alternativaruta2\" src=\"https:\/\/i0.wp.com\/www.24baires.com\/wp-content\/uploads\/2012\/10\/alternativaruta2.png?resize=250%2C175\" alt=\"\" width=\"250\" height=\"175\" \/>El Ministerio de Justicia y Seguridad, a trav\u00e9s de la Polic\u00eda de Seguridad Vial, dio a conocer que, a ra\u00edz de las tareas de mantenimiento y reparaci\u00f3n que se est\u00e1n realizando sobre el puente del R\u00edo Salado en la Autov\u00eda 2, se cerr\u00f3 en el lugar una de las manos de circulaci\u00f3n y por esto propone una ruta alternativa.<!--more--><\/p>\n<p>Asimismo, aseguraron que, con el prop\u00f3sito de evitar posibles congestionamientos de tr\u00e1nsito durante el fin de semana largo, ser\u00e1 conveniente tomar como ruta alternativa desde Capital Federal y La Plata a las localidades de la\u00a0 Costa Atl\u00e1ntica, la Ruta 36\u00a0 hasta su intersecci\u00f3n con la Ruta 11 y por esta hacia las localidades balnearias.<\/p>\n<p>Aquellos conductores\u00a0 que\u00a0 elijan transitar\u00a0 por la Autov\u00eda 2 podr\u00e1n sufrir demoras a la altura de los km. 164 y 167\u00a0 o bien eventuales desv\u00edos por la Ruta 57 a la altura de Lezama, hasta la intersecci\u00f3n con la Ruta 41 y por esta nuevamente\u00a0 hacia Castelli, donde se retomar\u00e1 nuevamente la circulaci\u00f3n por la Autov\u00eda 2.<\/p>\n","protected":false},"excerpt":{"rendered":"<p>El Ministerio de Justicia y Seguridad, a trav\u00e9s de la Polic\u00eda de Seguridad Vial, dio a conocer que, a ra\u00edz de las tareas de mantenimiento y reparaci\u00f3n que se est\u00e1n realizando sobre el puente del R\u00edo Salado en la Autov\u00eda 2, se cerr\u00f3 en el lugar una de las manos de circulaci\u00f3n y por esto propone una ruta alternativa.<\/p>\n","protected":false},"author":4,"featured_media":0,"comment_status":"open","ping_status":"open","sticky":false,"template":"","format":"standard","meta":{"_jetpack_newsletter_access":"","_jetpack_dont_email_post_to_subs":false,"_jetpack_newsletter_tier_id":0,"_jetpack_memberships_contains_paywalled_content":false,"_jetpack_memberships_contains_paid_content":false,"footnotes":""},"categories":[1],"tags":[],"class_list":["post-1059","post","type-post","status-publish","format-standard","hentry","category-sociedad"],"jetpack_featured_media_url":"","jetpack_shortlink":"https:\/\/wp.me\/p2JWE0-h5","jetpack-related-posts":[{"id":62408,"url":"https:\/\/www.24baires.com\/?p=62408","url_meta":{"origin":1059,"position":0},"title":"En hora pico, no se cobrar\u00e1 peaje en Samboromb\u00f3n","author":"AF","date":"28\/02\/2015","format":false,"excerpt":"La Direcci\u00f3n de Vialidad de la provincia de Buenos Aires, comunic\u00f3 que durante este fin de semana en el puente emplazado sobre el R\u00edo Salado de la Autov\u00eda 2, seguir\u00e1 habilitada provisoriamente la calzada hacia Mar del Plata para ambos sentidos de circulaci\u00f3n, ocasionando una reducci\u00f3n de calzada en aproximadamente\u2026","rel":"","context":"En \u00abSociedad\u00bb","block_context":{"text":"Sociedad","link":"https:\/\/www.24baires.com\/?cat=1"},"img":{"alt_text":"peajeruta2","src":"https:\/\/i0.wp.com\/www.24baires.com\/wp-content\/uploads\/2013\/03\/peajeruta2.jpg?resize=350%2C200","width":350,"height":200,"srcset":"https:\/\/i0.wp.com\/www.24baires.com\/wp-content\/uploads\/2013\/03\/peajeruta2.jpg?resize=350%2C200 1x, https:\/\/i0.wp.com\/www.24baires.com\/wp-content\/uploads\/2013\/03\/peajeruta2.jpg?resize=525%2C300 1.5x"},"classes":[]},{"id":63432,"url":"https:\/\/www.24baires.com\/?p=63432","url_meta":{"origin":1059,"position":1},"title":"Comenz\u00f3 el \u00e9xodo tur\u00edstico: m\u00e1s de 2.200 autos por hora circulan hacia la Costa","author":"GB","date":"20\/03\/2015","format":false,"excerpt":"Unos 2.200 veh\u00edculos por hora circulaban esta tarde por la autov\u00eda 2 en sentido a la Costa Atl\u00e1ntica por lo que el tr\u00e1nsito se desplazaba con normalidad y sin demoras en el inicio del fin de semana largo por los feriados del 23 y 24 de marzo, inform\u00f3 La Direcci\u00f3n\u2026","rel":"","context":"En \u00abTurismo\u00bb","block_context":{"text":"Turismo","link":"https:\/\/www.24baires.com\/?cat=69"},"img":{"alt_text":"autos finde largo junio","src":"https:\/\/i0.wp.com\/www.24baires.com\/wp-content\/uploads\/2013\/06\/autos-finde-largo-junio.jpg?resize=350%2C200","width":350,"height":200,"srcset":"https:\/\/i0.wp.com\/www.24baires.com\/wp-content\/uploads\/2013\/06\/autos-finde-largo-junio.jpg?resize=350%2C200 1x, https:\/\/i0.wp.com\/www.24baires.com\/wp-content\/uploads\/2013\/06\/autos-finde-largo-junio.jpg?resize=525%2C300 1.5x"},"classes":[]},{"id":15475,"url":"https:\/\/www.24baires.com\/?p=15475","url_meta":{"origin":1059,"position":2},"title":"Intenso flujo automovil\u00edstico desde la Costa: M\u00e1s de 2600 autos por hora","author":"Grupo Sierra","date":"12\/02\/2013","format":false,"excerpt":"El flujo vehicular que circulaba por la autov\u00eda 2 y las rutas provinciales 11 y 36 se presentaba cargado, con 2.615 autom\u00f3viles por hora que fueron contabilizados a la altura del peaje Samboromb\u00f3n. Pasadas las 17 comenz\u00f3 a incrementarse el tr\u00e1nsito y la autov\u00eda 2 ya se presentaba cargada, con\u2026","rel":"","context":"En \u00abSociedad\u00bb","block_context":{"text":"Sociedad","link":"https:\/\/www.24baires.com\/?cat=1"},"img":{"alt_text":"findelargo carnaval rutas","src":"https:\/\/i0.wp.com\/www.24baires.com\/wp-content\/uploads\/2013\/02\/findelargo-carnaval-rutas.jpg?resize=350%2C200","width":350,"height":200,"srcset":"https:\/\/i0.wp.com\/www.24baires.com\/wp-content\/uploads\/2013\/02\/findelargo-carnaval-rutas.jpg?resize=350%2C200 1x, https:\/\/i0.wp.com\/www.24baires.com\/wp-content\/uploads\/2013\/02\/findelargo-carnaval-rutas.jpg?resize=525%2C300 1.5x"},"classes":[]},{"id":10780,"url":"https:\/\/www.24baires.com\/?p=10780","url_meta":{"origin":1059,"position":3},"title":"Picos de 2.900 autos por hora recorriendo las rutas bonaerense hacia la Costa Atl\u00e1ntica","author":"AF","date":"29\/12\/2012","format":false,"excerpt":"Cerca del mediod\u00eda se registraba un intenso movimiento, con una m\u00ednima merma en la frecuencia de autom\u00f3viles respecto de las primeras horas del d\u00eda, inform\u00f3 el vocero de Vialidad Nacional. \"Sobre la ruta 2 hay una disminuci\u00f3n en la frecuencia de veh\u00edculos que pas\u00f3 de m\u00e1s de 2.100 en las\u2026","rel":"","context":"En \u00abSociedad\u00bb","block_context":{"text":"Sociedad","link":"https:\/\/www.24baires.com\/?cat=1"},"img":{"alt_text":"ruta finde","src":"https:\/\/i0.wp.com\/www.24baires.com\/wp-content\/uploads\/2012\/12\/ruta-finde.jpg?resize=350%2C200","width":350,"height":200},"classes":[]},{"id":340,"url":"https:\/\/www.24baires.com\/?p=340","url_meta":{"origin":1059,"position":4},"title":"Un choque con v\u00edctimas fatales demora el regreso de los turistas en la Ruta 2","author":"Grupo Sierra","date":"24\/09\/2012","format":false,"excerpt":"Una pareja muri\u00f3 al chocar la moto en la que viajaban con una camioneta a la altura de la localidad bonaerense de Etcheverry. A las 16, manifestantes levantaron el corte la autov\u00eda en Cnel. Vidal. El hecho ocurri\u00f3 a las 16, en el kil\u00f3metro 60 de la autov\u00eda, en dicha\u2026","rel":"","context":"En \u00abPoliciales\u00bb","block_context":{"text":"Policiales","link":"https:\/\/www.24baires.com\/?cat=49"},"img":{"alt_text":"","src":"","width":0,"height":0},"classes":[]},{"id":19519,"url":"https:\/\/www.24baires.com\/?p=19519","url_meta":{"origin":1059,"position":5},"title":"No hacen nada en las rutas provinciales y justo arrancaron este fin de semana largo","author":"Grupo Sierra","date":"27\/03\/2013","format":false,"excerpt":"Por pedido de la Agencia Nacional de Seguridad Vial, el gobierno de la Provincia de Buenos Aires suspendi\u00f3 una obra de repavimentaci\u00f3n en las rutas 2 y 11, que pon\u00eda en riesgo la seguridad vial y genera grandes congestiones de tr\u00e1nsito en el primer d\u00eda de \u00e9xodo tur\u00edstico por el\u2026","rel":"","context":"En \u00abProvincia\u00bb","block_context":{"text":"Provincia","link":"https:\/\/www.24baires.com\/?cat=40"},"img":{"alt_text":"","src":"","width":0,"height":0},"classes":[]}],"jetpack_sharing_enabled":true,"jetpack_likes_enabled":true,"_links":{"self":[{"href":"https:\/\/www.24baires.com\/index.php?rest_route=\/wp\/v2\/posts\/1059","targetHints":{"allow":["GET"]}}],"collection":[{"href":"https:\/\/www.24baires.com\/index.php?rest_route=\/wp\/v2\/posts"}],"about":[{"href":"https:\/\/www.24baires.com\/index.php?rest_route=\/wp\/v2\/types\/post"}],"author":[{"embeddable":true,"href":"https:\/\/www.24baires.com\/index.php?rest_route=\/wp\/v2\/users\/4"}],"replies":[{"embeddable":true,"href":"https:\/\/www.24baires.com\/index.php?rest_route=%2Fwp%2Fv2%2Fcomments&post=1059"}],"version-history":[{"count":0,"href":"https:\/\/www.24baires.com\/index.php?rest_route=\/wp\/v2\/posts\/1059\/revisions"}],"wp:attachment":[{"href":"https:\/\/www.24baires.com\/index.php?rest_route=%2Fwp%2Fv2%2Fmedia&parent=1059"}],"wp:term":[{"taxonomy":"category","embeddable":true,"href":"https:\/\/www.24baires.com\/index.php?rest_route=%2Fwp%2Fv2%2Fcategories&post=1059"},{"taxonomy":"post_tag","embeddable":true,"href":"https:\/\/www.24baires.com\/index.php?rest_route=%2Fwp%2Fv2%2Ftags&post=1059"}],"curies":[{"name":"wp","href":"https:\/\/api.w.org\/{rel}","templated":true}]}}