{"id":10589,"date":"2012-12-27T12:32:17","date_gmt":"2012-12-27T15:32:17","guid":{"rendered":"http:\/\/www.24baires.com\/?p=10589"},"modified":"2012-12-27T19:44:32","modified_gmt":"2012-12-27T22:44:32","slug":"anunciaron-la-creacion-de-tres-nuevas-escuelas-de-policia","status":"publish","type":"post","link":"https:\/\/www.24baires.com\/?p=10589","title":{"rendered":"Anunciaron la creaci\u00f3n de tres nuevas escuelas de Polic\u00eda"},"content":{"rendered":"<p>Con la clara idea de continuar con el proceso de descentralizaci\u00f3n de las capacitaciones brindadas por la Provincia, se anunci\u00f3 la instalaci\u00f3n de nuevas escuelas de Polic\u00eda en Lomas de Zamora, Moreno y Tres de Febrero. <!--more--><br \/>\nLa confirmaci\u00f3n llego por parte del Ministro de Seguridad bonaerense, Ricardo Casal, quien en se\u00f1al\u00f3 que \u201cla descentralizaci\u00f3n ser\u00e1 de 4.500 polic\u00edas por a\u00f1o, de los cuales todos van a ser del lugar donde viven, donde los alumnos solo ser\u00e1n de las zona, no habr\u00e1 internados y ellos podr\u00e1n volver a sus casas. Esto facilita la posibilidad de inscripci\u00f3n para quienes son casados con hijos\u00bb, sostuvo el Ministro<\/p>\n<p>Por otra parte, el funcionario destac\u00f3 la importancia que los inscriptos sean de las zona donde van a prestar el servicio: \u00abEs fundamental que sean de la zona y conocidos, la pertenencia al territorio donde prestan el servicio esta comprobado que representa mas eficiencias en la prestaci\u00f3n y m\u00e1s control social de la ciudadan\u00eda\u00bb.<\/p>\n<p>&nbsp;<\/p>\n<p>&nbsp;<\/p>\n<p>&nbsp;<\/p>\n<p>&nbsp;<\/p>\n<p>&nbsp;<\/p>\n<p>&nbsp;<\/p>\n<p>&nbsp;<\/p>\n<p>&nbsp;<\/p>\n<p>&nbsp;<\/p>\n<p>&nbsp;<\/p>\n<p>&nbsp;<\/p>\n<p>&nbsp;<\/p>\n<p>&nbsp;<\/p>\n<p>&nbsp;<\/p>\n<p>&nbsp;<\/p>\n<p>&nbsp;<\/p>\n<p>&nbsp;<\/p>\n<p>&nbsp;<\/p>\n<p>&nbsp;<\/p>\n<p>&nbsp;<\/p>\n<p>&nbsp;<\/p>\n<p>&nbsp;<\/p>\n<p>&nbsp;<\/p>\n<p>&nbsp;<\/p>\n<p>&nbsp;<\/p>\n","protected":false},"excerpt":{"rendered":"<p>Con la clara idea de continuar con el proceso de descentralizaci\u00f3n de las capacitaciones brindadas por la Provincia, se anunci\u00f3 la instalaci\u00f3n de nuevas escuelas de Polic\u00eda en Lomas de Zamora, Moreno y Tres de Febrero.<\/p>\n","protected":false},"author":4,"featured_media":0,"comment_status":"open","ping_status":"open","sticky":false,"template":"","format":"standard","meta":{"_jetpack_newsletter_access":"","_jetpack_dont_email_post_to_subs":false,"_jetpack_newsletter_tier_id":0,"_jetpack_memberships_contains_paywalled_content":false,"_jetpack_memberships_contains_paid_content":false,"footnotes":""},"categories":[1],"tags":[],"class_list":["post-10589","post","type-post","status-publish","format-standard","hentry","category-sociedad"],"jetpack_featured_media_url":"","jetpack_shortlink":"https:\/\/wp.me\/p2JWE0-2KN","jetpack-related-posts":[{"id":57841,"url":"https:\/\/www.24baires.com\/?p=57841","url_meta":{"origin":10589,"position":0},"title":"\u00abVamos a minar de polic\u00edas la Provincia\u00bb, asegur\u00f3 Granados","author":"GB","date":"28\/11\/2014","format":false,"excerpt":"El ministro de Seguridad, Alejandro Granados, encabez\u00f3 el cierre de curso de la Escuela de Polic\u00eda de la Provincia en el partido de Ezeiza, y en ese marco asegur\u00f3 que \u201cestamos minando la Provincia de polic\u00edas para que nuestros vecinos se sientan seguros y tranquilos\u201d. Granados puso en valor la\u2026","rel":"","context":"En \u00abProvincia\u00bb","block_context":{"text":"Provincia","link":"https:\/\/www.24baires.com\/?cat=40"},"img":{"alt_text":"granados","src":"https:\/\/i0.wp.com\/www.24baires.com\/wp-content\/uploads\/2014\/04\/granados1.jpg?resize=350%2C200","width":350,"height":200,"srcset":"https:\/\/i0.wp.com\/www.24baires.com\/wp-content\/uploads\/2014\/04\/granados1.jpg?resize=350%2C200 1x, https:\/\/i0.wp.com\/www.24baires.com\/wp-content\/uploads\/2014\/04\/granados1.jpg?resize=525%2C300 1.5x"},"classes":[]},{"id":24156,"url":"https:\/\/www.24baires.com\/?p=24156","url_meta":{"origin":10589,"position":1},"title":"Scioli inaugur\u00f3 otra Escuela de Polic\u00eda","author":"Grupo Sierra","date":"22\/05\/2013","format":false,"excerpt":"MORENO.- El Gobernador Daniel Scioli puso en marcha una nueva Escuela de Polic\u00eda descentralizada en Moreno y dio inicio al Ciclo Lectivo 2013 con m\u00e1s de 95 aspirantes oriundos del distrito, General Rodr\u00edguez y San Miguel. Estuvo acompa\u00f1ado por el ministro de Justicia y Seguridad, Ricardo Casal, y el diputado\u2026","rel":"","context":"En \u00abProvincia\u00bb","block_context":{"text":"Provincia","link":"https:\/\/www.24baires.com\/?cat=40"},"img":{"alt_text":"scioli moreno policia esc","src":"https:\/\/i0.wp.com\/www.24baires.com\/wp-content\/uploads\/2013\/05\/scioli-moreno-policia-esc.jpg?resize=350%2C200","width":350,"height":200,"srcset":"https:\/\/i0.wp.com\/www.24baires.com\/wp-content\/uploads\/2013\/05\/scioli-moreno-policia-esc.jpg?resize=350%2C200 1x, https:\/\/i0.wp.com\/www.24baires.com\/wp-content\/uploads\/2013\/05\/scioli-moreno-policia-esc.jpg?resize=525%2C300 1.5x"},"classes":[]},{"id":49524,"url":"https:\/\/www.24baires.com\/?p=49524","url_meta":{"origin":10589,"position":2},"title":"Desde Provincia anuncian env\u00edo de fondos directos a escuelas","author":"Grupo Sierra","date":"08\/07\/2014","format":false,"excerpt":"El Jefe de Gabinete provincial, Alberto P\u00e9rez, mantuvo una reuni\u00f3n con la Directora General de Cultura y Educaci\u00f3n, Nora de Luc\u00eda y el ministro de Desarrollo Social, Eduardo Aparicio en la que analizaron la descentralizaci\u00f3n de recursos econ\u00f3micos a las escuelas y un nuevo aumento para los comedores escolares. Durante\u2026","rel":"","context":"En \u00abProvincia\u00bb","block_context":{"text":"Provincia","link":"https:\/\/www.24baires.com\/?cat=40"},"img":{"alt_text":"escuela03","src":"https:\/\/i0.wp.com\/www.24baires.com\/wp-content\/uploads\/2014\/05\/escuela03.jpg?resize=350%2C200","width":350,"height":200,"srcset":"https:\/\/i0.wp.com\/www.24baires.com\/wp-content\/uploads\/2014\/05\/escuela03.jpg?resize=350%2C200 1x, https:\/\/i0.wp.com\/www.24baires.com\/wp-content\/uploads\/2014\/05\/escuela03.jpg?resize=525%2C300 1.5x"},"classes":[]},{"id":114325,"url":"https:\/\/www.24baires.com\/?p=114325","url_meta":{"origin":10589,"position":3},"title":"Para el gobernador el Operativo Sol fue \u00abexitoso\u00bb y pidi\u00f3 una polic\u00eda \u00abdecente\u00bb","author":"GB","date":"06\/03\/2020","format":false,"excerpt":"En un acto celebrado en la Escuela Juan Vucetich de Parque Centenario, el gobernador dijo que es necesario una fuerza \"decente y humana\". Por su parte, Sergio Berni anunci\u00f3 el cambio de la c\u00fapula policial y le mand\u00f3 un saludo a la familia de Fernando Sosa. Axel Kicillof y su\u2026","rel":"","context":"En \u00abProvincia\u00bb","block_context":{"text":"Provincia","link":"https:\/\/www.24baires.com\/?cat=40"},"img":{"alt_text":"","src":"https:\/\/i0.wp.com\/www.24baires.com\/wp-content\/uploads\/2020\/03\/kicillof-operativo-sol.jpg?resize=350%2C200","width":350,"height":200,"srcset":"https:\/\/i0.wp.com\/www.24baires.com\/wp-content\/uploads\/2020\/03\/kicillof-operativo-sol.jpg?resize=350%2C200 1x, https:\/\/i0.wp.com\/www.24baires.com\/wp-content\/uploads\/2020\/03\/kicillof-operativo-sol.jpg?resize=525%2C300 1.5x"},"classes":[]},{"id":49555,"url":"https:\/\/www.24baires.com\/?p=49555","url_meta":{"origin":10589,"position":4},"title":"Comedores Escolares: Provincia enviar\u00e1 fondos directamente a colegios","author":"GB","date":"09\/07\/2014","format":false,"excerpt":"Alberto P\u00e9rez protagoniz\u00f3 una reuni\u00f3n con Nora De Luc\u00eda y Eduardo Aparicio para analizar la descentralizaci\u00f3n de recursos econ\u00f3micos a las escuelas y un nuevo aumento para los propios comedores. El foco, ahora, queda del lado de los municipios. En medio de la pol\u00e9mica por las denuncias que atraviesa la\u2026","rel":"","context":"En \u00abProvincia\u00bb","block_context":{"text":"Provincia","link":"https:\/\/www.24baires.com\/?cat=40"},"img":{"alt_text":"a perez","src":"https:\/\/i0.wp.com\/www.24baires.com\/wp-content\/uploads\/2014\/07\/a-perez.jpg?resize=350%2C200","width":350,"height":200,"srcset":"https:\/\/i0.wp.com\/www.24baires.com\/wp-content\/uploads\/2014\/07\/a-perez.jpg?resize=350%2C200 1x, https:\/\/i0.wp.com\/www.24baires.com\/wp-content\/uploads\/2014\/07\/a-perez.jpg?resize=525%2C300 1.5x"},"classes":[]},{"id":61125,"url":"https:\/\/www.24baires.com\/?p=61125","url_meta":{"origin":10589,"position":5},"title":"Scioli convoc\u00f3 a 80 intendentes y 2.000 polic\u00edas para tratar temas de seguridad","author":"GB","date":"02\/02\/2015","format":false,"excerpt":"El gobernador bonaerense, Daniel Scioli, convoc\u00f3 a m\u00e1s de 80 intendentes y 2 mil polic\u00edas de la Provincia para abordar, junto a su ministro Alejandro Granados, temas relacionados a la seguridad del distrito. La reuni\u00f3n se anunci\u00f3 para el pr\u00f3ximo viernes 13 de febrero en el marco del \"Congreso de\u2026","rel":"","context":"En \u00abPol\u00edtica\u00bb","block_context":{"text":"Pol\u00edtica","link":"https:\/\/www.24baires.com\/?cat=51"},"img":{"alt_text":"scioli cpc","src":"https:\/\/i0.wp.com\/www.24baires.com\/wp-content\/uploads\/2015\/01\/scioli-cpc.jpg?resize=350%2C200","width":350,"height":200,"srcset":"https:\/\/i0.wp.com\/www.24baires.com\/wp-content\/uploads\/2015\/01\/scioli-cpc.jpg?resize=350%2C200 1x, https:\/\/i0.wp.com\/www.24baires.com\/wp-content\/uploads\/2015\/01\/scioli-cpc.jpg?resize=525%2C300 1.5x"},"classes":[]}],"jetpack_sharing_enabled":true,"jetpack_likes_enabled":true,"_links":{"self":[{"href":"https:\/\/www.24baires.com\/index.php?rest_route=\/wp\/v2\/posts\/10589","targetHints":{"allow":["GET"]}}],"collection":[{"href":"https:\/\/www.24baires.com\/index.php?rest_route=\/wp\/v2\/posts"}],"about":[{"href":"https:\/\/www.24baires.com\/index.php?rest_route=\/wp\/v2\/types\/post"}],"author":[{"embeddable":true,"href":"https:\/\/www.24baires.com\/index.php?rest_route=\/wp\/v2\/users\/4"}],"replies":[{"embeddable":true,"href":"https:\/\/www.24baires.com\/index.php?rest_route=%2Fwp%2Fv2%2Fcomments&post=10589"}],"version-history":[{"count":3,"href":"https:\/\/www.24baires.com\/index.php?rest_route=\/wp\/v2\/posts\/10589\/revisions"}],"predecessor-version":[{"id":10591,"href":"https:\/\/www.24baires.com\/index.php?rest_route=\/wp\/v2\/posts\/10589\/revisions\/10591"}],"wp:attachment":[{"href":"https:\/\/www.24baires.com\/index.php?rest_route=%2Fwp%2Fv2%2Fmedia&parent=10589"}],"wp:term":[{"taxonomy":"category","embeddable":true,"href":"https:\/\/www.24baires.com\/index.php?rest_route=%2Fwp%2Fv2%2Fcategories&post=10589"},{"taxonomy":"post_tag","embeddable":true,"href":"https:\/\/www.24baires.com\/index.php?rest_route=%2Fwp%2Fv2%2Ftags&post=10589"}],"curies":[{"name":"wp","href":"https:\/\/api.w.org\/{rel}","templated":true}]}}