{"id":105850,"date":"2018-12-10T19:57:14","date_gmt":"2018-12-10T22:57:14","guid":{"rendered":"http:\/\/www.24baires.com\/?p=105850"},"modified":"2018-12-10T19:57:14","modified_gmt":"2018-12-10T22:57:14","slug":"bang-bang-estas-muerto","status":"publish","type":"post","link":"https:\/\/www.24baires.com\/?p=105850","title":{"rendered":"Bang, bang, est\u00e1s muerto"},"content":{"rendered":"<p><img data-recalc-dims=\"1\" loading=\"lazy\" decoding=\"async\" src=\"https:\/\/i0.wp.com\/www.24baires.com\/wp-content\/uploads\/2018\/12\/gendarmer%C3%ADa.jpg?resize=560%2C314\" alt=\"\" width=\"560\" height=\"314\" class=\"aligncenter size-full wp-image-105851\" srcset=\"https:\/\/i0.wp.com\/www.24baires.com\/wp-content\/uploads\/2018\/12\/gendarmer%C3%ADa.jpg?w=560&amp;ssl=1 560w, https:\/\/i0.wp.com\/www.24baires.com\/wp-content\/uploads\/2018\/12\/gendarmer%C3%ADa.jpg?resize=300%2C168&amp;ssl=1 300w\" sizes=\"auto, (max-width: 560px) 100vw, 560px\" \/>\u201cA los que se enojan conmigo por mi posici\u00f3n en seguridad les digo, el d\u00eda que maten a un hijo solo por tener pelo largo o ser morocho se van a acordar de m\u00ed\u201d, dijo Elisa Carri\u00f3, pele\u00e1ndose por las redes sociales con la decisi\u00f3n de la Ministra Patricia Bullrich de autorizar a las fuerzas de seguridad el uso de armas de fuego. Pasa que Santiago Maldonado era hijo nuestro, lo mismo que el otro pibe de pelo largo: Rafael Nahuel. Tambi\u00e9n era hijo nuestro -y morocho- Facundo Ferreira, cuando una bala policial le revent\u00f3 la cabeza a los 11 a\u00f1os. No eran sus hijos, no eran suyos. Eran nuestros, como siempre. Ni tampoco lo era Claudio Adri\u00e1n S\u00e1nchez, cuando muri\u00f3 por un tiro en el cuello disparado por un polic\u00eda que lo crey\u00f3 ladr\u00f3n.<!--more--><\/p>\n<p>Hasta por la espalda y sin tener que dar la voz de alto, autoriza Bullrich. Claro. Carri\u00f3 siente c\u00f3mo se le van mojando los tacos en la cubierta, el agua ha ocupado todo lo que est\u00e1 debajo de ella. El naufragio es tan obvio como inevitable, entonces Carri\u00f3, gran nadadora de traiciones a mar abierto, se roba todo el aire a su alrededor en los pulmones y salta.<\/p>\n<p>Al fin una predicci\u00f3n que pega, porque hace un par de d\u00edas, en la macrista provincia de C\u00f3rdoba, un hombre muri\u00f3 de un disparo en la frente. Otra bala policial. El hombre asesinado estaba robando cables, seg\u00fan el informe oficial. Vamos a escribirlo de nuevo, para buscar perspectiva: por robar unos cables. Un tiro en la cabeza, un tiro en la pobreza.<\/p>\n<p>\u00bfNo les hace da\u00f1o que nos gobiernen estos tipos? \u00bfNo les produce un vac\u00edo en el pecho, un dolor en todo el cuerpo? Porque hay algo que nos carcome desde adentro, un \u00f3xido que responde a todo este desprecio: nos corroe el cinismo de estos perversos.<\/p>\n<p>Nos estamos pudriendo. Al sol y a la sombra, el fr\u00edo no detuvo el proceso. Mientras nos mienten que ascendemos en cuerpo y alma por efecto de revoluciones e inversiones que no vendr\u00e1n, ser\u00e1 s\u00f3lo nuestro olor a muerto lo que llegar\u00e1 al cielo. \u00bfTirar a matar? \u00bfEl odio por el otro es tan inmenso que los votantes de Macri avalar\u00e1n \u00e9sto? Carri\u00f3 ya se dio cuenta y se despega. Se enjabona toda y trata de pasar entre las rejas del rencor que construy\u00f3. Pero ah\u00ed se queda atorada. Ya es tarde para eso. Este barco ya se hundi\u00f3 y la fuerza del desastre la arrastra. Abajo. Lejos. Porque por estas horas la Gendarmer\u00eda reprime dentro de una Universidad Nacional, por ejemplo. No hay l\u00edmite, el humo y los gases ocultan cualquier horizonte.<\/p>\n<p>\u00bfNo sienten el desgarro? \u00bfNo sienten el calor de la propia sangre brotando desde la conciencia? \u00bfNo los ba\u00f1a la indignaci\u00f3n, la desesperanza? Por momentos nos ahogamos, porque ya pasaron todos los segundos y minutos que los pulmones resisten bajo presi\u00f3n, nos tapa la basura y no se puede respirar. Y en la bocanada que irrumpe, por reflejo y supervivencia, tragamos tanto aire como mierda. Porque est\u00e1n por todas partes, porque destruyeron casi todo. Porque promovieron el odio que invadi\u00f3, como la peste, cada rinc\u00f3n y cada esquina, que se meti\u00f3 hasta debajo de las u\u00f1as. <\/p>\n<p>La pena de muerte ya existe, de facto, como tantas otras miserias. La represi\u00f3n es la herramienta de control, el miedo es el instrumento de dominaci\u00f3n. No seamos un pueblo dormido que aguarda, pasivo, su aniquilaci\u00f3n. Sabemos que darle un cheque en blanco a las fuerzas represivas es una no muy sutil invitaci\u00f3n a quedarnos en nuestras casas, mientras nos hambrean. No les vamos a regalar la tranquilidad de entregarles hasta la \u00faltima gota de nuestra libertad. Porque tambi\u00e9n sabemos organizarnos, y cada vez aprenderemos mejor a cuidarnos, porque la calle es nuestra, los genocidas en la c\u00e1rcel son la m\u00e1s reciente prueba.<\/p>\n<p>Y terminemos con los eufemismos, que nunca fue Revoluci\u00f3n de la Alegr\u00eda: es el Saqueo del Siglo, es la instalaci\u00f3n del fascismo. Y no es gatillo f\u00e1cil cuando la orden parte del gobierno, es un asunto mucho m\u00e1s complicado: es Terrorismo de Estado.<\/p>\n","protected":false},"excerpt":{"rendered":"<p>\u201cA los que se enojan conmigo por mi posici\u00f3n en seguridad les digo, el d\u00eda que maten a un hijo solo por tener pelo largo o ser morocho se van a acordar de m\u00ed\u201d, dijo Elisa Carri\u00f3, pele\u00e1ndose por las redes sociales con la decisi\u00f3n de la Ministra Patricia Bullrich de autorizar a las fuerzas de seguridad el uso de [&#8230;]<\/p>\n","protected":false},"author":4,"featured_media":0,"comment_status":"open","ping_status":"open","sticky":false,"template":"","format":"standard","meta":{"_jetpack_newsletter_access":"","_jetpack_dont_email_post_to_subs":false,"_jetpack_newsletter_tier_id":0,"_jetpack_memberships_contains_paywalled_content":false,"_jetpack_memberships_contains_paid_content":false,"footnotes":""},"categories":[64],"tags":[],"class_list":["post-105850","post","type-post","status-publish","format-standard","hentry","category-opinion"],"jetpack_featured_media_url":"","jetpack_shortlink":"https:\/\/wp.me\/p2JWE0-rxg","jetpack-related-posts":[{"id":106952,"url":"https:\/\/www.24baires.com\/?p=106952","url_meta":{"origin":105850,"position":0},"title":"El Ministerio de Producci\u00f3n public\u00f3 una pol\u00e9mica foto discriminatoria","author":"GB","date":"22\/02\/2019","format":false,"excerpt":"El Gobierno eligi\u00f3 una imagen en la que siete personas rubias y blancas, vestidas de traje, sostienen a otros de piel y pelo oscuros, que ser\u00edan seg\u00fan el documento quienes no pagan los impuestos. La ilustraci\u00f3n, que pretende explicar algunos aspectos de la reforma laboral que impulsa el Ejecutivo, gener\u00f3\u2026","rel":"","context":"En \u00abPol\u00edtica\u00bb","block_context":{"text":"Pol\u00edtica","link":"https:\/\/www.24baires.com\/?cat=51"},"img":{"alt_text":"","src":"https:\/\/i0.wp.com\/www.24baires.com\/wp-content\/uploads\/2019\/02\/disc.jpg?resize=350%2C200","width":350,"height":200,"srcset":"https:\/\/i0.wp.com\/www.24baires.com\/wp-content\/uploads\/2019\/02\/disc.jpg?resize=350%2C200 1x, https:\/\/i0.wp.com\/www.24baires.com\/wp-content\/uploads\/2019\/02\/disc.jpg?resize=525%2C300 1.5x"},"classes":[]},{"id":3262,"url":"https:\/\/www.24baires.com\/?p=3262","url_meta":{"origin":105850,"position":1},"title":"El Ogro Fabbiani confes\u00f3 tener fantas\u00edas nocturnas con Silvina Escudero","author":"AF","date":"25\/10\/2012","format":false,"excerpt":"El futbolista, ex de Amalia Granata, revel\u00f3 sus sentimientos hacia la morocha jurado de \"ShowMatch\". Cristian \"el Ogro\" Fabbiani tiene un \u00fanico amor en su vida, y es su peque\u00f1a hija Uma, fruto de su relaci\u00f3n con la modelo Amalia Granata. Pero el jugador de Independiente de Rivadavia parece tener\u2026","rel":"","context":"En \u00abEspectaculos\u00bb","block_context":{"text":"Espectaculos","link":"https:\/\/www.24baires.com\/?cat=41"},"img":{"alt_text":"","src":"https:\/\/i0.wp.com\/www.24baires.com\/wp-content\/uploads\/2012\/10\/escudero-silvina.jpg?resize=350%2C200","width":350,"height":200},"classes":[]},{"id":105757,"url":"https:\/\/www.24baires.com\/?p=105757","url_meta":{"origin":105850,"position":2},"title":"Garavano neg\u00f3 que la doctrina Chocobar viola los Derechos Humanos","author":"GB","date":"05\/12\/2018","format":false,"excerpt":"El ministro de Justicia le respondi\u00f3 a Carri\u00f3 y defendi\u00f3 la resoluci\u00f3n firmada por Patricia Bullrich. Asegur\u00f3 que la norma \"sigue las reglamentaciones de Naciones Unidas\". El ministro de Justicia, Germ\u00e1n Garavano, se refiri\u00f3 a las declaraciones de la l\u00edder de la Coalici\u00f3n C\u00edvica, Elisa Carri\u00f3, quien este martes cuestion\u00f3\u2026","rel":"","context":"En \u00abPol\u00edtica\u00bb","block_context":{"text":"Pol\u00edtica","link":"https:\/\/www.24baires.com\/?cat=51"},"img":{"alt_text":"","src":"https:\/\/i0.wp.com\/www.24baires.com\/wp-content\/uploads\/2017\/11\/bullrich-garavagno.jpg?resize=350%2C200","width":350,"height":200,"srcset":"https:\/\/i0.wp.com\/www.24baires.com\/wp-content\/uploads\/2017\/11\/bullrich-garavagno.jpg?resize=350%2C200 1x, https:\/\/i0.wp.com\/www.24baires.com\/wp-content\/uploads\/2017\/11\/bullrich-garavagno.jpg?resize=525%2C300 1.5x"},"classes":[]},{"id":79175,"url":"https:\/\/www.24baires.com\/?p=79175","url_meta":{"origin":105850,"position":3},"title":"Yasky: Para el Gobierno, \u00abel que es pobre y morocho tiene que ir preso por si acaso\u00bb","author":"GB","date":"20\/02\/2016","format":false,"excerpt":"El secretario general de la CTA consider\u00f3 por Radio 10 que el protocolo antipiquete que aplicar\u00e1 el gobierno nacional representa \"un paso para atr\u00e1s\" y pidi\u00f3 que las organizaciones \"autoregulen las protestas sociales\". El secretario general de la CTA, Hugo Yasky, rechaz\u00f3 el Protocolo para Manifestaciones P\u00fablicas que aplicar\u00e1 el\u2026","rel":"","context":"En \u00abPol\u00edtica\u00bb","block_context":{"text":"Pol\u00edtica","link":"https:\/\/www.24baires.com\/?cat=51"},"img":{"alt_text":"Yasky","src":"https:\/\/i0.wp.com\/www.24baires.com\/wp-content\/uploads\/2016\/02\/Yasky.jpg?resize=350%2C200","width":350,"height":200,"srcset":"https:\/\/i0.wp.com\/www.24baires.com\/wp-content\/uploads\/2016\/02\/Yasky.jpg?resize=350%2C200 1x, https:\/\/i0.wp.com\/www.24baires.com\/wp-content\/uploads\/2016\/02\/Yasky.jpg?resize=525%2C300 1.5x"},"classes":[]},{"id":108185,"url":"https:\/\/www.24baires.com\/?p=108185","url_meta":{"origin":105850,"position":4},"title":"Cambiemos al rojo vivo: cruces violentos entre Carri\u00f3 y Marcos Pe\u00f1a","author":"AF","date":"15\/05\/2019","format":false,"excerpt":"La diputada cuestion\u00f3 con dureza a Frigerio y Bullrich tras la derrota en C\u00f3rdoba. Solo reconoci\u00f3 a Rodr\u00edguez Larreta y Vidal. En Cambiemos siguieron comiendo facturas. Pases de factura. La l\u00edder de la Coalici\u00f3n C\u00edvica, Elisa Carri\u00f3, respondi\u00f3 al Gobierno por el malestar con sus cr\u00edticas tras la elecci\u00f3n de\u2026","rel":"","context":"En \u00abPol\u00edtica\u00bb","block_context":{"text":"Pol\u00edtica","link":"https:\/\/www.24baires.com\/?cat=51"},"img":{"alt_text":"","src":"https:\/\/i0.wp.com\/www.24baires.com\/wp-content\/uploads\/2019\/05\/carrio-pe%C3%B1a.jpg?resize=350%2C200","width":350,"height":200,"srcset":"https:\/\/i0.wp.com\/www.24baires.com\/wp-content\/uploads\/2019\/05\/carrio-pe%C3%B1a.jpg?resize=350%2C200 1x, https:\/\/i0.wp.com\/www.24baires.com\/wp-content\/uploads\/2019\/05\/carrio-pe%C3%B1a.jpg?resize=525%2C300 1.5x"},"classes":[]},{"id":70846,"url":"https:\/\/www.24baires.com\/?p=70846","url_meta":{"origin":105850,"position":5},"title":"Buscan a una joven de 15 a\u00f1os desaparecida en Mar del Plata","author":"GB","date":"19\/08\/2015","format":false,"excerpt":"Karen Ail\u00e9n Torres fue vista por \u00faltima vez hace diez d\u00edas y en intensamente buscada por la Polic\u00eda. Karen Ail\u00e9n Torres, de 15 a\u00f1os, fue vista por \u00faltima vez hace diez d\u00edas. Mide 1,60, es delgada, morocha y de pelo largo. Los familiares de la adolescente hicieron la denuncia en\u2026","rel":"","context":"En \u00abSociedad\u00bb","block_context":{"text":"Sociedad","link":"https:\/\/www.24baires.com\/?cat=1"},"img":{"alt_text":"karen ailen","src":"https:\/\/i0.wp.com\/www.24baires.com\/wp-content\/uploads\/2015\/08\/karen-ailen.jpg?resize=350%2C200","width":350,"height":200,"srcset":"https:\/\/i0.wp.com\/www.24baires.com\/wp-content\/uploads\/2015\/08\/karen-ailen.jpg?resize=350%2C200 1x, https:\/\/i0.wp.com\/www.24baires.com\/wp-content\/uploads\/2015\/08\/karen-ailen.jpg?resize=525%2C300 1.5x"},"classes":[]}],"jetpack_sharing_enabled":true,"jetpack_likes_enabled":true,"_links":{"self":[{"href":"https:\/\/www.24baires.com\/index.php?rest_route=\/wp\/v2\/posts\/105850","targetHints":{"allow":["GET"]}}],"collection":[{"href":"https:\/\/www.24baires.com\/index.php?rest_route=\/wp\/v2\/posts"}],"about":[{"href":"https:\/\/www.24baires.com\/index.php?rest_route=\/wp\/v2\/types\/post"}],"author":[{"embeddable":true,"href":"https:\/\/www.24baires.com\/index.php?rest_route=\/wp\/v2\/users\/4"}],"replies":[{"embeddable":true,"href":"https:\/\/www.24baires.com\/index.php?rest_route=%2Fwp%2Fv2%2Fcomments&post=105850"}],"version-history":[{"count":1,"href":"https:\/\/www.24baires.com\/index.php?rest_route=\/wp\/v2\/posts\/105850\/revisions"}],"predecessor-version":[{"id":105852,"href":"https:\/\/www.24baires.com\/index.php?rest_route=\/wp\/v2\/posts\/105850\/revisions\/105852"}],"wp:attachment":[{"href":"https:\/\/www.24baires.com\/index.php?rest_route=%2Fwp%2Fv2%2Fmedia&parent=105850"}],"wp:term":[{"taxonomy":"category","embeddable":true,"href":"https:\/\/www.24baires.com\/index.php?rest_route=%2Fwp%2Fv2%2Fcategories&post=105850"},{"taxonomy":"post_tag","embeddable":true,"href":"https:\/\/www.24baires.com\/index.php?rest_route=%2Fwp%2Fv2%2Ftags&post=105850"}],"curies":[{"name":"wp","href":"https:\/\/api.w.org\/{rel}","templated":true}]}}