{"id":10581,"date":"2012-12-27T19:00:32","date_gmt":"2012-12-27T22:00:32","guid":{"rendered":"http:\/\/www.24baires.com\/?p=10581"},"modified":"2012-12-27T19:26:25","modified_gmt":"2012-12-27T22:26:25","slug":"familiares-de-los-muertos-en-diciembre-de-2001-iran-a-la-corte-por-el-sobreseimiento-de-de-la-rua","status":"publish","type":"post","link":"https:\/\/www.24baires.com\/?p=10581","title":{"rendered":"Familiares de los muertos en diciembre de 2001 ir\u00e1n a la Corte tras el sobreseimiento a De la R\u00faa"},"content":{"rendered":"<p><a href=\"http:\/\/www.24baires.com\/sociedad\/10581-familiares-de-los-muertos-en-diciembre-de-2001-iran-a-la-corte-por-el-sobreseimiento-de-de-la-rua\/attachment\/diciembre-2001-2\/\" rel=\"attachment wp-att-10583\"><img data-recalc-dims=\"1\" loading=\"lazy\" decoding=\"async\" class=\"aligncenter size-full wp-image-10583\" alt=\"diciembre 2001\" src=\"https:\/\/i0.wp.com\/www.24baires.com\/wp-content\/uploads\/2012\/12\/diciembre-2001.jpg?resize=560%2C373\" width=\"560\" height=\"373\" srcset=\"https:\/\/i0.wp.com\/www.24baires.com\/wp-content\/uploads\/2012\/12\/diciembre-2001.jpg?w=560&amp;ssl=1 560w, https:\/\/i0.wp.com\/www.24baires.com\/wp-content\/uploads\/2012\/12\/diciembre-2001.jpg?resize=300%2C199&amp;ssl=1 300w\" sizes=\"auto, (max-width: 560px) 100vw, 560px\" \/><\/a><a href=\"http:\/\/www.24baires.com\/sociedad\/10581-familiares-de-los-muertos-en-diciembre-de-2001-iran-a-la-corte-por-el-sobreseimiento-de-de-la-rua\/attachment\/2001\/\" rel=\"attachment wp-att-10582\"><br \/>\n<\/a>La querella de los familiares tom\u00f3 esa decisi\u00f3n tras el fallo de la C\u00e1mara de Casaci\u00f3n que dej\u00f3 firme el sobreseimiento al ex presidente de la Alianza en la causa por cinco cr\u00edmenes y cientos de heridos en la represi\u00f3n de diciembre de 2001.<!--more--><\/p>\n<p>\u00abPor supuesto, no vamos a dejar las cosas as\u00ed. Vamos a ir a la Corte para que De la R\u00faa responda como responsable por el (dictado del) estado de sitio y por la muerte de nuestros compa\u00f1eros\u00bb, dijo Mar\u00eda Arena, viuda de Gast\u00f3n Riva, uno de los cinco muertos en las inmediaciones de Plaza de Mayo.<\/p>\n<p>En el mismo sentido se pronunci\u00f3 Marta Pinedo, viuda de Alberto M\u00e1rquez, tambi\u00e9n asesinado por la represi\u00f3n policial del 20 de diciembre de 2001 en el \u00e1rea pr\u00f3xima a la Casa Rosada.<\/p>\n<p>\u00abPienso que los abogados van a recurrir\u00bb, dijo Pinedo y agreg\u00f3: \u00abAs\u00ed pasan los a\u00f1os. Ya pasaron 11 a\u00f1os\u00bb.<\/p>\n<p>Familiares de las v\u00edctimas presentar\u00e1n un recurso extraordinario federal ante la Corte Suprema, confirm\u00f3 a esta agencia Rodrigo Borda, abogado del Centro de Estudios Legales y Sociales (CELS) que representa en la causa a las familias de Riva y Diego Lamagna.<\/p>\n<p>\u00abLa sentencia (de la Casaci\u00f3n) pone a De la R\u00faa en un lugar de observador, ajeno a los hechos de ese d\u00eda (20 de diciembre), y ratifica la legalidad del estado de sitio dictado al margen del Congreso Nacional\u00bb, se\u00f1al\u00f3 Borda.<\/p>\n<p>La querella hab\u00eda cuestionado en la causa la forma en que fue decretado el estado de sitio, sin pasar por el Congreso Nacional, y tambi\u00e9n la forma en que se implement\u00f3, como si implicara un cheque en blanco para la represi\u00f3n policial.<br \/>\nNo obstante, la C\u00e1mara Federal de Casaci\u00f3n Penal rechaz\u00f3 en su fallo ambos cuestionamientos.<\/p>\n<p>\u00abNos parece que el estado de sitio fue dictado (por De la R\u00faa) al margen de lo que establece la Constituci\u00f3n Nacional\u00bb, pese a tratarse de una decisi\u00f3n de gran importancia y gravedad \u00abcomo es suspender los derechos de todos los ciudadanos\u00bb, subray\u00f3 Borda.<\/p>\n<p>Al obviar las reglas constitucionales respecto del estado de sitio, este fallo de la Casaci\u00f3n \u00abfija un est\u00e1ndar peligros\u00edsimo\u00bb, porque \u00abimplica supeditar los derechos de las personas a decisiones arbitrarias de los gobernantes de turno\u00bb, agreg\u00f3.<\/p>\n<p>En cuanto a la forma en que se implement\u00f3 el estado de sitio, Borda rechaz\u00f3 el criterio de la C\u00e1mara, que \u00abus\u00f3 un est\u00e1ndar de procedimiento de rutina\u00bb, cuando su dictado otorga al Presidente \u00abmayor poder pero tambi\u00e9n mayor responsabilidad\u00bb.<\/p>\n<p>Mar\u00eda Arena record\u00f3 al respecto que con el estado de sitio De la R\u00faa \u00abcaus\u00f3 como resultado los hechos posteriores, no s\u00f3lo los cinco muertos (en las inmediaciones de Plaza de Mayo, por los que fue juzgado en esta causa) sino los 39 muertos en todo el pa\u00eds\u00bb.<\/p>\n<p>Por su parte, Marta Pinedo dijo que el fallo de la Casaci\u00f3n \u00abera algo que pod\u00eda pasar porque en este pa\u00eds la justicia no funciona\u00bb.<\/p>\n<p>\u00abTengo bronca. De la R\u00faa y todos los responsables est\u00e1n libres, yo puedo estar caminando en la calle al lado de ellos\u00bb, expres\u00f3.<\/p>\n<p>La causa en que fue sobreseido De la R\u00faa investig\u00f3 la represi\u00f3n en los alrededores de Plaza de Mayo y la Casa Rosada, que termin\u00f3 con cinco manifestantes asesinados a balazos y cientos de heridos.<\/p>\n<p>En ese sector de la ciudad de Buenos Aires por la represi\u00f3n de fines de 2001 fueron asesinados Gustavo Benedetto, de 23 a\u00f1os; Carlos Almir\u00f3n, de 23; Diego Lamagna, de 27; Gast\u00f3n Riva, de 31 y Alberto M\u00e1rquez, de 57.<\/p>\n<p>&nbsp;<\/p>\n<p>&nbsp;<\/p>\n<p>&nbsp;<\/p>\n<p>&nbsp;<\/p>\n<p>&nbsp;<\/p>\n<p>&nbsp;<\/p>\n<p>&nbsp;<\/p>\n<p>&nbsp;<\/p>\n<p>&nbsp;<\/p>\n<p>&nbsp;<\/p>\n<p>&nbsp;<\/p>\n<p>&nbsp;<\/p>\n<p>&nbsp;<\/p>\n<p>&nbsp;<\/p>\n<p>&nbsp;<\/p>\n<p>&nbsp;<\/p>\n<p>&nbsp;<\/p>\n<p>&nbsp;<\/p>\n<p>&nbsp;<\/p>\n<p>&nbsp;<\/p>\n<p>&nbsp;<\/p>\n<p>&nbsp;<\/p>\n<p>&nbsp;<\/p>\n<p>&nbsp;<\/p>\n","protected":false},"excerpt":{"rendered":"<p>La querella de los familiares tom\u00f3 esa decisi\u00f3n tras el fallo de la C\u00e1mara de Casaci\u00f3n que dej\u00f3 firme el sobreseimiento al ex presidente de la Alianza en la causa por cinco cr\u00edmenes y cientos de heridos en la represi\u00f3n de diciembre de 2001.<\/p>\n","protected":false},"author":4,"featured_media":0,"comment_status":"open","ping_status":"open","sticky":false,"template":"","format":"standard","meta":{"_jetpack_newsletter_access":"","_jetpack_dont_email_post_to_subs":false,"_jetpack_newsletter_tier_id":0,"_jetpack_memberships_contains_paywalled_content":false,"_jetpack_memberships_contains_paid_content":false,"footnotes":""},"categories":[1],"tags":[],"class_list":["post-10581","post","type-post","status-publish","format-standard","hentry","category-sociedad"],"jetpack_featured_media_url":"","jetpack_shortlink":"https:\/\/wp.me\/p2JWE0-2KF","jetpack-related-posts":[{"id":15561,"url":"https:\/\/www.24baires.com\/?p=15561","url_meta":{"origin":10581,"position":0},"title":"Buscan revertir el sobreseimiento a De la R\u00faa por las represiones de 2001","author":"AF","date":"13\/02\/2013","format":false,"excerpt":"Un recurso extraordinario presentado por el fiscal de la C\u00e1mara Federal de Casaci\u00f3n penal, Ricardo Wechsler, busca revertir el sobreseimiento al ex presidente por las represiones de 2001 y adem\u00e1s pretende llevar el caso ante la Corte Suprema de Justicia de la Naci\u00f3n. El dictamen anterior hab\u00eda sido firmado por\u2026","rel":"","context":"En \u00abPol\u00edtica\u00bb","block_context":{"text":"Pol\u00edtica","link":"https:\/\/www.24baires.com\/?cat=51"},"img":{"alt_text":"","src":"","width":0,"height":0},"classes":[]},{"id":65843,"url":"https:\/\/www.24baires.com\/?p=65843","url_meta":{"origin":10581,"position":1},"title":"El CELS eval\u00faa apelar ante la CIDH el sobreseimiento a De la Rua","author":"AF","date":"13\/05\/2015","format":false,"excerpt":"El director del \u00c1rea de Litigios del Centro de Estudios Legales y Sociales, Diego Morales, confirm\u00f3 que el organismo analiza \u201capelar ante instancias internacionales\u201d tras conocer el fallo del m\u00e1ximo tribunal que ratific\u00f3 el sobreseimiento al ex presidente por la represi\u00f3n de diciembre de 2001. \u201cEstudiamos la posibilidad de recurrir\u2026","rel":"","context":"En \u00abJUDICIALES\u00bb","block_context":{"text":"JUDICIALES","link":"https:\/\/www.24baires.com\/?cat=68"},"img":{"alt_text":"","src":"","width":0,"height":0},"classes":[]},{"id":8938,"url":"https:\/\/www.24baires.com\/?p=8938","url_meta":{"origin":10581,"position":2},"title":"Piden procesar a De la R\u00faa por 5 de los muertos que dej\u00f3 la represi\u00f3n de diciembre de 2001","author":"AF","date":"13\/12\/2012","format":false,"excerpt":"El Centro de Estudios Legales y Sociales (CELS) pidi\u00f3 este mi\u00e9rcoles el procesamiento del ex presidente Fernando De la R\u00faa por el homicidio culposo de cinco personas durante la brutal represi\u00f3n del 19 y 20 de diciembre de 2001, en la antesala de la ca\u00edda de su Gobierno. En la\u2026","rel":"","context":"En \u00abSociedad\u00bb","block_context":{"text":"Sociedad","link":"https:\/\/www.24baires.com\/?cat=1"},"img":{"alt_text":"","src":"","width":0,"height":0},"classes":[]},{"id":58846,"url":"https:\/\/www.24baires.com\/?p=58846","url_meta":{"origin":10581,"position":3},"title":"\u00abHay pruebas para revertir el sobreseimiento de De la R\u00faa\u00bb, afirma un querellante","author":"GB","date":"18\/12\/2014","format":false,"excerpt":"Maximiliano Medina, abogado del Centro de Estudios Legales y Sociales (CELS), que encabeza la querella en el juicio oral que se lleva a cabo por la represi\u00f3n del 20 de diciembre de 2001, consider\u00f3 que \"existen en la causa suficientes elementos de prueba como para revertir el sobreseimiento\" del ex\u2026","rel":"","context":"En \u00abPol\u00edtica\u00bb","block_context":{"text":"Pol\u00edtica","link":"https:\/\/www.24baires.com\/?cat=51"},"img":{"alt_text":"Fernando de la R\u00faa","src":"https:\/\/i0.wp.com\/www.24baires.com\/wp-content\/uploads\/2012\/12\/de-la-r%C3%BAa-253x300.jpg?resize=350%2C200","width":350,"height":200},"classes":[]},{"id":19309,"url":"https:\/\/www.24baires.com\/?p=19309","url_meta":{"origin":10581,"position":4},"title":"Comienza en agosto el juicio a dos polic\u00edas por represi\u00f3n en diciembre de 2001","author":"AF","date":"25\/03\/2013","format":false,"excerpt":"Comenzar\u00e1 el 12 de agosto pr\u00f3ximo el juicio oral a dos subcomisarios de la Polic\u00eda Federal procesados por golpear a manifestantes en las escalinatas del Congreso Nacional el 20 de diciembre de 2001. El Tribunal Oral en lo Federal 6 comenzar\u00e1 el 12 de agosto pr\u00f3ximo el juicio oral a\u2026","rel":"","context":"En \u00abSociedad\u00bb","block_context":{"text":"Sociedad","link":"https:\/\/www.24baires.com\/?cat=1"},"img":{"alt_text":"","src":"","width":0,"height":0},"classes":[]},{"id":40961,"url":"https:\/\/www.24baires.com\/?p=40961","url_meta":{"origin":10581,"position":5},"title":"El lunes comenzar\u00e1 el juicio por la represi\u00f3n de diciembre del 2001","author":"GB","date":"23\/02\/2014","format":false,"excerpt":"El ex secretario de Seguridad, Enrique Mathov, y el entonces jefe de la Polic\u00eda Federal, comisario Rub\u00e9n Santos, comenzar\u00e1n a ser juzgados el lunes por la sangrienta represi\u00f3n, que oblig\u00f3 a renunciar a Fernando de la R\u00faa. El Tribunal Oral Federal 6 (TOF6) juzgar\u00e1 a 17 acusados s\u00f3lo por cinco\u2026","rel":"","context":"En \u00abJUDICIALES\u00bb","block_context":{"text":"JUDICIALES","link":"https:\/\/www.24baires.com\/?cat=68"},"img":{"alt_text":"2001","src":"https:\/\/i0.wp.com\/www.24baires.com\/wp-content\/uploads\/2014\/02\/2001.jpg?resize=350%2C200","width":350,"height":200,"srcset":"https:\/\/i0.wp.com\/www.24baires.com\/wp-content\/uploads\/2014\/02\/2001.jpg?resize=350%2C200 1x, https:\/\/i0.wp.com\/www.24baires.com\/wp-content\/uploads\/2014\/02\/2001.jpg?resize=525%2C300 1.5x"},"classes":[]}],"jetpack_sharing_enabled":true,"jetpack_likes_enabled":true,"_links":{"self":[{"href":"https:\/\/www.24baires.com\/index.php?rest_route=\/wp\/v2\/posts\/10581","targetHints":{"allow":["GET"]}}],"collection":[{"href":"https:\/\/www.24baires.com\/index.php?rest_route=\/wp\/v2\/posts"}],"about":[{"href":"https:\/\/www.24baires.com\/index.php?rest_route=\/wp\/v2\/types\/post"}],"author":[{"embeddable":true,"href":"https:\/\/www.24baires.com\/index.php?rest_route=\/wp\/v2\/users\/4"}],"replies":[{"embeddable":true,"href":"https:\/\/www.24baires.com\/index.php?rest_route=%2Fwp%2Fv2%2Fcomments&post=10581"}],"version-history":[{"count":3,"href":"https:\/\/www.24baires.com\/index.php?rest_route=\/wp\/v2\/posts\/10581\/revisions"}],"predecessor-version":[{"id":10587,"href":"https:\/\/www.24baires.com\/index.php?rest_route=\/wp\/v2\/posts\/10581\/revisions\/10587"}],"wp:attachment":[{"href":"https:\/\/www.24baires.com\/index.php?rest_route=%2Fwp%2Fv2%2Fmedia&parent=10581"}],"wp:term":[{"taxonomy":"category","embeddable":true,"href":"https:\/\/www.24baires.com\/index.php?rest_route=%2Fwp%2Fv2%2Fcategories&post=10581"},{"taxonomy":"post_tag","embeddable":true,"href":"https:\/\/www.24baires.com\/index.php?rest_route=%2Fwp%2Fv2%2Ftags&post=10581"}],"curies":[{"name":"wp","href":"https:\/\/api.w.org\/{rel}","templated":true}]}}