{"id":10578,"date":"2012-12-27T19:07:21","date_gmt":"2012-12-27T22:07:21","guid":{"rendered":"http:\/\/www.24baires.com\/?p=10578"},"modified":"2012-12-27T19:07:21","modified_gmt":"2012-12-27T22:07:21","slug":"realizan-nuevos-mapeos-para-analizar-el-impacto-hidrico-en-la-provincia","status":"publish","type":"post","link":"https:\/\/www.24baires.com\/?p=10578","title":{"rendered":"Realizan nuevos mapeos para analizar el impacto h\u00eddrico en la Provincia"},"content":{"rendered":"<p>El Ministerio de Asuntos Agrarios Gustavo Arrieta relev\u00f3 los estados de las fracciones rurales y el avance de los cultivos en la Provincia, cotejando los datos propios con los suministrados por organismos nacionales como el INTA, tras las \u00faltimas lluvias de 24 y 25 de diciembre pasado.<!--more--><br \/>\n\u201cEn momentos como \u00e9stos debemos valernos tanto de la informaci\u00f3n territorial fruto de la observaci\u00f3n de campo, como de las evaluaciones y estad\u00edsticas t\u00e9cnico-cient\u00edficas que nos ofrecen los institutos y casas de estudio\u201d, explic\u00f3 el ministro Gustavo Arrieta, quien luego agreg\u00f3 que \u201cesta mec\u00e1nica de seguimiento constante y cruzamiento de datos es lo que nos solicita el gobernador Daniel Scioli para lograr mapeos constantes y certeros de la situaci\u00f3n h\u00eddrica\u201d.<br \/>\nEn el sector noroeste donde se registraron precipitaciones que variaron entre 50 y 70 mil\u00edmetros, sufre por los excesos y tiene parte de la superficie anegada. En Bol\u00edvar la cosecha fina se realiz\u00f3 de manera incompleta y con dificultades. La siembra gruesa se pudo concretar en campos altos, en un porcentaje de la superficie habitual para esta zona. Algo similar se repite en Pehuaj\u00f3, Carlos Casares y Henderson entre otros. Tambi\u00e9n se han observado caminos interrumpidos.<br \/>\nEn el centro sudeste, se registraron lluvias pero la cosecha fina est\u00e1 avanzando y la cebada casi concluida, con resultados regulares. La superficie de cebada fue mayor a la de trigo, que est\u00e1 iniciando la cosecha.<br \/>\nPor otra parte, se cosecharon los pocos lotes con colza de la zona, con buenos rindes y se sembr\u00f3 soja de primera, que ya est\u00e1 nacida y se est\u00e1 sembrando soja de segunda, sobre lotes ya cosechados de cebada y colza. Hay buenos lotes de girasol y de ma\u00edz, en mayor superficie el girasol; y la oferta de forraje muy buena, al igual que el estado de la hacienda.<br \/>\nEl sudoeste, en tanto, presenta muy buenas condiciones h\u00eddricas, y algunos sitios del noreste cuentan con excesos de agua y algunos campos anegados. En la zona central, se est\u00e1n trillando lotes de trigo, con rindes aceptables. La evoluci\u00f3n de los granos gruesos es muy buena ya que ha predominado la siembra de girasol, el que se encuentra en estado vegetativo, pr\u00f3ximo a emitir el bot\u00f3n floral. El segundo lugar lo ocupa el ma\u00edz, ya bien implantado, y se siembra menor superficie de soja. Finalmente, la oferta de forraje es muy abundante.<\/p>\n","protected":false},"excerpt":{"rendered":"<p>El Ministerio de Asuntos Agrarios Gustavo Arrieta relev\u00f3 los estados de las fracciones rurales y el avance de los cultivos en la Provincia, cotejando los datos propios con los suministrados por organismos nacionales como el INTA, tras las \u00faltimas lluvias de 24 y 25 de diciembre pasado.<\/p>\n","protected":false},"author":4,"featured_media":0,"comment_status":"open","ping_status":"open","sticky":false,"template":"","format":"standard","meta":{"_jetpack_newsletter_access":"","_jetpack_dont_email_post_to_subs":false,"_jetpack_newsletter_tier_id":0,"_jetpack_memberships_contains_paywalled_content":false,"_jetpack_memberships_contains_paid_content":false,"footnotes":""},"categories":[40],"tags":[],"class_list":["post-10578","post","type-post","status-publish","format-standard","hentry","category-provincia"],"jetpack_featured_media_url":"","jetpack_shortlink":"https:\/\/wp.me\/p2JWE0-2KC","jetpack-related-posts":[{"id":9216,"url":"https:\/\/www.24baires.com\/?p=9216","url_meta":{"origin":10578,"position":0},"title":"N\u00facleos gen\u00e9ticos para ruralistas de Tandil","author":"AF","date":"15\/12\/2012","format":false,"excerpt":"En el marco del Plan Ganadero Provincial, el ministro de Asuntos Agrarios, Gustavo Arrieta, realiz\u00f3 la entrega de siete n\u00facleos gen\u00e9ticos para ruralistas del municipio de Tandil y asegur\u00f3 que el trabajo es agregar valor en origen e industrializar la ruralidad. En el municipio de Tandil, el ministro de Asuntos\u2026","rel":"","context":"En \u00abLocales\u00bb","block_context":{"text":"Locales","link":"https:\/\/www.24baires.com\/?cat=38"},"img":{"alt_text":"arrieta","src":"https:\/\/i0.wp.com\/www.24baires.com\/wp-content\/uploads\/2012\/12\/arrieta.png?resize=350%2C200","width":350,"height":200},"classes":[]},{"id":115874,"url":"https:\/\/www.24baires.com\/?p=115874","url_meta":{"origin":10578,"position":1},"title":"Alberto anuncia obras en rutas bonaerenses","author":"GB","date":"06\/08\/2020","format":false,"excerpt":"Axel Kicillof participar\u00e1 del evento que impulsar\u00e1 el reinicio de las obras para convertir en semi-autopista el Corredor del Atl\u00e1ntico, sobre rutas provinciales N\u00b011 y N\u00b056. Las otras provincias beneficiadas ser\u00e1n Entre R\u00edos, Corrientes, San Juan y Santa Cruz. El presidente Alberto Fern\u00e1ndez anunciar\u00e1 hoy desde Olivos la ejecuci\u00f3n de\u2026","rel":"","context":"En \u00abPol\u00edtica\u00bb","block_context":{"text":"Pol\u00edtica","link":"https:\/\/www.24baires.com\/?cat=51"},"img":{"alt_text":"","src":"https:\/\/i0.wp.com\/www.24baires.com\/wp-content\/uploads\/2020\/07\/alberto-f.jpg?resize=350%2C200","width":350,"height":200,"srcset":"https:\/\/i0.wp.com\/www.24baires.com\/wp-content\/uploads\/2020\/07\/alberto-f.jpg?resize=350%2C200 1x, https:\/\/i0.wp.com\/www.24baires.com\/wp-content\/uploads\/2020\/07\/alberto-f.jpg?resize=525%2C300 1.5x"},"classes":[]},{"id":54528,"url":"https:\/\/www.24baires.com\/?p=54528","url_meta":{"origin":10578,"position":2},"title":"Ca\u00f1uelas se suma a la Polic\u00eda Local de Scioli","author":"GB","date":"30\/09\/2014","format":false,"excerpt":"Daniel Scioli baja al distrito de la Tercera Secci\u00f3n Electoral y sella la puesta en funcionamiento de la Polic\u00eda Municipal, junto al alcalde local, Gustavo Arrieta. Este mediod\u00eda el Gobernador de la provincia, Daniel Scioli, firma el convenio de adhesi\u00f3n a la Polic\u00eda Comunal con el municipio de Ca\u00f1uelas y\u2026","rel":"","context":"En \u00abLocales\u00bb","block_context":{"text":"Locales","link":"https:\/\/www.24baires.com\/?cat=38"},"img":{"alt_text":"polic\u00eda municipal","src":"https:\/\/i0.wp.com\/www.24baires.com\/wp-content\/uploads\/2014\/07\/polic%C3%ADa-municipal.jpg?resize=350%2C200","width":350,"height":200,"srcset":"https:\/\/i0.wp.com\/www.24baires.com\/wp-content\/uploads\/2014\/07\/polic%C3%ADa-municipal.jpg?resize=350%2C200 1x, https:\/\/i0.wp.com\/www.24baires.com\/wp-content\/uploads\/2014\/07\/polic%C3%ADa-municipal.jpg?resize=525%2C300 1.5x"},"classes":[]},{"id":15197,"url":"https:\/\/www.24baires.com\/?p=15197","url_meta":{"origin":10578,"position":3},"title":"Productores de salames tandilenses recibieron un subsidio de $200 mil","author":"AF","date":"09\/02\/2013","format":false,"excerpt":"El ministro de Asuntos Agrarios, Gustavo Arrieta y el secretario de Coordinaci\u00f3n Gubernamental de Jefatura de Gabinete de la provincia de Buenos Aires, Alejandro \u201cTopo\u201d Rodr\u00edguez, junto al concejal N\u00e9stor Auza, acompa\u00f1aron hoy en Tandil la realizaci\u00f3n del XXX Festival de la Sierra y el Salame , resaltando el logro\u2026","rel":"","context":"En \u00abEconom\u00eda\u00bb","block_context":{"text":"Econom\u00eda","link":"https:\/\/www.24baires.com\/?cat=45"},"img":{"alt_text":"","src":"","width":0,"height":0},"classes":[]},{"id":35332,"url":"https:\/\/www.24baires.com\/?p=35332","url_meta":{"origin":10578,"position":4},"title":"Scioli convoc\u00f3 a una reuni\u00f3n con entidades del campo","author":"AF","date":"18\/11\/2013","format":false,"excerpt":"El gobernador se reunir\u00e1 con representantes de las entidades agropecuarias. El encuentro ser\u00e1 coordinador por Gustavo Arrieta, Ministro de Asuntos Agrarios. Entre otros temas, se abordar\u00e1n: seguridad, justicia y salud. El Gobernador Daniel Scioli, convoc\u00f3 para el pr\u00f3ximo mi\u00e9rcoles 20 a representantes de las entidades agropecuarias de la provincia de\u2026","rel":"","context":"En \u00abPol\u00edtica\u00bb","block_context":{"text":"Pol\u00edtica","link":"https:\/\/www.24baires.com\/?cat=51"},"img":{"alt_text":"","src":"","width":0,"height":0},"classes":[]},{"id":13814,"url":"https:\/\/www.24baires.com\/?p=13814","url_meta":{"origin":10578,"position":5},"title":"Avanza la reconversi\u00f3n de la flota de &#8216;barquitos amarillos&#8217; marplatenses","author":"AF","date":"28\/01\/2013","format":false,"excerpt":"MAR DEL PLATA - En una reuni\u00f3n encabezada por el ministro de Asuntos Agrarios bonaerense, Gustavo Arrieta y el titular del Banco Provincia, Gustavo Marangoni, se trabaj\u00f3 sobre el proyecto asociativo que consiste en que peque\u00f1as embarcaciones existentes dejen de funcionar individualmente para transferir sus permisos de pesca a una\u2026","rel":"","context":"En \u00abLocales\u00bb","block_context":{"text":"Locales","link":"https:\/\/www.24baires.com\/?cat=38"},"img":{"alt_text":"barquitos amarillos","src":"https:\/\/i0.wp.com\/www.24baires.com\/wp-content\/uploads\/2013\/01\/barquitos-amarillos.jpg?resize=350%2C200","width":350,"height":200,"srcset":"https:\/\/i0.wp.com\/www.24baires.com\/wp-content\/uploads\/2013\/01\/barquitos-amarillos.jpg?resize=350%2C200 1x, https:\/\/i0.wp.com\/www.24baires.com\/wp-content\/uploads\/2013\/01\/barquitos-amarillos.jpg?resize=525%2C300 1.5x"},"classes":[]}],"jetpack_sharing_enabled":true,"jetpack_likes_enabled":true,"_links":{"self":[{"href":"https:\/\/www.24baires.com\/index.php?rest_route=\/wp\/v2\/posts\/10578","targetHints":{"allow":["GET"]}}],"collection":[{"href":"https:\/\/www.24baires.com\/index.php?rest_route=\/wp\/v2\/posts"}],"about":[{"href":"https:\/\/www.24baires.com\/index.php?rest_route=\/wp\/v2\/types\/post"}],"author":[{"embeddable":true,"href":"https:\/\/www.24baires.com\/index.php?rest_route=\/wp\/v2\/users\/4"}],"replies":[{"embeddable":true,"href":"https:\/\/www.24baires.com\/index.php?rest_route=%2Fwp%2Fv2%2Fcomments&post=10578"}],"version-history":[{"count":2,"href":"https:\/\/www.24baires.com\/index.php?rest_route=\/wp\/v2\/posts\/10578\/revisions"}],"predecessor-version":[{"id":10580,"href":"https:\/\/www.24baires.com\/index.php?rest_route=\/wp\/v2\/posts\/10578\/revisions\/10580"}],"wp:attachment":[{"href":"https:\/\/www.24baires.com\/index.php?rest_route=%2Fwp%2Fv2%2Fmedia&parent=10578"}],"wp:term":[{"taxonomy":"category","embeddable":true,"href":"https:\/\/www.24baires.com\/index.php?rest_route=%2Fwp%2Fv2%2Fcategories&post=10578"},{"taxonomy":"post_tag","embeddable":true,"href":"https:\/\/www.24baires.com\/index.php?rest_route=%2Fwp%2Fv2%2Ftags&post=10578"}],"curies":[{"name":"wp","href":"https:\/\/api.w.org\/{rel}","templated":true}]}}