{"id":10569,"date":"2012-12-27T09:00:56","date_gmt":"2012-12-27T12:00:56","guid":{"rendered":"http:\/\/www.24baires.com\/?p=10569"},"modified":"2012-12-27T18:46:54","modified_gmt":"2012-12-27T21:46:54","slug":"el-80-de-los-aspirantes-a-estudiar-medicina-en-la-unlp-desaprobo-el-examen-de-ingreso","status":"publish","type":"post","link":"https:\/\/www.24baires.com\/?p=10569","title":{"rendered":"El 80% de los aspirantes a estudiar Medicina en la UNLP desaprob\u00f3 el examen de ingreso"},"content":{"rendered":"<p>S\u00f3lo un quinto de los aspirantes a iniciar el a\u00f1o pr\u00f3ximo la carrera de medicina en la Universidad Nacional de La Plata aprob\u00f3 el examen de ingreso. Vuelve la discusi\u00f3n en torno al sistema de restricci\u00f3n al ingreso mediante una prueba.<!--more--><\/p>\n<p>Seg\u00fan se inform\u00f3, s\u00f3lo un quinto de los aspirantes a iniciar el a\u00f1o pr\u00f3ximo la carrera de medicina en la Universidad Nacional de La Plata aprob\u00f3 el examen de ingreso.<\/p>\n<p>A\u00f1o tras a\u00f1o, los porcentajes de admisi\u00f3n en la carrera de medicina son similares. La diferencia radica en que desde hace tres a\u00f1os, los aspirantes deben completar un curso anual con ocho materias y aprobar ex\u00e1menes parciales antes de la prueba final que determina si pueden cursar la especialidad.<\/p>\n<p>Antes, se requer\u00eda dar el examen de ingreso, y muchos aspirante optaban por recurr\u00edr a cursos particulares durante el verano.<\/p>\n<p>Seg\u00fan el diario La Naci\u00f3n, de los 1449 j\u00f3venes que se inscribieron este a\u00f1o en el curso de admisi\u00f3n, s\u00f3lo 543 llegaron a la instancia final y apenas 318 (un 21,9% de los aspirantes originales) lograron superarla. En agosto pasado, un parcial de historia de la medicina hab\u00eda \u00abfiltrado\u00bb a la mayor\u00eda: dos tercios de los inscriptos quedaron afuera.<\/p>\n<p>&nbsp;<\/p>\n<p>&nbsp;<\/p>\n<p>&nbsp;<\/p>\n<p>&nbsp;<\/p>\n<p>&nbsp;<\/p>\n<p>&nbsp;<\/p>\n<p>&nbsp;<\/p>\n<p>&nbsp;<\/p>\n<p>&nbsp;<\/p>\n<p>&nbsp;<\/p>\n<p>&nbsp;<\/p>\n<p>&nbsp;<\/p>\n<p>&nbsp;<\/p>\n<p>&nbsp;<\/p>\n<p>&nbsp;<\/p>\n<p>&nbsp;<\/p>\n<p>&nbsp;<\/p>\n<p>&nbsp;<\/p>\n<p>&nbsp;<\/p>\n<p>&nbsp;<\/p>\n<p>&nbsp;<\/p>\n<p>&nbsp;<\/p>\n<p>&nbsp;<\/p>\n<p>&nbsp;<\/p>\n<p>&nbsp;<\/p>\n<p>&nbsp;<\/p>\n","protected":false},"excerpt":{"rendered":"<p>S\u00f3lo un quinto de los aspirantes a iniciar el a\u00f1o pr\u00f3ximo la carrera de medicina en la Universidad Nacional de La Plata aprob\u00f3 el examen de ingreso. Vuelve la discusi\u00f3n en torno al sistema de restricci\u00f3n al ingreso mediante una prueba.<\/p>\n","protected":false},"author":4,"featured_media":0,"comment_status":"open","ping_status":"open","sticky":false,"template":"","format":"standard","meta":{"_jetpack_newsletter_access":"","_jetpack_dont_email_post_to_subs":false,"_jetpack_newsletter_tier_id":0,"_jetpack_memberships_contains_paywalled_content":false,"_jetpack_memberships_contains_paid_content":false,"footnotes":""},"categories":[1],"tags":[],"class_list":["post-10569","post","type-post","status-publish","format-standard","hentry","category-sociedad"],"jetpack_featured_media_url":"","jetpack_shortlink":"https:\/\/wp.me\/p2JWE0-2Kt","jetpack-related-posts":[{"id":78743,"url":"https:\/\/www.24baires.com\/?p=78743","url_meta":{"origin":10569,"position":0},"title":"El lunes abrir\u00e1 la inscripci\u00f3n para el Poder Judicial","author":"AF","date":"10\/02\/2016","format":false,"excerpt":"La Suprema Corte convoc\u00f3 a examen para integrar el listado de aspirantes a ingresar como personal administrativo a la Justicia bonaerense. Y con ese fin abrir\u00e1 un per\u00edodo de inscripci\u00f3n entre el 15 y el 29 de este mes a trav\u00e9s de la p\u00e1gina web del alto tribunal. Se trata\u2026","rel":"","context":"En \u00abSociedad\u00bb","block_context":{"text":"Sociedad","link":"https:\/\/www.24baires.com\/?cat=1"},"img":{"alt_text":"","src":"","width":0,"height":0},"classes":[]},{"id":52390,"url":"https:\/\/www.24baires.com\/?p=52390","url_meta":{"origin":10569,"position":1},"title":"La UNLP permitir\u00e1 realizar el curso de ingreso a distancia","author":"AF","date":"25\/08\/2014","format":false,"excerpt":"De cara al ciclo lectivo 2015, varias facultades de la Universidad Nacional de La Plata (UNLP) comenzar\u00e1n a dictar, bajo la modalidad a distancia, sus cursos de ingreso durante el segundo cuatrimestre del a\u00f1o. Desde su casa y frente a una computadora conectada a internet, los futuros ingresantes podr\u00e1n realizar\u2026","rel":"","context":"En \u00abSociedad\u00bb","block_context":{"text":"Sociedad","link":"https:\/\/www.24baires.com\/?cat=1"},"img":{"alt_text":"unlp","src":"https:\/\/i0.wp.com\/www.24baires.com\/wp-content\/uploads\/2014\/08\/unlp.jpg?resize=350%2C200","width":350,"height":200,"srcset":"https:\/\/i0.wp.com\/www.24baires.com\/wp-content\/uploads\/2014\/08\/unlp.jpg?resize=350%2C200 1x, https:\/\/i0.wp.com\/www.24baires.com\/wp-content\/uploads\/2014\/08\/unlp.jpg?resize=525%2C300 1.5x"},"classes":[]},{"id":60155,"url":"https:\/\/www.24baires.com\/?p=60155","url_meta":{"origin":10569,"position":2},"title":"Mar del Plata: abren un nuevo per\u00edodo de inscripciones para la Polic\u00eda Local","author":"GB","date":"15\/01\/2015","format":false,"excerpt":"Este jueves, el secretario de Seguridad, Justicia Municipal y Control del Municipio, Adri\u00e1n Alveolite, acompa\u00f1ado por el director Ejecutivo de la Escuela Municipal de Seguridad Local, Leonardo Palacios y el director del Consejo Municipal de Seguridad, Leandro Saaied, procedieron a formalizar la apertura de un nuevo per\u00edodo de inscripci\u00f3n a\u2026","rel":"","context":"En \u00abLocales\u00bb","block_context":{"text":"Locales","link":"https:\/\/www.24baires.com\/?cat=38"},"img":{"alt_text":"polic\u00eda municipal","src":"https:\/\/i0.wp.com\/www.24baires.com\/wp-content\/uploads\/2014\/07\/polic%C3%ADa-municipal.jpg?resize=350%2C200","width":350,"height":200,"srcset":"https:\/\/i0.wp.com\/www.24baires.com\/wp-content\/uploads\/2014\/07\/polic%C3%ADa-municipal.jpg?resize=350%2C200 1x, https:\/\/i0.wp.com\/www.24baires.com\/wp-content\/uploads\/2014\/07\/polic%C3%ADa-municipal.jpg?resize=525%2C300 1.5x"},"classes":[]},{"id":107557,"url":"https:\/\/www.24baires.com\/?p=107557","url_meta":{"origin":10569,"position":3},"title":"En el Conicet s\u00f3lo ingres\u00f3 el 17,7% de los aspirantes","author":"AF","date":"07\/04\/2019","format":false,"excerpt":"M\u00e1s de dos mil doctores formados por m\u00e1s de 12 a\u00f1os en universidades nacionales fueron expulsados del sistema cient\u00edfico argentino. La \u00faltima convocatoria a la carrera de investigador cient\u00edfico del Consejo Nacional de Investigaciones Cient\u00edficas y T\u00e9cnicas (Conicet) arroj\u00f3 un resultado alarmante: el organismo aprob\u00f3 el ingreso de s\u00f3lo el\u2026","rel":"","context":"En \u00abSociedad\u00bb","block_context":{"text":"Sociedad","link":"https:\/\/www.24baires.com\/?cat=1"},"img":{"alt_text":"","src":"https:\/\/i0.wp.com\/www.24baires.com\/wp-content\/uploads\/2014\/07\/conice.jpg?resize=350%2C200","width":350,"height":200,"srcset":"https:\/\/i0.wp.com\/www.24baires.com\/wp-content\/uploads\/2014\/07\/conice.jpg?resize=350%2C200 1x, https:\/\/i0.wp.com\/www.24baires.com\/wp-content\/uploads\/2014\/07\/conice.jpg?resize=525%2C300 1.5x"},"classes":[]},{"id":49404,"url":"https:\/\/www.24baires.com\/?p=49404","url_meta":{"origin":10569,"position":4},"title":"Granados dijo que la Polic\u00eda Local estar\u00e1 operativa a partir de mayo de 2015","author":"AF","date":"07\/07\/2014","format":false,"excerpt":"El ministro de Seguridad bonaerense, Alejandro Granados, afirm\u00f3 que la Polic\u00eda Local -que cre\u00f3 por decreto el Gobierno de Daniel Scioli frente al fracaso legislativo de la iniciativa- estar\u00e1 operativa a partir de \u201cfines de mayo\u201d del a\u00f1o que viene porque, reconoci\u00f3, no hay a\u00fan \u201clugar f\u00edsico para dar los\u2026","rel":"","context":"En \u00abSociedad\u00bb","block_context":{"text":"Sociedad","link":"https:\/\/www.24baires.com\/?cat=1"},"img":{"alt_text":"granados","src":"https:\/\/i0.wp.com\/www.24baires.com\/wp-content\/uploads\/2014\/04\/granados.jpg?resize=350%2C200","width":350,"height":200,"srcset":"https:\/\/i0.wp.com\/www.24baires.com\/wp-content\/uploads\/2014\/04\/granados.jpg?resize=350%2C200 1x, https:\/\/i0.wp.com\/www.24baires.com\/wp-content\/uploads\/2014\/04\/granados.jpg?resize=525%2C300 1.5x"},"classes":[]},{"id":59747,"url":"https:\/\/www.24baires.com\/?p=59747","url_meta":{"origin":10569,"position":5},"title":"Ya son m\u00e1s de 5 mil los aspirantes a la Polic\u00eda Municipal","author":"AF","date":"08\/01\/2015","format":false,"excerpt":"El ministro de Seguridad bonaerense, Alejandro Granados, afirm\u00f3 que ya son m\u00e1s de 5 mil los aspirantes que realizan los cursos de formaci\u00f3n en las Escuelas de Polic\u00eda Local de 24 municipios, fuerza que estar\u00e1 integrada por 15 mil efectivos y ser\u00e1 puesta en marcha a mediados de a\u00f1o en\u2026","rel":"","context":"En \u00abMunicipios\u00bb","block_context":{"text":"Municipios","link":"https:\/\/www.24baires.com\/?cat=44"},"img":{"alt_text":"granados","src":"https:\/\/i0.wp.com\/www.24baires.com\/wp-content\/uploads\/2014\/04\/granados.jpg?resize=350%2C200","width":350,"height":200,"srcset":"https:\/\/i0.wp.com\/www.24baires.com\/wp-content\/uploads\/2014\/04\/granados.jpg?resize=350%2C200 1x, https:\/\/i0.wp.com\/www.24baires.com\/wp-content\/uploads\/2014\/04\/granados.jpg?resize=525%2C300 1.5x"},"classes":[]}],"jetpack_sharing_enabled":true,"jetpack_likes_enabled":true,"_links":{"self":[{"href":"https:\/\/www.24baires.com\/index.php?rest_route=\/wp\/v2\/posts\/10569","targetHints":{"allow":["GET"]}}],"collection":[{"href":"https:\/\/www.24baires.com\/index.php?rest_route=\/wp\/v2\/posts"}],"about":[{"href":"https:\/\/www.24baires.com\/index.php?rest_route=\/wp\/v2\/types\/post"}],"author":[{"embeddable":true,"href":"https:\/\/www.24baires.com\/index.php?rest_route=\/wp\/v2\/users\/4"}],"replies":[{"embeddable":true,"href":"https:\/\/www.24baires.com\/index.php?rest_route=%2Fwp%2Fv2%2Fcomments&post=10569"}],"version-history":[{"count":3,"href":"https:\/\/www.24baires.com\/index.php?rest_route=\/wp\/v2\/posts\/10569\/revisions"}],"predecessor-version":[{"id":10572,"href":"https:\/\/www.24baires.com\/index.php?rest_route=\/wp\/v2\/posts\/10569\/revisions\/10572"}],"wp:attachment":[{"href":"https:\/\/www.24baires.com\/index.php?rest_route=%2Fwp%2Fv2%2Fmedia&parent=10569"}],"wp:term":[{"taxonomy":"category","embeddable":true,"href":"https:\/\/www.24baires.com\/index.php?rest_route=%2Fwp%2Fv2%2Fcategories&post=10569"},{"taxonomy":"post_tag","embeddable":true,"href":"https:\/\/www.24baires.com\/index.php?rest_route=%2Fwp%2Fv2%2Ftags&post=10569"}],"curies":[{"name":"wp","href":"https:\/\/api.w.org\/{rel}","templated":true}]}}