{"id":10556,"date":"2012-12-27T14:39:59","date_gmt":"2012-12-27T17:39:59","guid":{"rendered":"http:\/\/www.24baires.com\/?p=10556"},"modified":"2012-12-28T13:45:50","modified_gmt":"2012-12-28T16:45:50","slug":"ley-de-medios-la-corte-rechazo-el-per-saltum","status":"publish","type":"post","link":"https:\/\/www.24baires.com\/?p=10556","title":{"rendered":"Ley de Medios: La Corte rechaz\u00f3 el per saltum"},"content":{"rendered":"<p>Consider\u00f3 cumplido el plazo para la adecuaci\u00f3n, pero extendi\u00f3 la cautelar que impide la aplicaci\u00f3n del art\u00edculo 161 hasta que la C\u00e1mara pueda tratar la constitucionalidad de los puntos frenados por el grupo Clar\u00edn.<!--more--><\/p>\n<p>Sin embargo, en su acordada de hoy, la Corte ratific\u00f3 el plazo de un a\u00f1o exigido para la adecuaci\u00f3n de la cantidad de licencias permitidas por la ley, al que consider\u00f3 cumplido.<\/p>\n","protected":false},"excerpt":{"rendered":"<p>Consider\u00f3 cumplido el plazo para la adecuaci\u00f3n, pero extendi\u00f3 la cautelar que impide la aplicaci\u00f3n del art\u00edculo 161 hasta que la C\u00e1mara pueda tratar la constitucionalidad de los puntos frenados por el grupo Clar\u00edn.<\/p>\n","protected":false},"author":11,"featured_media":0,"comment_status":"open","ping_status":"open","sticky":false,"template":"","format":"standard","meta":{"_jetpack_newsletter_access":"","_jetpack_dont_email_post_to_subs":false,"_jetpack_newsletter_tier_id":0,"_jetpack_memberships_contains_paywalled_content":false,"_jetpack_memberships_contains_paid_content":false,"footnotes":""},"categories":[54],"tags":[],"class_list":["post-10556","post","type-post","status-publish","format-standard","hentry","category-medios"],"jetpack_featured_media_url":"","jetpack_shortlink":"https:\/\/wp.me\/p2JWE0-2Kg","jetpack-related-posts":[{"id":3951,"url":"https:\/\/www.24baires.com\/?p=3951","url_meta":{"origin":10556,"position":0},"title":"Sabbatella asegur\u00f3 que \u00abClar\u00edn est\u00e1 desafiando a la democracia\u00bb","author":"Grupo Sierra","date":"31\/10\/2012","format":false,"excerpt":"El titular de la Autoridad Federal de Servicios de Comunicaci\u00f3n Audiovisual, Mart\u00edn Sabbatella, se refiri\u00f3 a la negativa de Clar\u00edn a presentar un plan de adecuaci\u00f3n a la ley. Adem\u00e1s reiter\u00f3 que despu\u00e9s del 7 de diciembre el organismo \"actuar\u00e1 de oficio\". \"Es un desaf\u00edo a la democracia, al estado\u2026","rel":"","context":"En \u00abMedios\u00bb","block_context":{"text":"Medios","link":"https:\/\/www.24baires.com\/?cat=54"},"img":{"alt_text":"","src":"https:\/\/i0.wp.com\/www.24baires.com\/wp-content\/uploads\/2012\/10\/sabbatella-desafio.jpg?resize=350%2C200","width":350,"height":200,"srcset":"https:\/\/i0.wp.com\/www.24baires.com\/wp-content\/uploads\/2012\/10\/sabbatella-desafio.jpg?resize=350%2C200 1x, https:\/\/i0.wp.com\/www.24baires.com\/wp-content\/uploads\/2012\/10\/sabbatella-desafio.jpg?resize=525%2C300 1.5x"},"classes":[]},{"id":7722,"url":"https:\/\/www.24baires.com\/?p=7722","url_meta":{"origin":10556,"position":1},"title":"7D: El \u00faltimo plazo para adecuarse es a la medianoche del viernes","author":"Grupo Sierra","date":"03\/12\/2012","format":false,"excerpt":"El titular de la Afsca precis\u00f3 que presentaron su adecuaci\u00f3n a la ley de medios \"14 grupos de los 21 que ten\u00edan que hacerlo\" y reafirm\u00f3 que \"la fecha l\u00edmite\" para \"sigue siendo el 7 de diciembre\".\u00a0 \u00a0 \u00a0 \"Esperamos que en estos d\u00edas se complete y estamos convencidos de\u2026","rel":"","context":"En \u00abMedios\u00bb","block_context":{"text":"Medios","link":"https:\/\/www.24baires.com\/?cat=54"},"img":{"alt_text":"","src":"","width":0,"height":0},"classes":[]},{"id":35257,"url":"https:\/\/www.24baires.com\/?p=35257","url_meta":{"origin":10556,"position":2},"title":"\u00abEn 2014 todas las empresas deber\u00edan estar adecuadas a la ley\u00bb","author":"AF","date":"16\/11\/2013","format":false,"excerpt":"A dos semanas del fallo de la Corte Suprema sobre la constitucionalidad de Ley de Medios, Mart\u00edn Sabbatella analiz\u00f3 ante Infojus Noticias el escenario que viene. \u201cEl desaf\u00edo es la aplicaci\u00f3n integral de la ley\u201d, reconoci\u00f3. Sobre el plan de adecuaci\u00f3n del Grupo Clar\u00edn, se\u00f1al\u00f3: \"Todav\u00eda no lo hemos resuelto,\u2026","rel":"","context":"En \u00abMedios\u00bb","block_context":{"text":"Medios","link":"https:\/\/www.24baires.com\/?cat=54"},"img":{"alt_text":"sabbatella","src":"https:\/\/i0.wp.com\/www.24baires.com\/wp-content\/uploads\/2013\/11\/sabbatella.jpg?resize=350%2C200","width":350,"height":200,"srcset":"https:\/\/i0.wp.com\/www.24baires.com\/wp-content\/uploads\/2013\/11\/sabbatella.jpg?resize=350%2C200 1x, https:\/\/i0.wp.com\/www.24baires.com\/wp-content\/uploads\/2013\/11\/sabbatella.jpg?resize=525%2C300 1.5x"},"classes":[]},{"id":58440,"url":"https:\/\/www.24baires.com\/?p=58440","url_meta":{"origin":10556,"position":3},"title":"Una nueva cautelar traba la adecuaci\u00f3n de Clar\u00edn a la Ley de Medios","author":"Grupo Sierra","date":"10\/12\/2014","format":false,"excerpt":"El juez federal Horacio Alfonso dict\u00f3 hoy una medida cautelar que suspende la adecuaci\u00f3n de oficio del grupo, tal como lo hab\u00eda dispuesto la Afsca. El magistrado, a cargo del Juzgado Civil y Comercial Federal N\u00famero 1, estableci\u00f3 en un fallo que la adecuaci\u00f3n ordenada por el organismo que conduce\u2026","rel":"","context":"En \u00abJUDICIALES\u00bb","block_context":{"text":"JUDICIALES","link":"https:\/\/www.24baires.com\/?cat=68"},"img":{"alt_text":"clar\u00edn mitre","src":"https:\/\/i0.wp.com\/www.24baires.com\/wp-content\/uploads\/2014\/11\/clar%C3%ADn-mitre.jpg?resize=350%2C200","width":350,"height":200,"srcset":"https:\/\/i0.wp.com\/www.24baires.com\/wp-content\/uploads\/2014\/11\/clar%C3%ADn-mitre.jpg?resize=350%2C200 1x, https:\/\/i0.wp.com\/www.24baires.com\/wp-content\/uploads\/2014\/11\/clar%C3%ADn-mitre.jpg?resize=525%2C300 1.5x"},"classes":[]},{"id":783,"url":"https:\/\/www.24baires.com\/?p=783","url_meta":{"origin":10556,"position":4},"title":"\u00abTodos sin ninguna excepci\u00f3n tienen que cumplir la Ley\u00bb de medios","author":"Grupo Sierra","date":"01\/10\/2012","format":false,"excerpt":"El flamante titular de la Autoridad Federal de Servicios de Comunicaci\u00f3n Audiovisual (AFSCA), Mart\u00edn Sabbatella, asegur\u00f3 que \"todos, sin excepci\u00f3n, tendr\u00e1n que cumplir la ley\" de medios. Sabbatella afirm\u00f3 hoy que el 7 de diciembre pr\u00f3ximo \"vence el plazo para que se ponga en marcha el proceso de adecuaci\u00f3n a\u2026","rel":"","context":"En \u00abMedios\u00bb","block_context":{"text":"Medios","link":"https:\/\/www.24baires.com\/?cat=54"},"img":{"alt_text":"","src":"","width":0,"height":0},"classes":[]},{"id":34725,"url":"https:\/\/www.24baires.com\/?p=34725","url_meta":{"origin":10556,"position":5},"title":"\u00abAfsca a\u00fan no opin\u00f3 sobre el contenido del plan del Grupo Clar\u00edn\u201d","author":"AF","date":"06\/11\/2013","format":false,"excerpt":"El titular de la Autoridad Federal de Servicios de Comunicaci\u00f3n Audiovisual consider\u00f3 \"un paso muy importante\" que \"todos los grupos de medios en Argentina\" hayan presentado ya sus procesos de adecuaci\u00f3n a la ley y aclar\u00f3 que el organismo \"a\u00fan no opin\u00f3 sobre el contenido\" de la propuesta presentada por\u2026","rel":"","context":"En \u00abMedios\u00bb","block_context":{"text":"Medios","link":"https:\/\/www.24baires.com\/?cat=54"},"img":{"alt_text":"afsca cordoba","src":"https:\/\/i0.wp.com\/www.24baires.com\/wp-content\/uploads\/2013\/02\/afsca-cordoba-300x200.jpg?resize=350%2C200","width":350,"height":200},"classes":[]}],"jetpack_sharing_enabled":true,"jetpack_likes_enabled":true,"_links":{"self":[{"href":"https:\/\/www.24baires.com\/index.php?rest_route=\/wp\/v2\/posts\/10556","targetHints":{"allow":["GET"]}}],"collection":[{"href":"https:\/\/www.24baires.com\/index.php?rest_route=\/wp\/v2\/posts"}],"about":[{"href":"https:\/\/www.24baires.com\/index.php?rest_route=\/wp\/v2\/types\/post"}],"author":[{"embeddable":true,"href":"https:\/\/www.24baires.com\/index.php?rest_route=\/wp\/v2\/users\/11"}],"replies":[{"embeddable":true,"href":"https:\/\/www.24baires.com\/index.php?rest_route=%2Fwp%2Fv2%2Fcomments&post=10556"}],"version-history":[{"count":3,"href":"https:\/\/www.24baires.com\/index.php?rest_route=\/wp\/v2\/posts\/10556\/revisions"}],"predecessor-version":[{"id":10558,"href":"https:\/\/www.24baires.com\/index.php?rest_route=\/wp\/v2\/posts\/10556\/revisions\/10558"}],"wp:attachment":[{"href":"https:\/\/www.24baires.com\/index.php?rest_route=%2Fwp%2Fv2%2Fmedia&parent=10556"}],"wp:term":[{"taxonomy":"category","embeddable":true,"href":"https:\/\/www.24baires.com\/index.php?rest_route=%2Fwp%2Fv2%2Fcategories&post=10556"},{"taxonomy":"post_tag","embeddable":true,"href":"https:\/\/www.24baires.com\/index.php?rest_route=%2Fwp%2Fv2%2Ftags&post=10556"}],"curies":[{"name":"wp","href":"https:\/\/api.w.org\/{rel}","templated":true}]}}