{"id":105556,"date":"2018-11-22T16:11:46","date_gmt":"2018-11-22T19:11:46","guid":{"rendered":"http:\/\/www.24baires.com\/?p=105556"},"modified":"2018-11-22T16:11:46","modified_gmt":"2018-11-22T19:11:46","slug":"ni-aunque-vengan-degollando","status":"publish","type":"post","link":"https:\/\/www.24baires.com\/?p=105556","title":{"rendered":"Ni aunque vengan degollando"},"content":{"rendered":"<p><img data-recalc-dims=\"1\" loading=\"lazy\" decoding=\"async\" src=\"https:\/\/i0.wp.com\/www.24baires.com\/wp-content\/uploads\/2018\/11\/WhatsApp-Image-2018-11-22-at-16.09.34.jpeg?resize=560%2C441\" alt=\"\" width=\"560\" height=\"441\" class=\"aligncenter size-full wp-image-105557\" srcset=\"https:\/\/i0.wp.com\/www.24baires.com\/wp-content\/uploads\/2018\/11\/WhatsApp-Image-2018-11-22-at-16.09.34.jpeg?w=560&amp;ssl=1 560w, https:\/\/i0.wp.com\/www.24baires.com\/wp-content\/uploads\/2018\/11\/WhatsApp-Image-2018-11-22-at-16.09.34.jpeg?resize=300%2C236&amp;ssl=1 300w\" sizes=\"auto, (max-width: 560px) 100vw, 560px\" \/>Ni aunque vengan degollando, dec\u00eda mi vieja. Esa era la frase que usaba para afirmar, sin margen de dudas, que har\u00eda aquello que promet\u00eda. Mejor dicho: que seguir\u00eda firme en sus decisiones, pasara lo que pasara. O suger\u00eda con la sutileza de mamut en cristaler\u00eda que yo deb\u00eda seguir firme en las m\u00edas, sin importar nada. Bueno, resulta que, con o sin frase, ella no ser\u00eda la \u00fanica madre que me ense\u00f1ar\u00eda a no ceder, a resistir. Porque resulta que esa es una de las claves, m\u00e1s all\u00e1 de los resultados, de los finales. Y en tiempos donde la crueldad parece ley, luchar es obligatorio.<!--more--><\/p>\n<p>Y en ciudades donde gobierna la derecha fofa e ignorante, como Mar del Plata, plantarse con firmeza ante este derrotero de fascismo de bolsillo, es imprescindible. Porque avanza, con sus pasos torpes, con sus pies de barro. Dando manotazos a lo que hemos construido con esfuerzo, con dolor, pero siempre con amor. Pretenden socavar las voluntades, amedrentar los esp\u00edritus, entristecer nuestras vidas hasta la postraci\u00f3n, la desesperanza. Por eso cuando hombres como Carlos Fernando Arroyo, que le tienen m\u00e1s afecto a las botas que a los votos, pretenden imponer su autoritarismo de manual, arraigado en una ideolog\u00eda que se reverencia ante los totalitarismo, la \u00fanica opci\u00f3n es combatirlo.<\/p>\n<p>Esta vez, el Intendente Arroyo usa y abusa del rol que el resultado una elecci\u00f3n le otorg\u00f3, y busca desalojar a los organismos de Derechos Humanos que desde hace ya muchos a\u00f1os se organizan y trabajan en una Casa. Una casa cedida oportunamente por otro intendente, y de usufructo reafirmado por los que lo sucedieron, m\u00e1s afines a la democracia que el actual, claro. Una Casa que cobija, que nutre, que se solidariza, que late y respira al ritmo de la verdad y la justicia. Y es eso lo que le molesta al jefe comunal, que se quiere poner puntilloso con papeles cuando presenta presupuestos millonarios mal redactados.<\/p>\n<p>Pero Arroyo no se esfuerza en el disimulo: odia fuerte, odia con ganas. Su misoginia, su patoterismo, su ignorancia sobre cualquier cosa, son mojones claros de su gesti\u00f3n, o de la ausencia de ella. Su falta de cintura pol\u00edtica es reemplazada con envestidas de rencor, su pat\u00e9tica administraci\u00f3n de los recursos municipales marida muy bien con su elecci\u00f3n de poner el acento y el ah\u00ednco en intentar desalojar La Casa de La Memoria, robarle derechos a docentes y guardavidas, asfixiar clubles, arrasar con la cultura, darle entidad a un goril\u00f3n de baja estofa, como el Secretario de Hacienda, para que humille a los que menos tienen, entre otras aberraciones. Y, mientras tanto, no hacer nada, ser testigo privilegiado del deterioro de una ciudad maltratada, que vio d\u00edas mejores.<\/p>\n<p>Porque no quiere un inmueble, quiere vaciar la memoria. Quiere dejarnos en una intemperie que nos vuelva vulnerables, por eso persigue a los organismo que est\u00e1n en las ant\u00edpodas de sus ideas.<\/p>\n<p>Pero Memoria, Verdad y Justicia, no son consignas huecas, son perspectivas desde donde vivimos nuestras vidas. Entonces resistir es la tarea. Nos hemos plantado ante este var\u00f3n patriarcal en otras oportunidades, hemos frenado sus atropellos, sus abusos, le hemos hecho saber que no somos corderitos temerosos del patr\u00f3n de estancia. Somos quienes vamos a detener su avance grotesco y dictatorial, una vez m\u00e1s. Porque lo hace porque cree que puede, lo hace porque quiere.<\/p>\n<p>La Casa de la Memoria no se desaloja, Arroyo. Resistiremos como resistieron las Madres, Las Abuelas, los HIJOS y los detenidos desaparecidos, mientras vos eras funcionario de la Dictadura: no vamos a dar un paso atr\u00e1s, ni aunque vengan degollando.<\/p>\n","protected":false},"excerpt":{"rendered":"<p>Ni aunque vengan degollando, dec\u00eda mi vieja. Esa era la frase que usaba para afirmar, sin margen de dudas, que har\u00eda aquello que promet\u00eda. Mejor dicho: que seguir\u00eda firme en sus decisiones, pasara lo que pasara. O suger\u00eda con la sutileza de mamut en cristaler\u00eda que yo deb\u00eda seguir firme en las m\u00edas, sin importar nada. Bueno, resulta que, con [&#8230;]<\/p>\n","protected":false},"author":4,"featured_media":0,"comment_status":"open","ping_status":"open","sticky":false,"template":"","format":"standard","meta":{"_jetpack_newsletter_access":"","_jetpack_dont_email_post_to_subs":false,"_jetpack_newsletter_tier_id":0,"_jetpack_memberships_contains_paywalled_content":false,"_jetpack_memberships_contains_paid_content":false,"footnotes":""},"categories":[64],"tags":[],"class_list":["post-105556","post","type-post","status-publish","format-standard","hentry","category-opinion"],"jetpack_featured_media_url":"","jetpack_shortlink":"https:\/\/wp.me\/p2JWE0-rsw","jetpack-related-posts":[{"id":16702,"url":"https:\/\/www.24baires.com\/?p=16702","url_meta":{"origin":105556,"position":0},"title":"Tigre: degollaron a un hombre ciego para robarle","author":"AF","date":"25\/02\/2013","format":false,"excerpt":"Un hombre ciego fue degollado en su casa de la localidad bonaerense de El Talar, partido de Tigre, al ser asaltado junto a su esposa por tres delincuentes que luego del crimen escaparon. El hecho ocurri\u00f3 en la madrugada de ayer en una vivienda situada en Delcasse al 2600, donde\u2026","rel":"","context":"En \u00abPoliciales\u00bb","block_context":{"text":"Policiales","link":"https:\/\/www.24baires.com\/?cat=49"},"img":{"alt_text":"asesinato ciego tigre","src":"https:\/\/i0.wp.com\/www.24baires.com\/wp-content\/uploads\/2013\/02\/asesinato-ciego-tigre-300x210.jpg?resize=350%2C200","width":350,"height":200},"classes":[]},{"id":49116,"url":"https:\/\/www.24baires.com\/?p=49116","url_meta":{"origin":105556,"position":1},"title":"Magdalena: un preso fue degollado por otros porque era \u00abbuche\u00bb de las autoridades","author":"GB","date":"02\/07\/2014","format":false,"excerpt":"Un preso del penal bonaerense de Magdalena fue degollado en las \u00faltimas horas por otros reclusos que lo atacaron porque los hab\u00eda denunciado ante las autoridades de la unidad, se inform\u00f3 hoy. Fuentes policiales dijeron que la v\u00edctima fue Mat\u00edas Arozena Mansilla, de 24 a\u00f1os, condenado a seis a\u00f1os de\u2026","rel":"","context":"En \u00abPoliciales\u00bb","block_context":{"text":"Policiales","link":"https:\/\/www.24baires.com\/?cat=49"},"img":{"alt_text":"","src":"","width":0,"height":0},"classes":[]},{"id":72711,"url":"https:\/\/www.24baires.com\/?p=72711","url_meta":{"origin":105556,"position":2},"title":"Femicidio en Pilar: \u00abEst\u00e1s gorda y ten\u00e9s un sueldito de mucama\u00bb","author":"GB","date":"25\/09\/2015","format":false,"excerpt":"As\u00ed lo afirm\u00f3 una amiga y confidente de Claudia Schaefer, la mujer que fue degollada por su marido en el country Martindale. Adem\u00e1s, asegur\u00f3 que la hostigaba, \"ninguneaba\" y humillaba permanentemente. Una amiga y confidente de Claudia Schaefer, la mujer que fue degollada en el country Martindale del partido bonaerense\u2026","rel":"","context":"En \u00abPoliciales\u00bb","block_context":{"text":"Policiales","link":"https:\/\/www.24baires.com\/?cat=49"},"img":{"alt_text":"farr\u00e9","src":"https:\/\/i0.wp.com\/www.24baires.com\/wp-content\/uploads\/2015\/09\/farr%C3%A9.jpg?resize=350%2C200","width":350,"height":200,"srcset":"https:\/\/i0.wp.com\/www.24baires.com\/wp-content\/uploads\/2015\/09\/farr%C3%A9.jpg?resize=350%2C200 1x, https:\/\/i0.wp.com\/www.24baires.com\/wp-content\/uploads\/2015\/09\/farr%C3%A9.jpg?resize=525%2C300 1.5x"},"classes":[]},{"id":75550,"url":"https:\/\/www.24baires.com\/?p=75550","url_meta":{"origin":105556,"position":3},"title":"Mat\u00f3 a su mujer y escap\u00f3 con su beba: buscan intensamente a M\u00eda","author":"GB","date":"24\/11\/2015","format":false,"excerpt":"El caso ocurri\u00f3 en la manzana 102 de la Villa 31 bis, del barrio de Retiro, donde Estela Mart\u00ednez de 38 a\u00f1os muri\u00f3 degollada y se busca a su pareja, Domingo Evaristo Montiel Arias, de 25 a\u00f1os, qui\u00e9n tiene en su poder a la peque\u00f1a de 4 meses. El cuerpo\u2026","rel":"","context":"En \u00abPoliciales\u00bb","block_context":{"text":"Policiales","link":"https:\/\/www.24baires.com\/?cat=49"},"img":{"alt_text":"0010173869","src":"https:\/\/i0.wp.com\/www.24baires.com\/wp-content\/uploads\/2015\/11\/0010173869.jpg?resize=350%2C200","width":350,"height":200,"srcset":"https:\/\/i0.wp.com\/www.24baires.com\/wp-content\/uploads\/2015\/11\/0010173869.jpg?resize=350%2C200 1x, https:\/\/i0.wp.com\/www.24baires.com\/wp-content\/uploads\/2015\/11\/0010173869.jpg?resize=525%2C300 1.5x"},"classes":[]},{"id":19208,"url":"https:\/\/www.24baires.com\/?p=19208","url_meta":{"origin":105556,"position":4},"title":"Detienen a un joven implicado en el crimen de la maestra degollada en Jun\u00edn","author":"Grupo Sierra","date":"24\/03\/2013","format":false,"excerpt":"Un joven de 22 a\u00f1os fue detenido en la localidad bonaerense de Jun\u00edn acusado del crimen de Olga A\u00edda Acedo, la maestra jubilada asesinada el 15 de marzo durante un asalto en su casa, informaron fuentes judiciales. Se trata de Jonatan Ram\u00f3n Castro (22), quien fue detenido anoche tras un\u2026","rel":"","context":"En \u00abPoliciales\u00bb","block_context":{"text":"Policiales","link":"https:\/\/www.24baires.com\/?cat=49"},"img":{"alt_text":"","src":"","width":0,"height":0},"classes":[]},{"id":48640,"url":"https:\/\/www.24baires.com\/?p=48640","url_meta":{"origin":105556,"position":5},"title":"Crimen en Moreno: confirman que la joven muri\u00f3 degollada","author":"GB","date":"24\/06\/2014","format":false,"excerpt":"As\u00ed lo indic\u00f3 el primer informe forense que se le realiz\u00f3 al cuerpo de Serena Rodr\u00edguez seg\u00fan inform\u00f3 C5N. Las heridas las tiene en el est\u00f3mago, el t\u00f3rax y el cuello. El asesino intent\u00f3 ocultar el cuerpo abajo de un \u00e1rbol. El primer informe forense que se le realiz\u00f3 al\u2026","rel":"","context":"En \u00abPoliciales\u00bb","block_context":{"text":"Policiales","link":"https:\/\/www.24baires.com\/?cat=49"},"img":{"alt_text":"crimen moreno","src":"https:\/\/i0.wp.com\/www.24baires.com\/wp-content\/uploads\/2014\/06\/crimen-moreno.jpg?resize=350%2C200","width":350,"height":200,"srcset":"https:\/\/i0.wp.com\/www.24baires.com\/wp-content\/uploads\/2014\/06\/crimen-moreno.jpg?resize=350%2C200 1x, https:\/\/i0.wp.com\/www.24baires.com\/wp-content\/uploads\/2014\/06\/crimen-moreno.jpg?resize=525%2C300 1.5x"},"classes":[]}],"jetpack_sharing_enabled":true,"jetpack_likes_enabled":true,"_links":{"self":[{"href":"https:\/\/www.24baires.com\/index.php?rest_route=\/wp\/v2\/posts\/105556","targetHints":{"allow":["GET"]}}],"collection":[{"href":"https:\/\/www.24baires.com\/index.php?rest_route=\/wp\/v2\/posts"}],"about":[{"href":"https:\/\/www.24baires.com\/index.php?rest_route=\/wp\/v2\/types\/post"}],"author":[{"embeddable":true,"href":"https:\/\/www.24baires.com\/index.php?rest_route=\/wp\/v2\/users\/4"}],"replies":[{"embeddable":true,"href":"https:\/\/www.24baires.com\/index.php?rest_route=%2Fwp%2Fv2%2Fcomments&post=105556"}],"version-history":[{"count":1,"href":"https:\/\/www.24baires.com\/index.php?rest_route=\/wp\/v2\/posts\/105556\/revisions"}],"predecessor-version":[{"id":105558,"href":"https:\/\/www.24baires.com\/index.php?rest_route=\/wp\/v2\/posts\/105556\/revisions\/105558"}],"wp:attachment":[{"href":"https:\/\/www.24baires.com\/index.php?rest_route=%2Fwp%2Fv2%2Fmedia&parent=105556"}],"wp:term":[{"taxonomy":"category","embeddable":true,"href":"https:\/\/www.24baires.com\/index.php?rest_route=%2Fwp%2Fv2%2Fcategories&post=105556"},{"taxonomy":"post_tag","embeddable":true,"href":"https:\/\/www.24baires.com\/index.php?rest_route=%2Fwp%2Fv2%2Ftags&post=105556"}],"curies":[{"name":"wp","href":"https:\/\/api.w.org\/{rel}","templated":true}]}}