{"id":10550,"date":"2012-12-27T11:37:06","date_gmt":"2012-12-27T14:37:06","guid":{"rendered":"http:\/\/www.24baires.com\/?p=10550"},"modified":"2012-12-27T11:37:06","modified_gmt":"2012-12-27T14:37:06","slug":"sancionaran-al-gremio-bancario-por-no-acatar-la-conciliacion-y-parar","status":"publish","type":"post","link":"https:\/\/www.24baires.com\/?p=10550","title":{"rendered":"Sancionar\u00e1n al gremio bancario por no acatar la conciliaci\u00f3n y parar"},"content":{"rendered":"<p><a href=\"http:\/\/www.24baires.com\/sociedad\/5453-todos-los-bancos-del-pais-se-adhieren-al-20n\/attachment\/banco-nacion\/\" rel=\"attachment wp-att-5454\"><img data-recalc-dims=\"1\" loading=\"lazy\" decoding=\"async\" class=\"alignleft size-full wp-image-5454\" alt=\"banco naci\u00f3n\" src=\"https:\/\/i0.wp.com\/www.24baires.com\/wp-content\/uploads\/2012\/11\/banco-naci%C3%B3n.png?resize=250%2C175\" width=\"250\" height=\"175\" \/><\/a>La viceministra de Trabajo, Noem\u00ed Rial, adelant\u00f3 que la cartera laboral \u00abva a aplicar la multa que corresponda\u00bb a la Asociaci\u00f3n Bancaria por no haber acatado la conciliaci\u00f3n obligatoria y haber ratificado el paro que se realiza en la jornada\u00bb de este jueves.<!--more--><br \/>\n\u00abLa Asociaci\u00f3n Bancaria se har\u00e1 responsable por no cumplir con la conciliaci\u00f3n\u00bb, sostuvo la viceministra de Trabajo en declaraciones a un canal de noticias.<\/p>\n<p>&nbsp;<\/p>\n<p>&nbsp;<\/p>\n<p>&nbsp;<\/p>\n<p>&nbsp;<\/p>\n<p>&nbsp;<\/p>\n<p>&nbsp;<\/p>\n<p>&nbsp;<\/p>\n<p>&nbsp;<\/p>\n<p>&nbsp;<\/p>\n<p>&nbsp;<\/p>\n<p>&nbsp;<\/p>\n<p>&nbsp;<\/p>\n<p>&nbsp;<\/p>\n<p>&nbsp;<\/p>\n<p>&nbsp;<\/p>\n<p>&nbsp;<\/p>\n<p>&nbsp;<\/p>\n<p>&nbsp;<\/p>\n<p>&nbsp;<\/p>\n<p>&nbsp;<\/p>\n<p>&nbsp;<\/p>\n<p>&nbsp;<\/p>\n<p>&nbsp;<\/p>\n<p>&nbsp;<\/p>\n<p>&nbsp;<\/p>\n<p>&nbsp;<\/p>\n<p>&nbsp;<\/p>\n<p>&nbsp;<\/p>\n<p>&nbsp;<\/p>\n<p>&nbsp;<\/p>\n","protected":false},"excerpt":{"rendered":"<p>La viceministra de Trabajo, Noem\u00ed Rial, adelant\u00f3 que la cartera laboral \u00abva a aplicar la multa que corresponda\u00bb a la Asociaci\u00f3n Bancaria por no haber acatado la conciliaci\u00f3n obligatoria y haber ratificado el paro que se realiza en la jornada\u00bb de este jueves.<\/p>\n","protected":false},"author":4,"featured_media":0,"comment_status":"open","ping_status":"open","sticky":false,"template":"","format":"standard","meta":{"_jetpack_newsletter_access":"","_jetpack_dont_email_post_to_subs":false,"_jetpack_newsletter_tier_id":0,"_jetpack_memberships_contains_paywalled_content":false,"_jetpack_memberships_contains_paid_content":false,"footnotes":""},"categories":[1],"tags":[],"class_list":["post-10550","post","type-post","status-publish","format-standard","hentry","category-sociedad"],"jetpack_featured_media_url":"","jetpack_shortlink":"https:\/\/wp.me\/p2JWE0-2Ka","jetpack-related-posts":[{"id":10472,"url":"https:\/\/www.24baires.com\/?p=10472","url_meta":{"origin":10550,"position":0},"title":"La Bancaria llam\u00f3 a un paro, le dictaron la conciliaci\u00f3n obligatoria pero no la acatar\u00e1n","author":"Grupo Sierra","date":"26\/12\/2012","format":false,"excerpt":"El ministerio dict\u00f3 la conciliaci\u00f3n obligatoria en el conflicto que por reclamos salariales mantienen la Asociaci\u00f3n Bancaria y las C\u00e1maras Empresariales, pero el gremio ratific\u00f3 el paro general de ma\u00f1ana. La viceministra Noem\u00ed Rial dict\u00f3 esta tarde la conciliaci\u00f3n obligatoria por un per\u00edodo h\u00e1bil de diez d\u00edas a partir de\u2026","rel":"","context":"En \u00abPol\u00edtica\u00bb","block_context":{"text":"Pol\u00edtica","link":"https:\/\/www.24baires.com\/?cat=51"},"img":{"alt_text":"","src":"","width":0,"height":0},"classes":[]},{"id":49446,"url":"https:\/\/www.24baires.com\/?p=49446","url_meta":{"origin":10550,"position":1},"title":"A pesar de la conciliaci\u00f3n, hay paro bancario","author":"Grupo Sierra","date":"07\/07\/2014","format":false,"excerpt":"El subdirector nacional de Negociaci\u00f3n Colectiva del Ministerio de Trabajo, Adri\u00e1n Caneto, dict\u00f3 la medida por un per\u00edodo h\u00e1bil de cinco d\u00edas a partir de hoy en el conflicto que, por diversos reclamos, impuls\u00f3 al gremio a convocar a un paro ma\u00f1ana. Desde la Asociaci\u00f3n Bancaria ratificaron la medida de\u2026","rel":"","context":"En \u00abGeneral\u00bb","block_context":{"text":"General","link":"https:\/\/www.24baires.com\/?cat=67"},"img":{"alt_text":"banco naci\u00f3n2","src":"https:\/\/i0.wp.com\/www.24baires.com\/wp-content\/uploads\/2014\/05\/banco-naci%C3%B3n2.jpg?resize=350%2C200","width":350,"height":200,"srcset":"https:\/\/i0.wp.com\/www.24baires.com\/wp-content\/uploads\/2014\/05\/banco-naci%C3%B3n2.jpg?resize=350%2C200 1x, https:\/\/i0.wp.com\/www.24baires.com\/wp-content\/uploads\/2014\/05\/banco-naci%C3%B3n2.jpg?resize=525%2C300 1.5x"},"classes":[]},{"id":49462,"url":"https:\/\/www.24baires.com\/?p=49462","url_meta":{"origin":10550,"position":2},"title":"Paran hoy los bancos del todo el pa\u00eds reclamando por varios despidos","author":"AF","date":"08\/07\/2014","format":false,"excerpt":"El gremio La Bancaria realizar\u00e1 este martes un paro de 24 horas a pesar de la conciliaci\u00f3n obligatoria dictada por el Ministerio de Trabajo, por lo que no habr\u00e1 atenci\u00f3n al p\u00fablico en las entidades hasta el jueves 10, debido al feriado nacional del mi\u00e9rcoles por el D\u00eda de la\u2026","rel":"","context":"En \u00abSociedad\u00bb","block_context":{"text":"Sociedad","link":"https:\/\/www.24baires.com\/?cat=1"},"img":{"alt_text":"banco naci\u00f3n2","src":"https:\/\/i0.wp.com\/www.24baires.com\/wp-content\/uploads\/2014\/05\/banco-naci%C3%B3n2.jpg?resize=350%2C200","width":350,"height":200,"srcset":"https:\/\/i0.wp.com\/www.24baires.com\/wp-content\/uploads\/2014\/05\/banco-naci%C3%B3n2.jpg?resize=350%2C200 1x, https:\/\/i0.wp.com\/www.24baires.com\/wp-content\/uploads\/2014\/05\/banco-naci%C3%B3n2.jpg?resize=525%2C300 1.5x"},"classes":[]},{"id":65735,"url":"https:\/\/www.24baires.com\/?p=65735","url_meta":{"origin":10550,"position":3},"title":"Trabajo dict\u00f3 la conciliaci\u00f3n obligatoria y bancarios paran igual","author":"AF","date":"11\/05\/2015","format":false,"excerpt":"La cartera dict\u00f3 la conciliaci\u00f3n obligatoria a partir de la 0 de este martes y por un plazo h\u00e1bil de 15 d\u00edas en el conflicto que, por demandas de aumento salarial, mantienen la Asociaci\u00f3n Bancaria (AB) que lidera Sergio Palazzo y las c\u00e1maras empresarias de la actividad. El Secretariado General\u2026","rel":"","context":"En \u00abSociedad\u00bb","block_context":{"text":"Sociedad","link":"https:\/\/www.24baires.com\/?cat=1"},"img":{"alt_text":"banco macro","src":"https:\/\/i0.wp.com\/www.24baires.com\/wp-content\/uploads\/2014\/10\/banco-macro.jpg?resize=350%2C200","width":350,"height":200,"srcset":"https:\/\/i0.wp.com\/www.24baires.com\/wp-content\/uploads\/2014\/10\/banco-macro.jpg?resize=350%2C200 1x, https:\/\/i0.wp.com\/www.24baires.com\/wp-content\/uploads\/2014\/10\/banco-macro.jpg?resize=525%2C300 1.5x"},"classes":[]},{"id":105891,"url":"https:\/\/www.24baires.com\/?p=105891","url_meta":{"origin":10550,"position":4},"title":"Dictaron conciliaci\u00f3n obligatoria por 15 d\u00edas en el conflicto aeron\u00e1utico","author":"AF","date":"12\/12\/2018","format":false,"excerpt":"El Ministerio de Producci\u00f3n y Trabajo dict\u00f3 esta tarde la conciliaci\u00f3n obligatoria por 15 d\u00edas en el conflicto con los gremios de pilotos, que hab\u00edan convocado a un paro de 48 horas a partir de ma\u00f1ana. El gobieno nacional fren\u00f3 el paro que los pilotos aeron\u00e1uticos convocaron para este jueves\u2026","rel":"","context":"En \u00abSociedad\u00bb","block_context":{"text":"Sociedad","link":"https:\/\/www.24baires.com\/?cat=1"},"img":{"alt_text":"","src":"https:\/\/i0.wp.com\/www.24baires.com\/wp-content\/uploads\/2018\/11\/aeropuerto.jpg?resize=350%2C200","width":350,"height":200,"srcset":"https:\/\/i0.wp.com\/www.24baires.com\/wp-content\/uploads\/2018\/11\/aeropuerto.jpg?resize=350%2C200 1x, https:\/\/i0.wp.com\/www.24baires.com\/wp-content\/uploads\/2018\/11\/aeropuerto.jpg?resize=525%2C300 1.5x"},"classes":[]},{"id":58449,"url":"https:\/\/www.24baires.com\/?p=58449","url_meta":{"origin":10550,"position":5},"title":"Capitanich anunci\u00f3 la conciliaci\u00f3n obligatoria en el conflicto con los bancos","author":"AF","date":"11\/12\/2014","format":false,"excerpt":"El jefe de Gabinete asegur\u00f3 que la decisi\u00f3n la tom\u00f3 el Ministerio de Trabajo. La Asociaci\u00f3n Bancaria hab\u00eda convocado a una medida de fuerza en las entidades p\u00fablicas en reclamo de un bono de fin de a\u00f1o. El jefe de Gabinete, Jorge Capitanich, anunci\u00f3 esta ma\u00f1ana la conciliaci\u00f3n obligatoria para\u2026","rel":"","context":"En \u00abSociedad\u00bb","block_context":{"text":"Sociedad","link":"https:\/\/www.24baires.com\/?cat=1"},"img":{"alt_text":"Capitanich","src":"https:\/\/i0.wp.com\/www.24baires.com\/wp-content\/uploads\/2014\/01\/Capitanich.jpg?resize=350%2C200","width":350,"height":200,"srcset":"https:\/\/i0.wp.com\/www.24baires.com\/wp-content\/uploads\/2014\/01\/Capitanich.jpg?resize=350%2C200 1x, https:\/\/i0.wp.com\/www.24baires.com\/wp-content\/uploads\/2014\/01\/Capitanich.jpg?resize=525%2C300 1.5x"},"classes":[]}],"jetpack_sharing_enabled":true,"jetpack_likes_enabled":true,"_links":{"self":[{"href":"https:\/\/www.24baires.com\/index.php?rest_route=\/wp\/v2\/posts\/10550","targetHints":{"allow":["GET"]}}],"collection":[{"href":"https:\/\/www.24baires.com\/index.php?rest_route=\/wp\/v2\/posts"}],"about":[{"href":"https:\/\/www.24baires.com\/index.php?rest_route=\/wp\/v2\/types\/post"}],"author":[{"embeddable":true,"href":"https:\/\/www.24baires.com\/index.php?rest_route=\/wp\/v2\/users\/4"}],"replies":[{"embeddable":true,"href":"https:\/\/www.24baires.com\/index.php?rest_route=%2Fwp%2Fv2%2Fcomments&post=10550"}],"version-history":[{"count":2,"href":"https:\/\/www.24baires.com\/index.php?rest_route=\/wp\/v2\/posts\/10550\/revisions"}],"predecessor-version":[{"id":10552,"href":"https:\/\/www.24baires.com\/index.php?rest_route=\/wp\/v2\/posts\/10550\/revisions\/10552"}],"wp:attachment":[{"href":"https:\/\/www.24baires.com\/index.php?rest_route=%2Fwp%2Fv2%2Fmedia&parent=10550"}],"wp:term":[{"taxonomy":"category","embeddable":true,"href":"https:\/\/www.24baires.com\/index.php?rest_route=%2Fwp%2Fv2%2Fcategories&post=10550"},{"taxonomy":"post_tag","embeddable":true,"href":"https:\/\/www.24baires.com\/index.php?rest_route=%2Fwp%2Fv2%2Ftags&post=10550"}],"curies":[{"name":"wp","href":"https:\/\/api.w.org\/{rel}","templated":true}]}}