{"id":10542,"date":"2012-12-27T10:47:31","date_gmt":"2012-12-27T13:47:31","guid":{"rendered":"http:\/\/www.24baires.com\/?p=10542"},"modified":"2012-12-27T11:03:06","modified_gmt":"2012-12-27T14:03:06","slug":"promulgaron-la-ley-que-modifica-la-norma-sobre-la-trata-de-personas","status":"publish","type":"post","link":"https:\/\/www.24baires.com\/?p=10542","title":{"rendered":"Promulgaron la Ley que modifica la norma sobre la Trata de personas"},"content":{"rendered":"<p>Es la norma que modific\u00f3 la normativa sobre prevenci\u00f3n y sanci\u00f3n de la trata de personas y asistencia a las v\u00edctimas, sancionada por el Congreso el 19 de diciembre \u00faltimo.<!--more--><\/p>\n<p>La ley 26.842, que incorpora severas penas para quienes incurran en ese delito, fue publicada hoy en el Bolet\u00edn Oficial y a partir de ahora habr\u00e1 un plazo m\u00e1ximo de 90 d\u00edas para su reglamentaci\u00f3n, conforme lo establece el art\u00edculo 28 de la norma.<\/p>\n<p>A partir de esta iniciativa se crea el Consejo Federal para la Lucha contra la Trata y Explotaci\u00f3n de Personas y para la Protecci\u00f3n y Asistencia a las V\u00edctimas, que funcionar\u00e1 dentro del \u00e1mbito de la Jefatura de Gabinete de Ministros y contar\u00e1 con autonom\u00eda funcional.<\/p>\n<p>Su fin ser\u00e1 \u00abconstituir un \u00e1mbito permanente de acci\u00f3n y coordinaci\u00f3n institucional para el seguimiento de todos los temas vinculados a esta ley\u00bb.<br \/>\nEn ese mismo \u00e1mbito de la Jefatura de Gabinete se constituir\u00e1 adem\u00e1s el Comit\u00e9 Ejecutivo para la Lucha contra la Trata y Explotaci\u00f3n de Personas y para la Protecci\u00f3n y Asistencia a las V\u00edctimas para, ente otras tareas, dise\u00f1ar \u00abest\u00e1ndares de actuaci\u00f3n, protocolos y circuitos de intervenci\u00f3n que contribuyan a prevenir y combatir\u00bb los delitos de trata y explotaci\u00f3n.<\/p>\n<p>Trabajar\u00e1 adem\u00e1s en \u00abdesarrollar acciones eficaces orientadas a aumentar la capacidad de detecci\u00f3n, persecuci\u00f3n y desarticulaci\u00f3n de las redes de trata y explotaci\u00f3n\u00bb, as\u00ed como en \u00abasegurar a las v\u00edctimas el respeto y ejercicio pleno de sus derechos y garant\u00edas\u00bb.<\/p>\n<p>Asimismo se crea en el \u00e1mbito del Ministerio P\u00fablico Fiscal el Sistema Sincronizado de Denuncias sobre los Delitos de Trata y Explotaci\u00f3n de Personas.<\/p>\n<p>La norma promulgada hoy incorpora la sustituci\u00f3n del art\u00edculo 125 bis del C\u00f3digo Penal por el siguiente: \u00abEl que promoviere o facilitare la prostituci\u00f3n de una persona ser\u00e1 penado con prisi\u00f3n de cuatro a seis a\u00f1os de prisi\u00f3n, aunque mediare el consentimiento de la v\u00edctima\u00bb.<\/p>\n<p>La cuesti\u00f3n del consentimiento es uno de los cambios fundamentales de la nueva norma, ya que muchas veces no se pod\u00eda llegar a una condena porque la mujer v\u00edctima de una red de trata aseguraba que hab\u00eda consentido la relaci\u00f3n de explotaci\u00f3n o sometimiento sexual debido a que estaba amenazada.<\/p>\n<p>La pena ser\u00e1 de 5 a 10 a\u00f1os de prisi\u00f3n si \u00abmediare enga\u00f1o, fraude, violencia, amenaza o cualquier otro medio de intimidaci\u00f3n o coerci\u00f3n, abuso de autoridad o de una situaci\u00f3n de vulnerabilidad, o concesi\u00f3n o recepci\u00f3n de pagos o beneficios para obtener el consentimiento de una persona que tenga autoridad sobre la v\u00edctima\u00bb.<\/p>\n<p>Tambi\u00e9n si \u00abel autor fuere ascendiente, descendiente, c\u00f3nyuge, af\u00edn en l\u00ednea recta, colateral o conviviente, tutor, curador, autoridad o ministro de cualquier culto reconocido o no, o encargado de la educaci\u00f3n o de la guarda de la v\u00edctima\u00bb.<\/p>\n<p>Si \u00abfuere funcionario p\u00fablico o miembro de una fuerza de seguridad, policial o penitenciaria\u00bb, en tanto que si la v\u00edctima fuera menor de dieciocho a\u00f1os \u00abla pena ser\u00e1 de diez (10) a quince (15) a\u00f1os de prisi\u00f3n\u00bb.<\/p>\n<p>La modificaci\u00f3n alcanza asimismo al art\u00edculo 140 del C\u00f3digo Penal por la que qued\u00f3 establecido que \u00abser\u00e1n reprimidos con reclusi\u00f3n o prisi\u00f3n de cuatro a quince a\u00f1os el que redujere a una persona a esclavitud o servidumbre, bajo cualquier modalidad, y el que la recibiere en tal condici\u00f3n para mantenerla en ella\u00bb.<\/p>\n<p>\u00abEn la misma pena incurrir\u00e1 el que obligare a una persona a realizar trabajos o servicios forzados o a contraer matrimonio servil\u00bb, agrega el art\u00edculo.<\/p>\n<p>Se sustituye el art\u00edculo 145 bis del C\u00f3digo Penal por el siguiente: \u00abSer\u00e1 reprimido con prisi\u00f3n de cuatro (4) a ocho (8) a\u00f1os, el que ofreciere, captare, trasladare, recibiere o acogiere personas con fines de explotaci\u00f3n, ya sea dentro del territorio nacional, como desde o hacia otros pa\u00edses, aunque mediare el consentimiento de la v\u00edctima\u00bb.<\/p>\n<p>El art\u00edculo 27 de la ley 26.842 incorpora como art\u00edculo 250 \u00abqu\u00e1ter\u00bb del C\u00f3digo Procesal Penal el siguiente: \u00abSiempre que fuere posible, las declaraciones de las v\u00edctimas de los delitos de trata y explotaci\u00f3n de personas ser\u00e1n entrevistadas por un psic\u00f3logo designado por el Tribunal que ordene la medida, no pudiendo en ning\u00fan caso ser interrogadas en forma directa por las partes\u00bb.<\/p>\n<p>\u00abCuando se cuente con los recursos necesarios, las v\u00edctimas ser\u00e1n recibidas en una `Sala Gesell\u00b4, disponi\u00e9ndose la grabaci\u00f3n de la entrevista en soporte audiovisual, cuando ello pueda evitar que se repita su celebraci\u00f3n en sucesivas instancias judiciales\u00bb.<\/p>\n<p>Estipula adem\u00e1s que \u00abcuando se trate de actos de reconocimiento de lugares u objetos, la v\u00edctima ser\u00e1 acompa\u00f1ada por el profesional que designe el Tribunal no pudiendo en ning\u00fan caso estar presente el imputado\u00bb.<\/p>\n<p>La ley 26.842 fue sancionada el 19 de diciembre \u00faltimo por la C\u00e1mara de Diputados luego que el proyecto fuera incluido para su tratamiento en el marco de la convocatoria a sesiones extraordinarias impulsada por la presidenta Cristina Fern\u00e1ndez de Kirchner, tras conocerse el fallo de la justicia tucumana que absolvi\u00f3 a los 13 acusados de la desaparici\u00f3n de la joven Marita Ver\u00f3n.<\/p>\n","protected":false},"excerpt":{"rendered":"<p>Es la norma que modific\u00f3 la normativa sobre prevenci\u00f3n y sanci\u00f3n de la trata de personas y asistencia a las v\u00edctimas, sancionada por el Congreso el 19 de diciembre \u00faltimo.<\/p>\n","protected":false},"author":4,"featured_media":0,"comment_status":"open","ping_status":"open","sticky":false,"template":"","format":"standard","meta":{"_jetpack_newsletter_access":"","_jetpack_dont_email_post_to_subs":false,"_jetpack_newsletter_tier_id":0,"_jetpack_memberships_contains_paywalled_content":false,"_jetpack_memberships_contains_paid_content":false,"footnotes":""},"categories":[1],"tags":[],"class_list":["post-10542","post","type-post","status-publish","format-standard","hentry","category-sociedad"],"jetpack_featured_media_url":"","jetpack_shortlink":"https:\/\/wp.me\/p2JWE0-2K2","jetpack-related-posts":[{"id":9680,"url":"https:\/\/www.24baires.com\/?p=9680","url_meta":{"origin":10542,"position":0},"title":"Aprobar\u00e1n la reforma a la Ley de Trata","author":"AF","date":"19\/12\/2012","format":false,"excerpt":"La C\u00e1mara de Diputados sancionar\u00e1 el texto proveniente del Senado que aumenta las penas por este delito y elimina el consentimiento como causal para eximir a los acusados de responsabilidad penal. La sesi\u00f3n fue convocada para las 13. La C\u00e1mara de Diputados convertir\u00e1 en ley este mi\u00e9rcoles las modificaciones a\u2026","rel":"","context":"En \u00abSociedad\u00bb","block_context":{"text":"Sociedad","link":"https:\/\/www.24baires.com\/?cat=1"},"img":{"alt_text":"congreso nacional","src":"https:\/\/i0.wp.com\/www.24baires.com\/wp-content\/uploads\/2012\/12\/congreso-nacional.jpg?resize=350%2C200","width":350,"height":200},"classes":[]},{"id":31757,"url":"https:\/\/www.24baires.com\/?p=31757","url_meta":{"origin":10542,"position":1},"title":"Obtuvo media sanci\u00f3n el proyecto para penar a los clientes de  trata","author":"GB","date":"12\/09\/2013","format":false,"excerpt":"Se aprob\u00f3 en el Senado el proyecto que plantea modificar el C\u00f3digo Penal para penalizar al cliente de prostituci\u00f3n. La iniciativa se present\u00f3 en abril y hoy fue enviada a Diputados. La C\u00e1mara de Senadores aprob\u00f3 hoy y envi\u00f3 a Diputados un proyecto de ley que modifica el C\u00f3digo Penal\u2026","rel":"","context":"En \u00abPol\u00edtica\u00bb","block_context":{"text":"Pol\u00edtica","link":"https:\/\/www.24baires.com\/?cat=51"},"img":{"alt_text":"","src":"","width":0,"height":0},"classes":[]},{"id":121326,"url":"https:\/\/www.24baires.com\/?p=121326","url_meta":{"origin":10542,"position":2},"title":"Guillermo Francos admiti\u00f3 que el Gobierno analiza cambios en el RIGI y Ganancias","author":"GB","date":"10\/05\/2024","format":false,"excerpt":"Se trata de dos puntos clave de la Ley Bases que generan fuerte resistencia entre los senadores de la oposici\u00f3n. De prosperar los cambios, el proyecto deber\u00e1 volver a Diputados. Tras el fracaso en el periodo de sesiones extraordinarias, el gobierno de Javier Milei volvi\u00f3 a la carga con la\u2026","rel":"","context":"En \u00abPol\u00edtica\u00bb","block_context":{"text":"Pol\u00edtica","link":"https:\/\/www.24baires.com\/?cat=51"},"img":{"alt_text":"","src":"https:\/\/i0.wp.com\/www.24baires.com\/wp-content\/uploads\/2024\/05\/guillermo-francos.webp?resize=350%2C200","width":350,"height":200,"srcset":"https:\/\/i0.wp.com\/www.24baires.com\/wp-content\/uploads\/2024\/05\/guillermo-francos.webp?resize=350%2C200 1x, https:\/\/i0.wp.com\/www.24baires.com\/wp-content\/uploads\/2024\/05\/guillermo-francos.webp?resize=525%2C300 1.5x, https:\/\/i0.wp.com\/www.24baires.com\/wp-content\/uploads\/2024\/05\/guillermo-francos.webp?resize=700%2C400 2x"},"classes":[]},{"id":120061,"url":"https:\/\/www.24baires.com\/?p=120061","url_meta":{"origin":10542,"position":3},"title":"Entr\u00f3 en vigencia el alcohol cero al volante","author":"GB","date":"03\/05\/2023","format":false,"excerpt":"El gobierno nacional promulg\u00f3 la ley de alcohol cero que hab\u00eda sancionado el Congreso a mediados de abril. Tras la aprobaci\u00f3n del Congreso, el gobierno nacional promulg\u00f3 y puso en vigencia la Ley 27.714 que modifica el inciso A del art\u00edculo 48 de la Ley Nacional de Tr\u00e1nsito. Quienes la\u2026","rel":"","context":"En \u00abSociedad\u00bb","block_context":{"text":"Sociedad","link":"https:\/\/www.24baires.com\/?cat=1"},"img":{"alt_text":"","src":"https:\/\/i0.wp.com\/www.24baires.com\/wp-content\/uploads\/2022\/10\/alcoholemia.jpg?resize=350%2C200","width":350,"height":200,"srcset":"https:\/\/i0.wp.com\/www.24baires.com\/wp-content\/uploads\/2022\/10\/alcoholemia.jpg?resize=350%2C200 1x, https:\/\/i0.wp.com\/www.24baires.com\/wp-content\/uploads\/2022\/10\/alcoholemia.jpg?resize=525%2C300 1.5x, https:\/\/i0.wp.com\/www.24baires.com\/wp-content\/uploads\/2022\/10\/alcoholemia.jpg?resize=700%2C400 2x"},"classes":[]},{"id":987,"url":"https:\/\/www.24baires.com\/?p=987","url_meta":{"origin":10542,"position":4},"title":"La Ministra \u00c1lvarez Rodr\u00edguez aplaudi\u00f3 las modificaciones contra la violencia de g\u00e9nero del C\u00f3digo Penal","author":"Grupo Sierra","date":"04\/10\/2012","format":false,"excerpt":"La ministra de Gobierno bonaerense, Cristina Alvarez Rodr\u00edguez, celebr\u00f3 desde Balcarce que el Senado de la Naci\u00f3n haya aprobado una ley que modifica el C\u00f3digo Penal e impone penas de reclusi\u00f3n perpetua a los hombres que asesinen a mujeres o a personas que se consideran a s\u00ed mismas con identidad\u2026","rel":"","context":"En \u00abSociedad\u00bb","block_context":{"text":"Sociedad","link":"https:\/\/www.24baires.com\/?cat=1"},"img":{"alt_text":"","src":"https:\/\/i0.wp.com\/www.24baires.com\/wp-content\/uploads\/2012\/10\/alvarez-rodriguez-cristina.jpg?resize=350%2C200","width":350,"height":200,"srcset":"https:\/\/i0.wp.com\/www.24baires.com\/wp-content\/uploads\/2012\/10\/alvarez-rodriguez-cristina.jpg?resize=350%2C200 1x, https:\/\/i0.wp.com\/www.24baires.com\/wp-content\/uploads\/2012\/10\/alvarez-rodriguez-cristina.jpg?resize=525%2C300 1.5x"},"classes":[]},{"id":118073,"url":"https:\/\/www.24baires.com\/?p=118073","url_meta":{"origin":10542,"position":5},"title":"Advierten que Macri deber\u00eda haber sido sancionado por el blanqueo a sus familiares","author":"AF","date":"29\/09\/2021","format":false,"excerpt":"As\u00ed lo indic\u00f3 el exvicepresidente del JP Morgan Hern\u00e1n Arbizu y especul\u00f3 que la familia del expresidente se acogi\u00f3 al blanqueo \"porque los bancos donde ten\u00edan la plata les dijeron que emprolijaran\" sus cuentas porque \"era un problema para ellos\". El exvicepresidente del JP Morgan, Hern\u00e1n Arbizu, advirti\u00f3 que la\u2026","rel":"","context":"En \u00abJUDICIALES\u00bb","block_context":{"text":"JUDICIALES","link":"https:\/\/www.24baires.com\/?cat=68"},"img":{"alt_text":"","src":"https:\/\/i0.wp.com\/www.24baires.com\/wp-content\/uploads\/2019\/08\/macri.png?resize=350%2C200","width":350,"height":200,"srcset":"https:\/\/i0.wp.com\/www.24baires.com\/wp-content\/uploads\/2019\/08\/macri.png?resize=350%2C200 1x, https:\/\/i0.wp.com\/www.24baires.com\/wp-content\/uploads\/2019\/08\/macri.png?resize=525%2C300 1.5x"},"classes":[]}],"jetpack_sharing_enabled":true,"jetpack_likes_enabled":true,"_links":{"self":[{"href":"https:\/\/www.24baires.com\/index.php?rest_route=\/wp\/v2\/posts\/10542","targetHints":{"allow":["GET"]}}],"collection":[{"href":"https:\/\/www.24baires.com\/index.php?rest_route=\/wp\/v2\/posts"}],"about":[{"href":"https:\/\/www.24baires.com\/index.php?rest_route=\/wp\/v2\/types\/post"}],"author":[{"embeddable":true,"href":"https:\/\/www.24baires.com\/index.php?rest_route=\/wp\/v2\/users\/4"}],"replies":[{"embeddable":true,"href":"https:\/\/www.24baires.com\/index.php?rest_route=%2Fwp%2Fv2%2Fcomments&post=10542"}],"version-history":[{"count":2,"href":"https:\/\/www.24baires.com\/index.php?rest_route=\/wp\/v2\/posts\/10542\/revisions"}],"predecessor-version":[{"id":10545,"href":"https:\/\/www.24baires.com\/index.php?rest_route=\/wp\/v2\/posts\/10542\/revisions\/10545"}],"wp:attachment":[{"href":"https:\/\/www.24baires.com\/index.php?rest_route=%2Fwp%2Fv2%2Fmedia&parent=10542"}],"wp:term":[{"taxonomy":"category","embeddable":true,"href":"https:\/\/www.24baires.com\/index.php?rest_route=%2Fwp%2Fv2%2Fcategories&post=10542"},{"taxonomy":"post_tag","embeddable":true,"href":"https:\/\/www.24baires.com\/index.php?rest_route=%2Fwp%2Fv2%2Ftags&post=10542"}],"curies":[{"name":"wp","href":"https:\/\/api.w.org\/{rel}","templated":true}]}}