{"id":10523,"date":"2012-12-27T09:23:55","date_gmt":"2012-12-27T12:23:55","guid":{"rendered":"http:\/\/www.24baires.com\/?p=10523"},"modified":"2012-12-27T10:28:14","modified_gmt":"2012-12-27T13:28:14","slug":"autonomistas-volveran-a-cortar-la-ruta-2-para-intensificar-sus-reclamos","status":"publish","type":"post","link":"https:\/\/www.24baires.com\/?p=10523","title":{"rendered":"Autonomistas volver\u00e1n a cortar la autopista 2 para intensificar sus reclamos"},"content":{"rendered":"<p>Los movimientos autonomistas de la provincia de Buenos Aires realizar\u00e1n un corte de ruta el pr\u00f3ximo s\u00e1bado en la ruta 2 a 13 kil\u00f3metros del ingreso a Mar del Plata, a la altura del parque acu\u00e1tico, y prometen realizar manifestaciones a lo largo de todo el verano.<!--more--><\/p>\n<p>La decisi\u00f3n adoptada d\u00edas atr\u00e1s se fundament\u00f3 en que la C\u00e1mara de Diputados decidiera no tratar este el proyecto de ley-marco que establece los par\u00e1metros que deben cumplir las localidades que desean transformarse en municipios.<\/p>\n<p>Tras la negativa de los legisladores, los grupos autonomistas decidieron intensificar sus reclamos con cortes de ruta que arrancar\u00e1n el s\u00e1bado, a la altura de Lezama, en el inicio del movimiento tur\u00edstico. Pero un d\u00eda antes podr\u00edan iniciar las movidas con otro corte, tambi\u00e9n en ruta 2, pero en Alpargatas. De la decisi\u00f3n de movilizarse participan vecinos de Quequ\u00e9n, Huanguel\u00e9n, Altos del Tr\u00e1nsito, Lima y otras localidades que vienen pugnando por separarse de las ciudades cabeceras.<\/p>\n<p>Ya en el \u00faltimo fin de semana largo de noviembre vecinos de Quequ\u00e9n, que buscan la independencia de Necochea, con apoyo de Huanguel\u00e9n, Santa Clara del Mar y Othamendi, protestaron sobre el kil\u00f3metro 386 de la ruta 2, lo que produjo colas de hasta 12 kil\u00f3metros.<\/p>\n<p>&nbsp;<\/p>\n<p>&nbsp;<\/p>\n<p>&nbsp;<\/p>\n<p>&nbsp;<\/p>\n<p>&nbsp;<\/p>\n<p>&nbsp;<\/p>\n<p>&nbsp;<\/p>\n<p>&nbsp;<\/p>\n<p>&nbsp;<\/p>\n<p>&nbsp;<\/p>\n<p>&nbsp;<\/p>\n<p>&nbsp;<\/p>\n<p>&nbsp;<\/p>\n<p>&nbsp;<\/p>\n<p>&nbsp;<\/p>\n<p>&nbsp;<\/p>\n<p>&nbsp;<\/p>\n<p>&nbsp;<\/p>\n<p>&nbsp;<\/p>\n<p>&nbsp;<\/p>\n<p>&nbsp;<\/p>\n<p>&nbsp;<\/p>\n<p>&nbsp;<\/p>\n<p>&nbsp;<\/p>\n<p>&nbsp;<\/p>\n<p>&nbsp;<\/p>\n<p>&nbsp;<\/p>\n<p>&nbsp;<\/p>\n<p>&nbsp;<\/p>\n<p>&nbsp;<\/p>\n<p>&nbsp;<\/p>\n<p>&nbsp;<\/p>\n<p>&nbsp;<\/p>\n<p>&nbsp;<\/p>\n<p>&nbsp;<\/p>\n<p>&nbsp;<\/p>\n<p>&nbsp;<\/p>\n<p>&nbsp;<\/p>\n<p>&nbsp;<\/p>\n<p>&nbsp;<\/p>\n<p>&nbsp;<\/p>\n<p>&nbsp;<\/p>\n<p>&nbsp;<\/p>\n","protected":false},"excerpt":{"rendered":"<p>Los movimientos autonomistas de la provincia de Buenos Aires realizar\u00e1n un corte de ruta el pr\u00f3ximo s\u00e1bado en la ruta 2 a 13 kil\u00f3metros del ingreso a Mar del Plata, a la altura del parque acu\u00e1tico, y prometen realizar manifestaciones a lo largo de todo el verano.<\/p>\n","protected":false},"author":4,"featured_media":0,"comment_status":"open","ping_status":"open","sticky":false,"template":"","format":"standard","meta":{"_jetpack_newsletter_access":"","_jetpack_dont_email_post_to_subs":false,"_jetpack_newsletter_tier_id":0,"_jetpack_memberships_contains_paywalled_content":false,"_jetpack_memberships_contains_paid_content":false,"footnotes":""},"categories":[1],"tags":[],"class_list":["post-10523","post","type-post","status-publish","format-standard","hentry","category-sociedad"],"jetpack_featured_media_url":"","jetpack_shortlink":"https:\/\/wp.me\/p2JWE0-2JJ","jetpack-related-posts":[{"id":9997,"url":"https:\/\/www.24baires.com\/?p=9997","url_meta":{"origin":10523,"position":0},"title":"Autonomistas vuelven a cortar las rutas para hacer o\u00edr sus reclamos","author":"AF","date":"21\/12\/2012","format":false,"excerpt":"El s\u00e1bado 29 ocupar\u00e1n ruta 2 a la altura de Lezama, en el inicio de la temporada. Seguir\u00e1n todo el verano. Los movimientos autonomistas de la Provincia resolvieron intensificar las protestas y anunciaron que realizar\u00e1n cortes de ruta durante todo el verano. La decisi\u00f3n fue adoptada este jueves luego de\u2026","rel":"","context":"En \u00abSociedad\u00bb","block_context":{"text":"Sociedad","link":"https:\/\/www.24baires.com\/?cat=1"},"img":{"alt_text":"autonomistas quequ\u00e9n","src":"https:\/\/i0.wp.com\/www.24baires.com\/wp-content\/uploads\/2012\/11\/autonomistas-quequ%C3%A9n-300x191.jpg?resize=350%2C200","width":350,"height":200},"classes":[]},{"id":6220,"url":"https:\/\/www.24baires.com\/?p=6220","url_meta":{"origin":10523,"position":1},"title":"Autonomistas vuelven a reclamar cortando rutas","author":"AF","date":"21\/11\/2012","format":false,"excerpt":"Un grupo de movimientos autonomistas de la Provincia decidi\u00f3 endurecer sus reclamos y realizar\u00e1 durante el fin de semana largo cortes en la ruta 2 y en distintas lugares del Conurbano. En medio del fuerte movimiento que se aguarda por el fin de semana largo, la Asociaci\u00f3n Nuevos Municipios resolvi\u00f3\u2026","rel":"","context":"En \u00abSociedad\u00bb","block_context":{"text":"Sociedad","link":"https:\/\/www.24baires.com\/?cat=1"},"img":{"alt_text":"","src":"https:\/\/i0.wp.com\/www.24baires.com\/wp-content\/uploads\/2012\/11\/autonomistasquequen1-300x198.jpg?resize=350%2C200","width":350,"height":200},"classes":[]},{"id":4505,"url":"https:\/\/www.24baires.com\/?p=4505","url_meta":{"origin":10523,"position":2},"title":"El pr\u00f3ximo fin de semana largo los autonomistas volver\u00e1n a las rutas","author":"Grupo Sierra","date":"05\/11\/2012","format":false,"excerpt":"Aseguran que \u201cnadie\u201d los atiende en el Gobierno y que no avanzan los proyectos para crear nuevos distritos. La idea que se maneja por estas horas es producir un corte en la ruta 2 a la altura de Alpargatas, justo cuando se inicie el fin de semana largo de los\u2026","rel":"","context":"En \u00abPol\u00edtica\u00bb","block_context":{"text":"Pol\u00edtica","link":"https:\/\/www.24baires.com\/?cat=51"},"img":{"alt_text":"","src":"https:\/\/i0.wp.com\/www.24baires.com\/wp-content\/uploads\/2012\/11\/quequen-automistas-300x183.jpg?resize=350%2C200","width":350,"height":200},"classes":[]},{"id":6383,"url":"https:\/\/www.24baires.com\/?p=6383","url_meta":{"origin":10523,"position":3},"title":"Autonomistas volver\u00e1n a cortar rutas durante el pr\u00f3ximo fin de semana largo","author":"AF","date":"22\/11\/2012","format":false,"excerpt":"La Asociaci\u00f3n Nuevos Municipios, resolvi\u00f3 realizar un corte en Ruta N\u00ba 2, el pr\u00f3ximo viernes 23 a partir de las 18, a la altura de Alpargatas. La medida prevista para el fin de semana largo, es en reclamo por el avance de los proyectos para crear nuevas comunas y la\u2026","rel":"","context":"En \u00abSociedad\u00bb","block_context":{"text":"Sociedad","link":"https:\/\/www.24baires.com\/?cat=1"},"img":{"alt_text":"","src":"https:\/\/i0.wp.com\/www.24baires.com\/wp-content\/uploads\/2012\/11\/autonomistas-quequ%C3%A9n.jpg?resize=350%2C200","width":350,"height":200,"srcset":"https:\/\/i0.wp.com\/www.24baires.com\/wp-content\/uploads\/2012\/11\/autonomistas-quequ%C3%A9n.jpg?resize=350%2C200 1x, https:\/\/i0.wp.com\/www.24baires.com\/wp-content\/uploads\/2012\/11\/autonomistas-quequ%C3%A9n.jpg?resize=525%2C300 1.5x"},"classes":[]},{"id":11813,"url":"https:\/\/www.24baires.com\/?p=11813","url_meta":{"origin":10523,"position":4},"title":"Autonomistas de Quequ\u00e9n no cortar\u00e1n la Ruta 2, s\u00f3lo se manifestar\u00e1n sobre la banquina","author":"AF","date":"11\/01\/2013","format":false,"excerpt":"Los manifestantes s\u00f3lo estar\u00e1n en la banquina de la autov\u00eda con pancartas en respaldo de su reclamo. El integrante del movimiento autonomista de Quequ\u00e9n, Mat\u00edas Asife, dijo que estuvimos en la Carpa de la Esperanza para preparar las actividades que se realizar\u00e1n este fin de semana en la Autov\u00eda 2.\u2026","rel":"","context":"En \u00abSociedad\u00bb","block_context":{"text":"Sociedad","link":"https:\/\/www.24baires.com\/?cat=1"},"img":{"alt_text":"autonomistas quequ\u00e9n 4","src":"https:\/\/i0.wp.com\/www.24baires.com\/wp-content\/uploads\/2013\/01\/autonomistas-quequ%C3%A9n-4.jpg?resize=350%2C200","width":350,"height":200},"classes":[]},{"id":53773,"url":"https:\/\/www.24baires.com\/?p=53773","url_meta":{"origin":10523,"position":5},"title":"Piden nuevos municipios mediante cortes de ruta","author":"Grupo Sierra","date":"16\/09\/2014","format":false,"excerpt":"Movimientos autonomistas reclaman la sanci\u00f3n de una ley en la Legislatura. Y advierten que saldr\u00e1n a la Ruta 2 el pr\u00f3ximo fin de semana. Vecinos de distintos puntos de la Provincia enrolados en un movimiento que reclama la autonom\u00eda de sus pueblos anunciaron ayer que saldr\u00e1n a realizar una protesta\u2026","rel":"","context":"En \u00abProvincia\u00bb","block_context":{"text":"Provincia","link":"https:\/\/www.24baires.com\/?cat=40"},"img":{"alt_text":"corte ruta 2","src":"https:\/\/i0.wp.com\/www.24baires.com\/wp-content\/uploads\/2014\/09\/corte-ruta-2-300x168.jpg?resize=350%2C200","width":350,"height":200},"classes":[]}],"jetpack_sharing_enabled":true,"jetpack_likes_enabled":true,"_links":{"self":[{"href":"https:\/\/www.24baires.com\/index.php?rest_route=\/wp\/v2\/posts\/10523","targetHints":{"allow":["GET"]}}],"collection":[{"href":"https:\/\/www.24baires.com\/index.php?rest_route=\/wp\/v2\/posts"}],"about":[{"href":"https:\/\/www.24baires.com\/index.php?rest_route=\/wp\/v2\/types\/post"}],"author":[{"embeddable":true,"href":"https:\/\/www.24baires.com\/index.php?rest_route=\/wp\/v2\/users\/4"}],"replies":[{"embeddable":true,"href":"https:\/\/www.24baires.com\/index.php?rest_route=%2Fwp%2Fv2%2Fcomments&post=10523"}],"version-history":[{"count":3,"href":"https:\/\/www.24baires.com\/index.php?rest_route=\/wp\/v2\/posts\/10523\/revisions"}],"predecessor-version":[{"id":10525,"href":"https:\/\/www.24baires.com\/index.php?rest_route=\/wp\/v2\/posts\/10523\/revisions\/10525"}],"wp:attachment":[{"href":"https:\/\/www.24baires.com\/index.php?rest_route=%2Fwp%2Fv2%2Fmedia&parent=10523"}],"wp:term":[{"taxonomy":"category","embeddable":true,"href":"https:\/\/www.24baires.com\/index.php?rest_route=%2Fwp%2Fv2%2Fcategories&post=10523"},{"taxonomy":"post_tag","embeddable":true,"href":"https:\/\/www.24baires.com\/index.php?rest_route=%2Fwp%2Fv2%2Ftags&post=10523"}],"curies":[{"name":"wp","href":"https:\/\/api.w.org\/{rel}","templated":true}]}}