{"id":105185,"date":"2018-10-30T20:40:07","date_gmt":"2018-10-30T23:40:07","guid":{"rendered":"http:\/\/www.24baires.com\/?p=105185"},"modified":"2018-10-30T20:40:07","modified_gmt":"2018-10-30T23:40:07","slug":"un-mundo-chiquito","status":"publish","type":"post","link":"https:\/\/www.24baires.com\/?p=105185","title":{"rendered":"Un mundo chiquito"},"content":{"rendered":"<p><img data-recalc-dims=\"1\" loading=\"lazy\" decoding=\"async\" src=\"https:\/\/i0.wp.com\/www.24baires.com\/wp-content\/uploads\/2018\/10\/WhatsApp-Image-2018-10-30-at-20.38.25.jpeg?resize=560%2C321\" alt=\"\" width=\"560\" height=\"321\" class=\"aligncenter size-full wp-image-105186\" srcset=\"https:\/\/i0.wp.com\/www.24baires.com\/wp-content\/uploads\/2018\/10\/WhatsApp-Image-2018-10-30-at-20.38.25.jpeg?w=560&amp;ssl=1 560w, https:\/\/i0.wp.com\/www.24baires.com\/wp-content\/uploads\/2018\/10\/WhatsApp-Image-2018-10-30-at-20.38.25.jpeg?resize=300%2C172&amp;ssl=1 300w\" sizes=\"auto, (max-width: 560px) 100vw, 560px\" \/>Este mundo cada vez es m\u00e1s chiquito, \u00bfhas visto? Gobernado por gente chiquita, con mentes chiquitas, que quiere un mundo chiquito, para ellos solos. Un mundo sin colores, sin voces disidentes, sin fraternidad, donde puedan mirar desde arriba, y si alguna cabeza se levanta, aplastar.<!--more--><\/p>\n<p>\u00bfNo sent\u00eds c\u00f3mo se achica el mundo? Cada vez que triunfa el totalitarismo -mediante los votos o las botas-, todo se encoge, a veces de miedo, otras veces a los golpes: las tiran\u00edas saben c\u00f3mo amoldar las sociedades a sus antojos y necesidades. De eso se trata el fascismo, de eso se trata este virage suicida hacia la derecha. El pueblo eligiendo sus propios sicarios es una crueldad extra, que se suma al saqueo de nuestros recursos, a la eliminaci\u00f3n de nuestras industrias nacionales, al aumento extraordinario de las arcas de los que m\u00e1s tienen en detrimento de las nuestras. El pueblo votando racistas, mis\u00f3ginos, homof\u00f3bicos, violentos de toda cala\u00f1a. El pueblo pagando con sudor y sangre la bala que lo mata.<\/p>\n<p>Porque el fascismo avanza en Latinoam\u00e9rica con pies de odio: donde pisa, mata. Porque el odio consume, destruye, arrasa. Hace del inmenso mundo, eso, un lugar chiquito. Donde millones y millones no vamos a caber.<\/p>\n<p>La derecha le encontr\u00f3 la vuelta a la democracia que supimos conquistar muy a pesar de ellos, hicieron de la tolerancia declamada la cuna donde empezar a germinar el despotismo. Y ahora est\u00e1n ah\u00ed, plet\u00f3ricos. Arengando los corazones rencorosos, incentibando la desconfianza en el otro, estigmatizando minor\u00edas, azuzando las llamas de la barbarie. Pobres contra pobres, mientras ellos, la elite poderosa, ataca las instituciones, vac\u00eda el Estado, destruye la educaci\u00f3n, hace de la salud y el trabajo un privilegio y nos sumerge en la miseria por generaciones.<\/p>\n<p>No cabemos en este mundo que proponen los Bolsonaro. Es que no hay lugar ni para la mayor\u00eda de los que lo votaron. Porque la derrota ha sido cultural, porque \u00e9sa era y es la batalla. Y perdimos, seguro, porque los que festejan son quienes creen que son due\u00f1os de las vidas de los otros, festejan los que creen que est\u00e1s enferma si te enamor\u00e1s de alguien de tu mismo sexo. Est\u00e1n alegres quienes discriminan a las personas por el color de su piel, est\u00e1n exultantes los que ven a los sectores m\u00e1s vulnerados como enemigos a exterminar. Porque festejan los que mataron a Marielle Franco por mujer, por negra, por lesbiana, por luchadora, por pueblo.<\/p>\n<p>Claro que nos quieren tristes, desunidos. Derrotados, fuera de su mundo chiquito. Por eso nos golpean, nos hambrean, nos humillan, nos violentan, nos matan. Entonces me pregunto, con una congoja que quiero transformar en fuerza: \u00bfcu\u00e1nta sangre har\u00e1 falta para ahogar tanto fascismo? Me pregunto esto en mi propio pa\u00eds arrasado por el odio, donde tambi\u00e9n cambiamos futuro por pasado. Me pregunto esto con una pena que atenaza la garganta, una tristeza que quiero transformar en lucha. Porque no hay margen de duda, no hay espacio para vacilaciones, no podemos ceder ante ellos. No est\u00e1 permitido retroceder. Resistir es la tarea. Y no tengo opci\u00f3n, o, mejor dicho, no la quiero: dijimos hasta la Victoria, siempre. Y, como dice el poeta, hoy es siempre, todav\u00eda.<\/p>\n","protected":false},"excerpt":{"rendered":"<p>Este mundo cada vez es m\u00e1s chiquito, \u00bfhas visto? Gobernado por gente chiquita, con mentes chiquitas, que quiere un mundo chiquito, para ellos solos. Un mundo sin colores, sin voces disidentes, sin fraternidad, donde puedan mirar desde arriba, y si alguna cabeza se levanta, aplastar.<\/p>\n","protected":false},"author":4,"featured_media":0,"comment_status":"open","ping_status":"open","sticky":false,"template":"","format":"standard","meta":{"_jetpack_newsletter_access":"","_jetpack_dont_email_post_to_subs":false,"_jetpack_newsletter_tier_id":0,"_jetpack_memberships_contains_paywalled_content":false,"_jetpack_memberships_contains_paid_content":false,"footnotes":""},"categories":[64],"tags":[],"class_list":["post-105185","post","type-post","status-publish","format-standard","hentry","category-opinion"],"jetpack_featured_media_url":"","jetpack_shortlink":"https:\/\/wp.me\/p2JWE0-rmx","jetpack-related-posts":[{"id":120720,"url":"https:\/\/www.24baires.com\/?p=120720","url_meta":{"origin":105185,"position":0},"title":"Ruta 11: Arrancan las obras para la autov\u00eda entre Villa Gesell y Mar Chiquita","author":"GB","date":"05\/12\/2023","format":false,"excerpt":"La intervenci\u00f3n sobre Ruta 11, entre Villa Gesell \u2013 Mar Chiquita cuenta con una inversi\u00f3n de 130 millones de d\u00f3lares con fondos del BID. En medio de la incertidumbre ante la posible paralizaci\u00f3n de la obra p\u00fablica nacional y su impacto en las ciudades bonaerenses, una importante noticia fue confirmada\u2026","rel":"","context":"En \u00abProvincia\u00bb","block_context":{"text":"Provincia","link":"https:\/\/www.24baires.com\/?cat=40"},"img":{"alt_text":"","src":"https:\/\/i0.wp.com\/www.24baires.com\/wp-content\/uploads\/2023\/12\/autopista.webp?resize=350%2C200","width":350,"height":200,"srcset":"https:\/\/i0.wp.com\/www.24baires.com\/wp-content\/uploads\/2023\/12\/autopista.webp?resize=350%2C200 1x, https:\/\/i0.wp.com\/www.24baires.com\/wp-content\/uploads\/2023\/12\/autopista.webp?resize=525%2C300 1.5x, https:\/\/i0.wp.com\/www.24baires.com\/wp-content\/uploads\/2023\/12\/autopista.webp?resize=700%2C400 2x"},"classes":[]},{"id":100831,"url":"https:\/\/www.24baires.com\/?p=100831","url_meta":{"origin":105185,"position":1},"title":"Echaron a un funcionario de Mar Chiquita por comentarios xen\u00f3fobos","author":"GB","date":"02\/03\/2018","format":false,"excerpt":"El Secretario de Seguridad del distrito cuestion\u00f3 en sus redes sociales la atenci\u00f3n m\u00e9dica gratuita a los bolivianos. Un funcionario del municipio bonaerense de Mar Chiquita fue apartado de su cargo por hacer comentarios xen\u00f3fobos contra la comunidad boliviana. Se trata del secretario de Seguridad, Julio Razona, que cuestion\u00f3 la\u2026","rel":"","context":"En \u00abMunicipios\u00bb","block_context":{"text":"Municipios","link":"https:\/\/www.24baires.com\/?cat=44"},"img":{"alt_text":"","src":"https:\/\/i0.wp.com\/www.24baires.com\/wp-content\/uploads\/2018\/03\/funcionario-mar-chiquita.jpg?resize=350%2C200","width":350,"height":200,"srcset":"https:\/\/i0.wp.com\/www.24baires.com\/wp-content\/uploads\/2018\/03\/funcionario-mar-chiquita.jpg?resize=350%2C200 1x, https:\/\/i0.wp.com\/www.24baires.com\/wp-content\/uploads\/2018\/03\/funcionario-mar-chiquita.jpg?resize=525%2C300 1.5x"},"classes":[]},{"id":115115,"url":"https:\/\/www.24baires.com\/?p=115115","url_meta":{"origin":105185,"position":2},"title":"Mar Chiquita habilita \u00abvueltas a la manzana\u00bb con una prueba piloto","author":"AF","date":"23\/05\/2020","format":false,"excerpt":"Sin casos confirmados, Mar Chiquita har\u00e1 una prueba de cuatro d\u00edas para que sus vecinos puedan circular. El jefe comunal de Mar Chiquita, Jorge Paredi, anunci\u00f3 que desde el s\u00e1bado 23 al martes 26 de mayo inclusive, de 8 a 17 horas, los vecinos de su comunidad podr\u00e1n circular en\u2026","rel":"","context":"En \u00abLocales\u00bb","block_context":{"text":"Locales","link":"https:\/\/www.24baires.com\/?cat=38"},"img":{"alt_text":"","src":"https:\/\/i0.wp.com\/www.24baires.com\/wp-content\/uploads\/2014\/01\/laguna-mar-chiquita.jpg?resize=350%2C200","width":350,"height":200,"srcset":"https:\/\/i0.wp.com\/www.24baires.com\/wp-content\/uploads\/2014\/01\/laguna-mar-chiquita.jpg?resize=350%2C200 1x, https:\/\/i0.wp.com\/www.24baires.com\/wp-content\/uploads\/2014\/01\/laguna-mar-chiquita.jpg?resize=525%2C300 1.5x"},"classes":[]},{"id":100783,"url":"https:\/\/www.24baires.com\/?p=100783","url_meta":{"origin":105185,"position":3},"title":"El jueves comienza a construirse la primera escuela sustentable de Argentina","author":"GB","date":"28\/02\/2018","format":false,"excerpt":"La obra se iniciar\u00e1 este jueves en Mar Chiquita y estar\u00e1 lista en s\u00f3lo 45 d\u00edas. La fuente de energ\u00eda el\u00e9ctrica ser\u00e1 una red de paneles solares y contar\u00e1 un sistema para la reutilizaci\u00f3n del agua de lluvia. El pr\u00f3ximo jueves 1\u00b0 de marzo comenzar\u00e1 la construcci\u00f3n de la primera\u2026","rel":"","context":"En \u00abSociedad\u00bb","block_context":{"text":"Sociedad","link":"https:\/\/www.24baires.com\/?cat=1"},"img":{"alt_text":"","src":"https:\/\/i0.wp.com\/www.24baires.com\/wp-content\/uploads\/2018\/02\/alumno.jpg?resize=350%2C200","width":350,"height":200,"srcset":"https:\/\/i0.wp.com\/www.24baires.com\/wp-content\/uploads\/2018\/02\/alumno.jpg?resize=350%2C200 1x, https:\/\/i0.wp.com\/www.24baires.com\/wp-content\/uploads\/2018\/02\/alumno.jpg?resize=525%2C300 1.5x"},"classes":[]},{"id":103039,"url":"https:\/\/www.24baires.com\/?p=103039","url_meta":{"origin":105185,"position":4},"title":"Mar Chiquita: comenzaron las clases en la primera escuela sustentable de Argentina","author":"GB","date":"28\/06\/2018","format":false,"excerpt":"Tras la finalizaci\u00f3n del proyecto llevado adelante por la ONG uruguaya Tagma en la localidad balnearia bonaerense, los alumnos de la primaria N\u00b012 iniciaron las actividades en el nuevo espacio. Finalizada la construcci\u00f3n llevada adelante por la ONG uruguaya Tagma, los estudiantes de la primaria N\u00b012 comenzaron esta semana las\u2026","rel":"","context":"En \u00abSociedad\u00bb","block_context":{"text":"Sociedad","link":"https:\/\/www.24baires.com\/?cat=1"},"img":{"alt_text":"","src":"https:\/\/i0.wp.com\/www.24baires.com\/wp-content\/uploads\/2018\/06\/escuela-sustentable-mar-chiquita.jpg?resize=350%2C200","width":350,"height":200,"srcset":"https:\/\/i0.wp.com\/www.24baires.com\/wp-content\/uploads\/2018\/06\/escuela-sustentable-mar-chiquita.jpg?resize=350%2C200 1x, https:\/\/i0.wp.com\/www.24baires.com\/wp-content\/uploads\/2018\/06\/escuela-sustentable-mar-chiquita.jpg?resize=525%2C300 1.5x"},"classes":[]},{"id":99547,"url":"https:\/\/www.24baires.com\/?p=99547","url_meta":{"origin":105185,"position":5},"title":"Buscan cobrar \u00abpeaje\u00bb para ingresar a un pueblo de Mar Chiquita","author":"AF","date":"20\/12\/2017","format":false,"excerpt":"El intendente de Mar Chiquita, Carlos Ronda (Cambiemos), desat\u00f3 la pol\u00e9mica al presentar el proyecto de Presupuesto en el Concejo Deliberante y en uno de los art\u00edculos pide cobrar una especie de \u201cpeaje\u201d para ingresar a uno de los pueblos de ese partido costero. El art\u00edculo 71 del Presupuesto prev\u00e9\u2026","rel":"","context":"En \u00abLocales\u00bb","block_context":{"text":"Locales","link":"https:\/\/www.24baires.com\/?cat=38"},"img":{"alt_text":"","src":"https:\/\/i0.wp.com\/www.24baires.com\/wp-content\/uploads\/2014\/01\/laguna-mar-chiquita.jpg?resize=350%2C200","width":350,"height":200,"srcset":"https:\/\/i0.wp.com\/www.24baires.com\/wp-content\/uploads\/2014\/01\/laguna-mar-chiquita.jpg?resize=350%2C200 1x, https:\/\/i0.wp.com\/www.24baires.com\/wp-content\/uploads\/2014\/01\/laguna-mar-chiquita.jpg?resize=525%2C300 1.5x"},"classes":[]}],"jetpack_sharing_enabled":true,"jetpack_likes_enabled":true,"_links":{"self":[{"href":"https:\/\/www.24baires.com\/index.php?rest_route=\/wp\/v2\/posts\/105185","targetHints":{"allow":["GET"]}}],"collection":[{"href":"https:\/\/www.24baires.com\/index.php?rest_route=\/wp\/v2\/posts"}],"about":[{"href":"https:\/\/www.24baires.com\/index.php?rest_route=\/wp\/v2\/types\/post"}],"author":[{"embeddable":true,"href":"https:\/\/www.24baires.com\/index.php?rest_route=\/wp\/v2\/users\/4"}],"replies":[{"embeddable":true,"href":"https:\/\/www.24baires.com\/index.php?rest_route=%2Fwp%2Fv2%2Fcomments&post=105185"}],"version-history":[{"count":1,"href":"https:\/\/www.24baires.com\/index.php?rest_route=\/wp\/v2\/posts\/105185\/revisions"}],"predecessor-version":[{"id":105187,"href":"https:\/\/www.24baires.com\/index.php?rest_route=\/wp\/v2\/posts\/105185\/revisions\/105187"}],"wp:attachment":[{"href":"https:\/\/www.24baires.com\/index.php?rest_route=%2Fwp%2Fv2%2Fmedia&parent=105185"}],"wp:term":[{"taxonomy":"category","embeddable":true,"href":"https:\/\/www.24baires.com\/index.php?rest_route=%2Fwp%2Fv2%2Fcategories&post=105185"},{"taxonomy":"post_tag","embeddable":true,"href":"https:\/\/www.24baires.com\/index.php?rest_route=%2Fwp%2Fv2%2Ftags&post=105185"}],"curies":[{"name":"wp","href":"https:\/\/api.w.org\/{rel}","templated":true}]}}