{"id":10514,"date":"2012-12-26T23:01:45","date_gmt":"2012-12-27T02:01:45","guid":{"rendered":"http:\/\/www.24baires.com\/?p=10514"},"modified":"2012-12-27T14:32:57","modified_gmt":"2012-12-27T17:32:57","slug":"el-gobernador-gano-la-pulseada-seran-descontados-a-docentes-los-dias-de-paro","status":"publish","type":"post","link":"https:\/\/www.24baires.com\/?p=10514","title":{"rendered":"El Gobernador gan\u00f3 la pulseada: ser\u00e1n descontados a docentes los d\u00edas de paro"},"content":{"rendered":"<p><a href=\"http:\/\/www.24baires.com\/sociedad\/8235-scioli-se-reunira-con-gremios-docentes-para-reabrir-el-dialogo\/attachment\/scioli-docentes\/\" rel=\"attachment wp-att-8236\"><img data-recalc-dims=\"1\" loading=\"lazy\" decoding=\"async\" class=\"aligncenter size-full wp-image-8236\" alt=\"scioli docentes\" src=\"https:\/\/i0.wp.com\/www.24baires.com\/wp-content\/uploads\/2012\/12\/scioli-docentes.jpg?resize=560%2C209\" width=\"560\" height=\"209\" srcset=\"https:\/\/i0.wp.com\/www.24baires.com\/wp-content\/uploads\/2012\/12\/scioli-docentes.jpg?w=560&amp;ssl=1 560w, https:\/\/i0.wp.com\/www.24baires.com\/wp-content\/uploads\/2012\/12\/scioli-docentes.jpg?resize=300%2C111&amp;ssl=1 300w\" sizes=\"auto, (max-width: 560px) 100vw, 560px\" \/><\/a><\/p>\n<p>La C\u00e1mara de Apelaci\u00f3n en lo Contencioso Administrativo de La Plata aval\u00f3 la aplicaci\u00f3n de descuentos salariales a los docentes que adhirieron a medidas de fuerza en octubre y noviembre.<!--more--><\/p>\n<p>La C\u00e1mara adopt\u00f3 esa medida, al modificar una resoluci\u00f3n de primera instancia que hizo lugar a un amparo presentado por los gremios docentes y ordenaba al gobierno abstenerse de aplicar descuentos.<\/p>\n<p>Sin embargo, el gobierno de Daniel Scioli apel\u00f3 la decisi\u00f3n y la C\u00e1mara resolvi\u00f3 autorizar los descuentos hasta tanto se resuelva la cuesti\u00f3n de fondo planteada en la acci\u00f3n de amparo presentada en la primera instancia.<\/p>\n<p>Los gremios recurrieron a la justicia luego que el gobierno provincial comenz\u00f3 a aplicar descuentos a los maestros que adhirieron a los paros del 23 y el 24 de octubre y el 22 y 23 de noviembre, en reclamo de la reapertura de la paritaria salarial.<\/p>\n<p>&nbsp;<\/p>\n<p>&nbsp;<\/p>\n<p>&nbsp;<\/p>\n<p>&nbsp;<\/p>\n<p>&nbsp;<\/p>\n<p>&nbsp;<\/p>\n<p>&nbsp;<\/p>\n<p>&nbsp;<\/p>\n<p>&nbsp;<\/p>\n<p>&nbsp;<\/p>\n<p>&nbsp;<\/p>\n<p>&nbsp;<\/p>\n<p>&nbsp;<\/p>\n<p>&nbsp;<\/p>\n<p>&nbsp;<\/p>\n<p>&nbsp;<\/p>\n<p>&nbsp;<\/p>\n<p>&nbsp;<\/p>\n<p>&nbsp;<\/p>\n<p>&nbsp;<\/p>\n<p>&nbsp;<\/p>\n<p>&nbsp;<\/p>\n<p>&nbsp;<\/p>\n<p>&nbsp;<\/p>\n<p>&nbsp;<\/p>\n<p>&nbsp;<\/p>\n<p>&nbsp;<\/p>\n<div><\/div>\n","protected":false},"excerpt":{"rendered":"<p>La C\u00e1mara de Apelaci\u00f3n en lo Contencioso Administrativo de La Plata aval\u00f3 la aplicaci\u00f3n de descuentos salariales a los docentes que adhirieron a medidas de fuerza en octubre y noviembre.<\/p>\n","protected":false},"author":4,"featured_media":0,"comment_status":"open","ping_status":"open","sticky":false,"template":"","format":"standard","meta":{"_jetpack_newsletter_access":"","_jetpack_dont_email_post_to_subs":false,"_jetpack_newsletter_tier_id":0,"_jetpack_memberships_contains_paywalled_content":false,"_jetpack_memberships_contains_paid_content":false,"footnotes":""},"categories":[1],"tags":[],"class_list":["post-10514","post","type-post","status-publish","format-standard","hentry","category-sociedad"],"jetpack_featured_media_url":"","jetpack_shortlink":"https:\/\/wp.me\/p2JWE0-2JA","jetpack-related-posts":[{"id":15490,"url":"https:\/\/www.24baires.com\/?p=15490","url_meta":{"origin":10514,"position":0},"title":"Una C\u00e1mara de La Plata aval\u00f3 el descuento de Scioli a los docentes por las huelgas","author":"Grupo Sierra","date":"12\/02\/2013","format":false,"excerpt":"La C\u00e1mara de Apelaciones en lo Contencioso Administrativo de La Plata rechaz\u00f3 el planteo realizado por los gremios de docentes bonaerenses para que el gobierno devuelva los descuentos salariales de octubre y noviembre del a\u00f1o pasado por los paros realizados. La resoluci\u00f3n afectar\u00eda el derecho a huelga.\u00a0 La resoluci\u00f3n judicial\u2026","rel":"","context":"En \u00abProvincia\u00bb","block_context":{"text":"Provincia","link":"https:\/\/www.24baires.com\/?cat=40"},"img":{"alt_text":"","src":"","width":0,"height":0},"classes":[]},{"id":7774,"url":"https:\/\/www.24baires.com\/?p=7774","url_meta":{"origin":10514,"position":1},"title":"El Gobernador apelar\u00e1 el fallo que resolvi\u00f3 no descontar los d\u00edas de paro a docentes","author":"AF","date":"03\/12\/2012","format":false,"excerpt":"El ministro de Trabajo, Oscar Cuartango, inform\u00f3 que rechazar\u00e1n la medida que resolvi\u00f3 a favor del recurso de amparo presentado por Suteba y FEB. El ministro de Trabajo de la provincia de Buenos Aires, Oscar Cuartango, inform\u00f3 que apelar\u00e1n el fallo del juez en lo Contencioso Administrativo de La Plata,\u2026","rel":"","context":"En \u00abSociedad\u00bb","block_context":{"text":"Sociedad","link":"https:\/\/www.24baires.com\/?cat=1"},"img":{"alt_text":"","src":"https:\/\/i0.wp.com\/www.24baires.com\/wp-content\/uploads\/2012\/12\/cuartango.jpg?resize=350%2C200","width":350,"height":200},"classes":[]},{"id":101412,"url":"https:\/\/www.24baires.com\/?p=101412","url_meta":{"origin":10514,"position":2},"title":"Los docentes presentaron una cautelar para frenar los descuentos","author":"GB","date":"04\/04\/2018","format":false,"excerpt":"Vidal tiene decidido descontar los d\u00edas de paro de principios de marzo. Hoy, nueva reuni\u00f3n paritaria en Econom\u00eda. Mar\u00eda Eugenia Vidal ya tiene resuelto descontarle a los docentes la doble jornada de paro de principios de marzo. Los gremios presentaron una cautelar para frenar la medida oficial, que tens\u00f3 el\u2026","rel":"","context":"En \u00abProvincia\u00bb","block_context":{"text":"Provincia","link":"https:\/\/www.24baires.com\/?cat=40"},"img":{"alt_text":"","src":"https:\/\/i0.wp.com\/www.24baires.com\/wp-content\/uploads\/2014\/03\/aulas-vac%C3%ADas.jpg?resize=350%2C200","width":350,"height":200},"classes":[]},{"id":101779,"url":"https:\/\/www.24baires.com\/?p=101779","url_meta":{"origin":10514,"position":3},"title":"La Justicia rechaz\u00f3 cautelar de docentes y el Gobierno podr\u00e1 descontar los paros","author":"GB","date":"24\/04\/2018","format":false,"excerpt":"El Tribunal de Trabajo N\u00b0 4 de La Plata rechaz\u00f3 hoy la medida cautelar presentada por los gremios docentes en la que solicitaban que el Gobierno provincial se abstenga de realizar descuentos sobre los salarios por los d\u00edas de paro. Los docentes hab\u00edan recurrido a la Justicia luego de que\u2026","rel":"","context":"En \u00abProvincia\u00bb","block_context":{"text":"Provincia","link":"https:\/\/www.24baires.com\/?cat=40"},"img":{"alt_text":"","src":"https:\/\/i0.wp.com\/www.24baires.com\/wp-content\/uploads\/2017\/11\/docentes.jpg?resize=350%2C200","width":350,"height":200,"srcset":"https:\/\/i0.wp.com\/www.24baires.com\/wp-content\/uploads\/2017\/11\/docentes.jpg?resize=350%2C200 1x, https:\/\/i0.wp.com\/www.24baires.com\/wp-content\/uploads\/2017\/11\/docentes.jpg?resize=525%2C300 1.5x"},"classes":[]},{"id":101399,"url":"https:\/\/www.24baires.com\/?p=101399","url_meta":{"origin":10514,"position":4},"title":"Docentes van a la Justicia para evitar descuentos por paros","author":"AF","date":"03\/04\/2018","format":false,"excerpt":"Los gremios de maestros mayoritarios bonaerenses, Suteba y FEB, presentaron una medida cautelar ante el juzgado de trabajo Nro. 4 de La Plata con el fin de que el Gobierno provincial \"se abstenga de realizar ning\u00fan descuento sobre los haberes de los docentes\" por los d\u00edas 5 y 6 de\u2026","rel":"","context":"En \u00abSociedad\u00bb","block_context":{"text":"Sociedad","link":"https:\/\/www.24baires.com\/?cat=1"},"img":{"alt_text":"","src":"https:\/\/i0.wp.com\/www.24baires.com\/wp-content\/uploads\/2017\/03\/marcha-federal-docente.jpg?resize=350%2C200","width":350,"height":200,"srcset":"https:\/\/i0.wp.com\/www.24baires.com\/wp-content\/uploads\/2017\/03\/marcha-federal-docente.jpg?resize=350%2C200 1x, https:\/\/i0.wp.com\/www.24baires.com\/wp-content\/uploads\/2017\/03\/marcha-federal-docente.jpg?resize=525%2C300 1.5x"},"classes":[]},{"id":107550,"url":"https:\/\/www.24baires.com\/?p=107550","url_meta":{"origin":10514,"position":5},"title":"Docentes bonaerenses denuncian \u00abdescuentos indiscriminados y arbitrarios\u00bb en sus sueldos","author":"GB","date":"06\/04\/2019","format":false,"excerpt":"Desde Suteba y la FEB sostienen que en los recientes dep\u00f3sitos se aplicaron quitas en varios distritos, incluso en maestros que no hicieron paro. Presentaron la denuncia a la Direcci\u00f3n General de Cultura y Educaci\u00f3n. En principio, la Federaci\u00f3n de Educadores Bonaerenses (FEB) que conduce Mirta Petrocini denunci\u00f3 hoy numerosas\u2026","rel":"","context":"En \u00abProvincia\u00bb","block_context":{"text":"Provincia","link":"https:\/\/www.24baires.com\/?cat=40"},"img":{"alt_text":"","src":"https:\/\/i0.wp.com\/www.24baires.com\/wp-content\/uploads\/2013\/06\/docentes-ultima-300x200.jpg?resize=350%2C200","width":350,"height":200},"classes":[]}],"jetpack_sharing_enabled":true,"jetpack_likes_enabled":true,"_links":{"self":[{"href":"https:\/\/www.24baires.com\/index.php?rest_route=\/wp\/v2\/posts\/10514","targetHints":{"allow":["GET"]}}],"collection":[{"href":"https:\/\/www.24baires.com\/index.php?rest_route=\/wp\/v2\/posts"}],"about":[{"href":"https:\/\/www.24baires.com\/index.php?rest_route=\/wp\/v2\/types\/post"}],"author":[{"embeddable":true,"href":"https:\/\/www.24baires.com\/index.php?rest_route=\/wp\/v2\/users\/4"}],"replies":[{"embeddable":true,"href":"https:\/\/www.24baires.com\/index.php?rest_route=%2Fwp%2Fv2%2Fcomments&post=10514"}],"version-history":[{"count":3,"href":"https:\/\/www.24baires.com\/index.php?rest_route=\/wp\/v2\/posts\/10514\/revisions"}],"predecessor-version":[{"id":10518,"href":"https:\/\/www.24baires.com\/index.php?rest_route=\/wp\/v2\/posts\/10514\/revisions\/10518"}],"wp:attachment":[{"href":"https:\/\/www.24baires.com\/index.php?rest_route=%2Fwp%2Fv2%2Fmedia&parent=10514"}],"wp:term":[{"taxonomy":"category","embeddable":true,"href":"https:\/\/www.24baires.com\/index.php?rest_route=%2Fwp%2Fv2%2Fcategories&post=10514"},{"taxonomy":"post_tag","embeddable":true,"href":"https:\/\/www.24baires.com\/index.php?rest_route=%2Fwp%2Fv2%2Ftags&post=10514"}],"curies":[{"name":"wp","href":"https:\/\/api.w.org\/{rel}","templated":true}]}}