{"id":105093,"date":"2018-10-24T18:00:29","date_gmt":"2018-10-24T21:00:29","guid":{"rendered":"http:\/\/www.24baires.com\/?p=105093"},"modified":"2018-10-24T18:36:03","modified_gmt":"2018-10-24T21:36:03","slug":"circo-y-desempleo","status":"publish","type":"post","link":"https:\/\/www.24baires.com\/?p=105093","title":{"rendered":"Circo y desempleo"},"content":{"rendered":"<p><img data-recalc-dims=\"1\" loading=\"lazy\" decoding=\"async\" src=\"https:\/\/i0.wp.com\/www.24baires.com\/wp-content\/uploads\/2018\/10\/mar-empleo.jpg?resize=560%2C426\" alt=\"\" width=\"560\" height=\"426\" class=\"aligncenter size-full wp-image-105094\" srcset=\"https:\/\/i0.wp.com\/www.24baires.com\/wp-content\/uploads\/2018\/10\/mar-empleo.jpg?w=560&amp;ssl=1 560w, https:\/\/i0.wp.com\/www.24baires.com\/wp-content\/uploads\/2018\/10\/mar-empleo.jpg?resize=300%2C228&amp;ssl=1 300w\" sizes=\"auto, (max-width: 560px) 100vw, 560px\" \/>Vienen, te mienten que mejoramos un d\u00edgito ac\u00e1, un cero al lado de la coma all\u00e1, se sacan las fotos sonrientes, desprecian el reclamo de turno y se van por donde vinieron, sin arreglar nada. Llegan, arman la carpita de colores, tocan dos platillos a destiempo y creen que con eso alcanza. Montan un circo baratito que s\u00f3lo puede convencer a los que eligen no ver. <!--more--><\/p>\n<p>Rebanadas de aire con tajadas de viento. Eso dec\u00edamos en casa cuando yo era chica, en broma, cuando alguien preguntaba qu\u00e9 hab\u00eda para comer. Eso son. Rebanadas de aire con tajadas de viento: la nada misma. Fuegos artificiales, fogonazos y ruido de fondo, que no es otra cosa que el estr\u00e9pito que hace Argentina, mientras se cae a pedazos. <\/p>\n<p>Este martes hubo una Feria de Empleo en Mar del Plata, ciudad que ostenta con pesar el liderazgo casi permanente en los \u00edndices nacionales de desempleo. Hace poco, datos oficiales hab\u00edan se\u00f1alado una baja en la estad\u00edstica que no creyeron ni los gremios, ni la oposici\u00f3n, ni las miles y miles de personas que buscan trabajo a diario con resultados desalentadores. Porque una cosa es el circo que montan y otra la realidad. <\/p>\n<p>Porque el ministro de Trabajo provincial, Marcelo Villegas, festej\u00f3 que m\u00e1s de quince mil j\u00f3venes (y no tanto) hicieran seis horas de cola para anotarse y competir por unos dos mil puestos, en su mayor\u00eda temporarios. \u201cHay mucha gente y eso es bueno\u201d, dijo. No, claro que no. Eso es malo, ministro, muy malo. No s\u00e9 con qu\u00e9 vara este gobierno mide todo esto que nos pasa, nos atraviesa, nos destruye, nos confisca el futuro. Pero d\u00e9jenme decirles que esa gente que rodeaba el museo Mar no estaba disfrutando un evento. Esa gente estaba depositando su esperanza en una posibilidad bastante esquiva, si hacemos cuentas. Entre tres y cinco personas para cada puesto. Y son puestos precarizados, por unos meses. \u00bfQu\u00e9 ve de bueno all\u00ed el ministro? En mi opini\u00f3n, lo que ve este exponente neoliberal que ocupa transitoriamente un cargo que le queda inmenso, es el beneficio de las grandes empresas, que pueden contratar pagando poco, soslayando derechos. Porque cuando miles y miles pierden sus empleos, cuando la crisis golpea de lleno en los est\u00f3magos, siempre habr\u00e1 quienes se beneficien de la necesidad y la urgencia de las y los que deben trabajar para poder poner comida en sus mesas cada d\u00eda: es una flexibilizaci\u00f3n laboral de facto, sustentada por el mismo gobierno. <\/p>\n<p>Porque son ellos, sus familiares y amigos. Ellos gobiernan para los grupos concentrados econ\u00f3micos, y ellos, funcionarios, son due\u00f1os o accionistas de esas empresas, o amigos y parientes de sus propietarios. Gobiernan para ellos mismos, por eso sus pol\u00edticas dejan afuera a amplios sectores de la sociedad, los m\u00e1s vulnerados y postergados: porque ellos no est\u00e1n ah\u00ed, ni estuvieron, ni estar\u00e1n. Porque ellos no quieren que salgamos de all\u00ed, de la fila en el fr\u00edo para un puesto de empleo por dos meses, con un salario despreciable. Nos precisan ah\u00ed, luchando entre nosotros por un trabajo que, de obtenerlo, no alcanzar\u00e1 para cubrir las necesidades de los nuestros. <\/p>\n<p>Vienen, levantan la carpa de este circo de cinismo, dicen que est\u00e1 bueno que haya diez cuadras de gente pidiendo trabajo, y se van. Porque no promueven ni generan empleo: desde que asumieron hace casi tres a\u00f1os, han destruido ciento de miles de fuentes laborales y precarizado otras tantas. Porque te quitan la comida de la boca para que, cuando tengas hambre, te desesperes por agarrar el primer pedazo de pan duro que tiran a la marchanta. No, no est\u00e1 bueno, Villegas. Es una verdadera mierda.<\/p>\n","protected":false},"excerpt":{"rendered":"<p>Vienen, te mienten que mejoramos un d\u00edgito ac\u00e1, un cero al lado de la coma all\u00e1, se sacan las fotos sonrientes, desprecian el reclamo de turno y se van por donde vinieron, sin arreglar nada. Llegan, arman la carpita de colores, tocan dos platillos a destiempo y creen que con eso alcanza. Montan un circo baratito que s\u00f3lo puede convencer [&#8230;]<\/p>\n","protected":false},"author":4,"featured_media":0,"comment_status":"open","ping_status":"open","sticky":false,"template":"","format":"standard","meta":{"_jetpack_newsletter_access":"","_jetpack_dont_email_post_to_subs":false,"_jetpack_newsletter_tier_id":0,"_jetpack_memberships_contains_paywalled_content":false,"_jetpack_memberships_contains_paid_content":false,"footnotes":""},"categories":[64],"tags":[],"class_list":["post-105093","post","type-post","status-publish","format-standard","hentry","category-opinion"],"jetpack_featured_media_url":"","jetpack_shortlink":"https:\/\/wp.me\/p2JWE0-rl3","jetpack-related-posts":[{"id":103581,"url":"https:\/\/www.24baires.com\/?p=103581","url_meta":{"origin":105093,"position":0},"title":"Prev\u00e9n que el desempleo alcance los dos d\u00edgitos antes de fin de a\u00f1o","author":"AF","date":"29\/07\/2018","format":false,"excerpt":"De acuerdo a un estudio privado el crecimiento de la desocupaci\u00f3n se aceler\u00f3 y podr\u00eda superar la barrera del 10% antes de que termine el a\u00f1o. El \"deterioro\" en la creaci\u00f3n de puestos asalariados formales es \"m\u00e1s pronunciado\" en la provincia de Buenos Aires con relaci\u00f3n al resto del pa\u00eds.\u2026","rel":"","context":"En \u00abSociedad\u00bb","block_context":{"text":"Sociedad","link":"https:\/\/www.24baires.com\/?cat=1"},"img":{"alt_text":"","src":"https:\/\/i0.wp.com\/www.24baires.com\/wp-content\/uploads\/2018\/02\/desempleo.jpg?resize=350%2C200","width":350,"height":200,"srcset":"https:\/\/i0.wp.com\/www.24baires.com\/wp-content\/uploads\/2018\/02\/desempleo.jpg?resize=350%2C200 1x, https:\/\/i0.wp.com\/www.24baires.com\/wp-content\/uploads\/2018\/02\/desempleo.jpg?resize=525%2C300 1.5x"},"classes":[]},{"id":101189,"url":"https:\/\/www.24baires.com\/?p=101189","url_meta":{"origin":105093,"position":1},"title":"Mar del Plata, la ciudad con mayor \u00edndice de desempleo del pa\u00eds","author":"GB","date":"21\/03\/2018","format":false,"excerpt":"La tasa de desocupaci\u00f3n de la ciudad balnearia es mayor que la del Gran Buenos Aires, revel\u00f3 el INDEC. Mientras el intendente Carlos Arroyo piensa en su reelecci\u00f3n en 2019, el INDEC revel\u00f3 en un informe sobre la situaci\u00f3n laboral que Mar del Plata es la ciudad con mayor \u00edndice\u2026","rel":"","context":"En \u00abPol\u00edtica\u00bb","block_context":{"text":"Pol\u00edtica","link":"https:\/\/www.24baires.com\/?cat=51"},"img":{"alt_text":"","src":"https:\/\/i0.wp.com\/www.24baires.com\/wp-content\/uploads\/2014\/11\/busca-trabajo-desempleo.jpg?resize=350%2C200","width":350,"height":200,"srcset":"https:\/\/i0.wp.com\/www.24baires.com\/wp-content\/uploads\/2014\/11\/busca-trabajo-desempleo.jpg?resize=350%2C200 1x, https:\/\/i0.wp.com\/www.24baires.com\/wp-content\/uploads\/2014\/11\/busca-trabajo-desempleo.jpg?resize=525%2C300 1.5x"},"classes":[]},{"id":116907,"url":"https:\/\/www.24baires.com\/?p=116907","url_meta":{"origin":105093,"position":2},"title":"El desempleo en el tercer trimestre lleg\u00f3 al 11,7%","author":"AF","date":"17\/12\/2020","format":false,"excerpt":"Aunque el desempleo se redujo con respecto al trimestre anterior, subi\u00f3 2 puntos porcentuales en la comparaci\u00f3n interanual. El Instituto Nacional de Estad\u00edsticas y Censo (INDEC) inform\u00f3 este jueves que la desocupaci\u00f3n en el tercer trimestre afect\u00f3 al 11,7% de la poblaci\u00f3n econ\u00f3micamente activa, dos puntos porcentuales por arriba de\u2026","rel":"","context":"En \u00abSociedad\u00bb","block_context":{"text":"Sociedad","link":"https:\/\/www.24baires.com\/?cat=1"},"img":{"alt_text":"","src":"https:\/\/i0.wp.com\/www.24baires.com\/wp-content\/uploads\/2018\/06\/jovenes-desempleados.jpg?resize=350%2C200","width":350,"height":200,"srcset":"https:\/\/i0.wp.com\/www.24baires.com\/wp-content\/uploads\/2018\/06\/jovenes-desempleados.jpg?resize=350%2C200 1x, https:\/\/i0.wp.com\/www.24baires.com\/wp-content\/uploads\/2018\/06\/jovenes-desempleados.jpg?resize=525%2C300 1.5x"},"classes":[]},{"id":101328,"url":"https:\/\/www.24baires.com\/?p=101328","url_meta":{"origin":105093,"position":3},"title":"Arroyo culp\u00f3 a la situaci\u00f3n nacional por la desocupaci\u00f3n en Mar del Plata","author":"GB","date":"28\/03\/2018","format":false,"excerpt":"\"Es un problema de la econom\u00eda nacional\", dijo el intendente al ser consultado sobre los \u00edndices difundidos por el INDEC. El intendente de Mar del Plata, Carlos Arroyo, deslig\u00f3 al municipio de responsabilidades en la generaci\u00f3n de empleo y pol\u00edticas en materia social y le tir\u00f3 la pelota a Mauricio\u2026","rel":"","context":"En \u00abMunicipios\u00bb","block_context":{"text":"Municipios","link":"https:\/\/www.24baires.com\/?cat=44"},"img":{"alt_text":"","src":"https:\/\/i0.wp.com\/www.24baires.com\/wp-content\/uploads\/2017\/09\/arroyo.jpg?resize=350%2C200","width":350,"height":200,"srcset":"https:\/\/i0.wp.com\/www.24baires.com\/wp-content\/uploads\/2017\/09\/arroyo.jpg?resize=350%2C200 1x, https:\/\/i0.wp.com\/www.24baires.com\/wp-content\/uploads\/2017\/09\/arroyo.jpg?resize=525%2C300 1.5x"},"classes":[]},{"id":105154,"url":"https:\/\/www.24baires.com\/?p=105154","url_meta":{"origin":105093,"position":4},"title":"Empleo bonaerense: el 26% de los j\u00f3venes est\u00e1 desocupado y el 54% trabaja en negro","author":"GB","date":"29\/10\/2018","format":false,"excerpt":"En la provincia de Buenos Aires, los j\u00f3venes entre 18 y 24 a\u00f1os y las mujeres son los sectores m\u00e1s expuestos a la informalidad laboral, el desempleo y los bajos sueldos. Los datos surgen del informe de diagn\u00f3stico laboral de la Secretar\u00eda de Trabajo de la Naci\u00f3n, elaborados con datos\u2026","rel":"","context":"En \u00abSociedad\u00bb","block_context":{"text":"Sociedad","link":"https:\/\/www.24baires.com\/?cat=1"},"img":{"alt_text":"","src":"https:\/\/i0.wp.com\/www.24baires.com\/wp-content\/uploads\/2016\/08\/desempleo.jpg?resize=350%2C200","width":350,"height":200,"srcset":"https:\/\/i0.wp.com\/www.24baires.com\/wp-content\/uploads\/2016\/08\/desempleo.jpg?resize=350%2C200 1x, https:\/\/i0.wp.com\/www.24baires.com\/wp-content\/uploads\/2016\/08\/desempleo.jpg?resize=525%2C300 1.5x"},"classes":[]},{"id":115433,"url":"https:\/\/www.24baires.com\/?p=115433","url_meta":{"origin":105093,"position":5},"title":"Seg\u00fan el Indec, el desempleo subi\u00f3 un 10,4%","author":"AF","date":"23\/06\/2020","format":false,"excerpt":"Es el nivel m\u00e1s alto desde 2006. El INDEC inform\u00f3 tambi\u00e9n que el Producto Bruto Interno (PBI) retrocedi\u00f3 5,4% durante los primeros tres meses de este 2020. El desempleo subi\u00f3 hasta el 10,4% durante el primer trimestre de 2020, inform\u00f3 este martes el Instituto Nacional de Estad\u00edstica y Censos (Indec).\u2026","rel":"","context":"En \u00abLocales\u00bb","block_context":{"text":"Locales","link":"https:\/\/www.24baires.com\/?cat=38"},"img":{"alt_text":"","src":"https:\/\/i0.wp.com\/www.24baires.com\/wp-content\/uploads\/2013\/02\/indec.jpg?resize=350%2C200","width":350,"height":200},"classes":[]}],"jetpack_sharing_enabled":true,"jetpack_likes_enabled":true,"_links":{"self":[{"href":"https:\/\/www.24baires.com\/index.php?rest_route=\/wp\/v2\/posts\/105093","targetHints":{"allow":["GET"]}}],"collection":[{"href":"https:\/\/www.24baires.com\/index.php?rest_route=\/wp\/v2\/posts"}],"about":[{"href":"https:\/\/www.24baires.com\/index.php?rest_route=\/wp\/v2\/types\/post"}],"author":[{"embeddable":true,"href":"https:\/\/www.24baires.com\/index.php?rest_route=\/wp\/v2\/users\/4"}],"replies":[{"embeddable":true,"href":"https:\/\/www.24baires.com\/index.php?rest_route=%2Fwp%2Fv2%2Fcomments&post=105093"}],"version-history":[{"count":1,"href":"https:\/\/www.24baires.com\/index.php?rest_route=\/wp\/v2\/posts\/105093\/revisions"}],"predecessor-version":[{"id":105095,"href":"https:\/\/www.24baires.com\/index.php?rest_route=\/wp\/v2\/posts\/105093\/revisions\/105095"}],"wp:attachment":[{"href":"https:\/\/www.24baires.com\/index.php?rest_route=%2Fwp%2Fv2%2Fmedia&parent=105093"}],"wp:term":[{"taxonomy":"category","embeddable":true,"href":"https:\/\/www.24baires.com\/index.php?rest_route=%2Fwp%2Fv2%2Fcategories&post=105093"},{"taxonomy":"post_tag","embeddable":true,"href":"https:\/\/www.24baires.com\/index.php?rest_route=%2Fwp%2Fv2%2Ftags&post=105093"}],"curies":[{"name":"wp","href":"https:\/\/api.w.org\/{rel}","templated":true}]}}