{"id":10489,"date":"2012-12-26T21:57:59","date_gmt":"2012-12-27T00:57:59","guid":{"rendered":"http:\/\/www.24baires.com\/?p=10489"},"modified":"2012-12-26T21:57:59","modified_gmt":"2012-12-27T00:57:59","slug":"asociaciones-de-licenciatarios-de-medios-pidieron-a-la-corte-que-acepte-el-per-saltum","status":"publish","type":"post","link":"https:\/\/www.24baires.com\/?p=10489","title":{"rendered":"Asociaciones de licenciatarios de medios pidieron a la Corte que acepte el per saltum"},"content":{"rendered":"<p>As\u00ed lo expresaron el Foro Argentino de Radios Comunitarias (FARCO), la Asociaci\u00f3n de Radiodifusoras Bonaerenses y del Interior (ARBIA) y los Sindicatos de Prensa de Rosario y de Televisi\u00f3n (SATSAID).<!--more--><\/p>\n<p>Las entidades expresaron a la Corte, a trav\u00e9s de su representante legal, Soledad Puj\u00f3, que \u00abnuestros representados son licenciatarios de servicios de comunicaci\u00f3n audiovisual y potenciales adjudicatarios de licencias\u00bb.<\/p>\n<p>\u00abEn tal car\u00e1cter, el grave hecho de tener cuatro art\u00edculos de la Ley de Medios suspendidos para el grupo que m\u00e1s licencias concentra repercute en la aplicaci\u00f3n de la norma para el resto de los licenciatarios o de los potenciales licenciatarios m\u00e1s peque\u00f1os, ya que se imposibilita una competencia m\u00e1s justa, sin abusos de posici\u00f3n dominante\u00bb, destacaron en un comunicado.<\/p>\n<p>Las entidades subrayaron \u00absu leg\u00edtimo inter\u00e9s en que se arribe a una soluci\u00f3n de fondo y definitiva al conflicto judicial suscitado, para que la ley votada por el Congreso de la Naci\u00f3n pueda ser aplicada a todos\u00bb.<\/p>\n<p>\u00abEl noble objetivo de defensa de la competencia que tiene la ley resulta de imposible cumplimiento cuando confluyen actores que respetan la ley vigente y la voluntad popular y un \u00fanico sujeto que se posiciona fuera de la ley con otras reglas del juego, siendo adem\u00e1s el jugador m\u00e1s grande del mercado\u00bb, concluy\u00f3 la misiva.<\/p>\n<p>El pedido fue rubricado por la vicepresidenta del FARCO, Mariela Pugliese; el presidente de ARBIA, Osvaldo Franc\u00e9s, y los secretarios generales del SATSAID, Carlos Horacio Arreceygor, y del Sindicato de Prensa de Rosario, Edgardo Carmona.<\/p>\n","protected":false},"excerpt":{"rendered":"<p>As\u00ed lo expresaron el Foro Argentino de Radios Comunitarias (FARCO), la Asociaci\u00f3n de Radiodifusoras Bonaerenses y del Interior (ARBIA) y los Sindicatos de Prensa de Rosario y de Televisi\u00f3n (SATSAID).<\/p>\n","protected":false},"author":11,"featured_media":0,"comment_status":"open","ping_status":"open","sticky":false,"template":"","format":"standard","meta":{"_jetpack_newsletter_access":"","_jetpack_dont_email_post_to_subs":false,"_jetpack_newsletter_tier_id":0,"_jetpack_memberships_contains_paywalled_content":false,"_jetpack_memberships_contains_paid_content":false,"footnotes":""},"categories":[54],"tags":[],"class_list":["post-10489","post","type-post","status-publish","format-standard","hentry","category-medios"],"jetpack_featured_media_url":"","jetpack_shortlink":"https:\/\/wp.me\/p2JWE0-2Jb","jetpack-related-posts":[{"id":34324,"url":"https:\/\/www.24baires.com\/?p=34324","url_meta":{"origin":10489,"position":0},"title":"\u00abA cumplir la ley todo el mundo\u201d sentenci\u00f3 Sabbatella","author":"GB","date":"29\/10\/2013","format":false,"excerpt":"Lo afirm\u00f3 el titular de la Afsca, Mart\u00edn Sabbatella: \u201cVamos a seguir con los mecanismos de adecuaci\u00f3n con todas las empresas, y ahora incluimos al Grupo Clar\u00edn\u201d. Adem\u00e1s, asegur\u00f3 que los licenciatarios deben mantener las fuentes de trabajo. Sabbatella se\u00f1al\u00f3 que el Grupo Clar\u00edn \"tiene el derecho de hacer lo\u2026","rel":"","context":"En \u00abMedios\u00bb","block_context":{"text":"Medios","link":"https:\/\/www.24baires.com\/?cat=54"},"img":{"alt_text":"Sabbatella ley","src":"https:\/\/i0.wp.com\/www.24baires.com\/wp-content\/uploads\/2013\/10\/Sabbatella-ley.jpg?resize=350%2C200","width":350,"height":200,"srcset":"https:\/\/i0.wp.com\/www.24baires.com\/wp-content\/uploads\/2013\/10\/Sabbatella-ley.jpg?resize=350%2C200 1x, https:\/\/i0.wp.com\/www.24baires.com\/wp-content\/uploads\/2013\/10\/Sabbatella-ley.jpg?resize=525%2C300 1.5x"},"classes":[]},{"id":120083,"url":"https:\/\/www.24baires.com\/?p=120083","url_meta":{"origin":10489,"position":1},"title":"Empresas de telecomunicaciones podr\u00e1n aumentar hasta un 4,5%","author":"GB","date":"09\/05\/2023","format":false,"excerpt":"El ENACOM autoriz\u00f3 a las empresas de telecomunicaciones un esquema de aumentos que va desde mayo hasta diciembre. A trav\u00e9s de una Resoluci\u00f3n publicada hoy en el Bolet\u00edn Oficial, el Ente Nacional de Comunicaciones (ENACOM) autoriz\u00f3 un esquema de aumentos tarifarios para las empresas de telecomunicaciones. Los servicios de internet,\u2026","rel":"","context":"En \u00abEconom\u00eda\u00bb","block_context":{"text":"Econom\u00eda","link":"https:\/\/www.24baires.com\/?cat=45"},"img":{"alt_text":"","src":"https:\/\/i0.wp.com\/www.24baires.com\/wp-content\/uploads\/2022\/12\/celular.jpg?resize=350%2C200","width":350,"height":200,"srcset":"https:\/\/i0.wp.com\/www.24baires.com\/wp-content\/uploads\/2022\/12\/celular.jpg?resize=350%2C200 1x, https:\/\/i0.wp.com\/www.24baires.com\/wp-content\/uploads\/2022\/12\/celular.jpg?resize=525%2C300 1.5x, https:\/\/i0.wp.com\/www.24baires.com\/wp-content\/uploads\/2022\/12\/celular.jpg?resize=700%2C400 2x"},"classes":[]},{"id":13471,"url":"https:\/\/www.24baires.com\/?p=13471","url_meta":{"origin":10489,"position":2},"title":"La AFSCA aprob\u00f3 ya tres de los veinte planes de adecuaci\u00f3n a la Ley de Medios presentados","author":"Grupo Sierra","date":"24\/01\/2013","format":false,"excerpt":"El directorio de la Autoridad Federal de Servicios de Comunicaci\u00f3n Audiovisual aprob\u00f3 hoy tres de los casi 20 planes de adecuaci\u00f3n a la ley 26.522 presentados a principios de diciembre por grupos empresarios medi\u00e1ticos, seg\u00fan inform\u00f3 a trav\u00e9s de un comunicado. \u201cTodos los grupos menos Clar\u00edn presentaron sus planes de\u2026","rel":"","context":"En \u00abMedios\u00bb","block_context":{"text":"Medios","link":"https:\/\/www.24baires.com\/?cat=54"},"img":{"alt_text":"sabbatella desafio","src":"https:\/\/i0.wp.com\/www.24baires.com\/wp-content\/uploads\/2012\/10\/sabbatella-desafio.jpg?resize=350%2C200","width":350,"height":200,"srcset":"https:\/\/i0.wp.com\/www.24baires.com\/wp-content\/uploads\/2012\/10\/sabbatella-desafio.jpg?resize=350%2C200 1x, https:\/\/i0.wp.com\/www.24baires.com\/wp-content\/uploads\/2012\/10\/sabbatella-desafio.jpg?resize=525%2C300 1.5x"},"classes":[]},{"id":117221,"url":"https:\/\/www.24baires.com\/?p=117221","url_meta":{"origin":10489,"position":3},"title":"El Gobierno autoriz\u00f3 aumentos en internet, telefon\u00eda y TV","author":"GB","date":"23\/02\/2021","format":false,"excerpt":"El Ente Nacional de Comunicaciones (Enacom) habilit\u00f3 nuevos aumentos para el servicio de internet, telefon\u00eda fija y TV paga. El Gobierno nacional dio a conocer este martes que autoriz\u00f3 aumentos de entre 5% y 7,5% a partir de marzo en las tarifas los servicios de telefon\u00eda fija, internet y TV\u2026","rel":"","context":"En \u00abPol\u00edtica\u00bb","block_context":{"text":"Pol\u00edtica","link":"https:\/\/www.24baires.com\/?cat=51"},"img":{"alt_text":"","src":"https:\/\/i0.wp.com\/www.24baires.com\/wp-content\/uploads\/2014\/09\/compu-hacker-pc-internet-300x225.jpg?resize=350%2C200","width":350,"height":200},"classes":[]},{"id":32238,"url":"https:\/\/www.24baires.com\/?p=32238","url_meta":{"origin":10489,"position":4},"title":"\u201cLa ley no regula contenidos, Clar\u00edn vuelve a mentir\u201d lanz\u00f3 Sabbatella","author":"Grupo Sierra","date":"21\/09\/2013","format":false,"excerpt":"El titular de la Afsca, Mart\u00edn Sabbatella, acus\u00f3 al Grupo Clar\u00edn por \u201cmentir a sus lectores\", adem\u00e1s de \"esconder y tergiversar informaci\u00f3n con el \u00fanico objetivo de proteger sus privilegios\u201d, al salir al cruce de una solicitada en contra de la ley de Medios publicada en el principal diario del\u2026","rel":"","context":"En \u00abMedios\u00bb","block_context":{"text":"Medios","link":"https:\/\/www.24baires.com\/?cat=54"},"img":{"alt_text":"","src":"","width":0,"height":0},"classes":[]},{"id":43863,"url":"https:\/\/www.24baires.com\/?p=43863","url_meta":{"origin":10489,"position":5},"title":"La Afsca volvi\u00f3 a desmentir art\u00edculos de La Naci\u00f3n","author":"GB","date":"14\/04\/2014","format":false,"excerpt":"La Autoridad Federal de Servicios de Comunicaci\u00f3n Audiovisual (Afsca) desminti\u00f3 dos art\u00edculos publicados esta ma\u00f1ana en el diario La Naci\u00f3n con las firmas de los periodistas Carlos Pagni y Jos\u00e9 Crettaz. El director de Imagen y Comunicaci\u00f3n de la Afsca, Fernando Torrillate, asegur\u00f3 que \"es falso\" lo se\u00f1alado en la\u2026","rel":"","context":"En \u00abMedios\u00bb","block_context":{"text":"Medios","link":"https:\/\/www.24baires.com\/?cat=54"},"img":{"alt_text":"AFSCA","src":"https:\/\/i0.wp.com\/www.24baires.com\/wp-content\/uploads\/2012\/11\/AFSCA.jpg?resize=350%2C200","width":350,"height":200},"classes":[]}],"jetpack_sharing_enabled":true,"jetpack_likes_enabled":true,"_links":{"self":[{"href":"https:\/\/www.24baires.com\/index.php?rest_route=\/wp\/v2\/posts\/10489","targetHints":{"allow":["GET"]}}],"collection":[{"href":"https:\/\/www.24baires.com\/index.php?rest_route=\/wp\/v2\/posts"}],"about":[{"href":"https:\/\/www.24baires.com\/index.php?rest_route=\/wp\/v2\/types\/post"}],"author":[{"embeddable":true,"href":"https:\/\/www.24baires.com\/index.php?rest_route=\/wp\/v2\/users\/11"}],"replies":[{"embeddable":true,"href":"https:\/\/www.24baires.com\/index.php?rest_route=%2Fwp%2Fv2%2Fcomments&post=10489"}],"version-history":[{"count":3,"href":"https:\/\/www.24baires.com\/index.php?rest_route=\/wp\/v2\/posts\/10489\/revisions"}],"predecessor-version":[{"id":10493,"href":"https:\/\/www.24baires.com\/index.php?rest_route=\/wp\/v2\/posts\/10489\/revisions\/10493"}],"wp:attachment":[{"href":"https:\/\/www.24baires.com\/index.php?rest_route=%2Fwp%2Fv2%2Fmedia&parent=10489"}],"wp:term":[{"taxonomy":"category","embeddable":true,"href":"https:\/\/www.24baires.com\/index.php?rest_route=%2Fwp%2Fv2%2Fcategories&post=10489"},{"taxonomy":"post_tag","embeddable":true,"href":"https:\/\/www.24baires.com\/index.php?rest_route=%2Fwp%2Fv2%2Ftags&post=10489"}],"curies":[{"name":"wp","href":"https:\/\/api.w.org\/{rel}","templated":true}]}}