{"id":10482,"date":"2012-12-26T21:49:25","date_gmt":"2012-12-27T00:49:25","guid":{"rendered":"http:\/\/www.24baires.com\/?p=10482"},"modified":"2012-12-26T22:00:28","modified_gmt":"2012-12-27T01:00:28","slug":"el-embajador-en-venezuela-acuso-al-diario-la-prensa-de-hostigar-a-cristina","status":"publish","type":"post","link":"https:\/\/www.24baires.com\/?p=10482","title":{"rendered":"El Embajador en Venezuela acus\u00f3 al diario La Prensa de hostigar a Cristina"},"content":{"rendered":"<p><a href=\"http:\/\/www.24baires.com\/medios\/10482-el-embajador-en-venezuela-acuso-al-diario-la-prensa-de-hostigar-a-cristina\/attachment\/cheppi-2\/\" rel=\"attachment wp-att-10483\"><img data-recalc-dims=\"1\" loading=\"lazy\" decoding=\"async\" class=\"alignleft size-medium wp-image-10483\" alt=\"cheppi\" src=\"https:\/\/i0.wp.com\/www.24baires.com\/wp-content\/uploads\/2012\/12\/cheppi.jpg?resize=300%2C268\" width=\"300\" height=\"268\" srcset=\"https:\/\/i0.wp.com\/www.24baires.com\/wp-content\/uploads\/2012\/12\/cheppi.jpg?resize=300%2C268&amp;ssl=1 300w, https:\/\/i0.wp.com\/www.24baires.com\/wp-content\/uploads\/2012\/12\/cheppi.jpg?w=432&amp;ssl=1 432w\" sizes=\"auto, (max-width: 300px) 100vw, 300px\" \/><\/a>El embajador argentino en Venezuela, Carlos Cheppi, cuestion\u00f3 un editorial publicado por el medio llamado \u201cTres errores\u201d y resalt\u00f3 que <strong>el matutino mantiene v\u00ednculos con el Grupo Clar\u00edn en Mar del Plata.<\/strong><\/p>\n<p>En ese sentido, el ex candidato a intendente de esa ciudad balnearia por el Frente para la Victoria (FpV), vincul\u00f3 al due\u00f1o de La Prensa, Florencio Aldrey Iglesias, con el Grupo Clar\u00edn, ya que \u201cson socios en la empresa Cablevisi\u00f3n\u201d en Mar del Plata.<!--more--><\/p>\n<p>&nbsp;<\/p>\n<p>En comunicaci\u00f3n con T\u00e9lam, Cheppi se\u00f1al\u00f3 que el diario \u00abLa Capital\u00bb de Mar del Plata tambi\u00e9n pertenece al grupo medi\u00e1tico de Iglesias y que \u201crepite el relato del diario Clar\u00edn porque tienen negocios en Mar del Plata, entramado de relaciones que sali\u00f3 a la luz gracias a las transformaciones planteadas por la Ley de Servicios de Comunicaci\u00f3n Audiovisual\u201d.<\/p>\n<p>\u201cLa Prensa y La Capital de Mar del Plata sostienen el mismo discurso que La Naci\u00f3n y Clar\u00edn, y se pueden ver claramente las estrategias que utilizan para ensuciar la imagen de la Presidenta Cristina Fern\u00e1ndez de Kirchner\u201d, se\u00f1al\u00f3 Cheppi.<\/p>\n","protected":false},"excerpt":{"rendered":"<p>El embajador argentino en Venezuela, Carlos Cheppi, cuestion\u00f3 un editorial publicado por el medio llamado \u201cTres errores\u201d y resalt\u00f3 que el matutino mantiene v\u00ednculos con el Grupo Clar\u00edn en Mar del Plata. En ese sentido, el ex candidato a intendente de esa ciudad balnearia por el Frente para la Victoria (FpV), vincul\u00f3 al due\u00f1o de La Prensa, Florencio Aldrey Iglesias, [&#8230;]<\/p>\n","protected":false},"author":11,"featured_media":0,"comment_status":"open","ping_status":"open","sticky":false,"template":"","format":"standard","meta":{"_jetpack_newsletter_access":"","_jetpack_dont_email_post_to_subs":false,"_jetpack_newsletter_tier_id":0,"_jetpack_memberships_contains_paywalled_content":false,"_jetpack_memberships_contains_paid_content":false,"footnotes":""},"categories":[54],"tags":[],"class_list":["post-10482","post","type-post","status-publish","format-standard","hentry","category-medios"],"jetpack_featured_media_url":"","jetpack_shortlink":"https:\/\/wp.me\/p2JWE0-2J4","jetpack-related-posts":[{"id":43402,"url":"https:\/\/www.24baires.com\/?p=43402","url_meta":{"origin":10482,"position":0},"title":"\u201cUrribarri no es el candidato de los medios sino de las transformaciones\u201d lanz\u00f3 Cheppi","author":"Grupo Sierra","date":"06\/04\/2014","format":false,"excerpt":"El Gobernador de Entre R\u00edos, Sergio Urribarri y el embajador argentino en Venezuela, Carlos Cheppi, participaron de un acto del FPV en Mar del Plata donde analizaron la situaci\u00f3n pol\u00edtica del pa\u00eds, de la ciudad y expresaron sus intenciones pol\u00edticas y proyectos con vistas al 2015. Cheppi tuvo duros conceptos\u2026","rel":"","context":"En \u00abPol\u00edtica\u00bb","block_context":{"text":"Pol\u00edtica","link":"https:\/\/www.24baires.com\/?cat=51"},"img":{"alt_text":"cheppi urribarri","src":"https:\/\/i0.wp.com\/www.24baires.com\/wp-content\/uploads\/2014\/04\/cheppi-urribarri.jpg?resize=350%2C200","width":350,"height":200,"srcset":"https:\/\/i0.wp.com\/www.24baires.com\/wp-content\/uploads\/2014\/04\/cheppi-urribarri.jpg?resize=350%2C200 1x, https:\/\/i0.wp.com\/www.24baires.com\/wp-content\/uploads\/2014\/04\/cheppi-urribarri.jpg?resize=525%2C300 1.5x"},"classes":[]},{"id":22757,"url":"https:\/\/www.24baires.com\/?p=22757","url_meta":{"origin":10482,"position":1},"title":"\u201cEn Mar del Plata va a haber lista del Frente para la Victoria\u201d dijo Cheppi y le peg\u00f3 a Pulti","author":"Grupo Sierra","date":"05\/05\/2013","format":false,"excerpt":"Con la presencia de m\u00e1s de 400 personas, el embajador argentino en Venezuela y referente del Frente para la Victoria de General Pueyrred\u00f3n, Carlos Cheppi, encabez\u00f3 un encuentro de militantes en el Instituto Unzu\u00e9, donde se confirm\u00f3 que ese espacio trabajar\u00e1 para presentar una lista propia en las elecciones legislativas\u2026","rel":"","context":"En \u00abPol\u00edtica\u00bb","block_context":{"text":"Pol\u00edtica","link":"https:\/\/www.24baires.com\/?cat=51"},"img":{"alt_text":"Encuentro Unzu\u00e9 Mayo4","src":"https:\/\/i0.wp.com\/www.24baires.com\/wp-content\/uploads\/2013\/05\/Encuentro-Unzu%C3%A9-Mayo4.jpg?resize=350%2C200","width":350,"height":200,"srcset":"https:\/\/i0.wp.com\/www.24baires.com\/wp-content\/uploads\/2013\/05\/Encuentro-Unzu%C3%A9-Mayo4.jpg?resize=350%2C200 1x, https:\/\/i0.wp.com\/www.24baires.com\/wp-content\/uploads\/2013\/05\/Encuentro-Unzu%C3%A9-Mayo4.jpg?resize=525%2C300 1.5x"},"classes":[]},{"id":14444,"url":"https:\/\/www.24baires.com\/?p=14444","url_meta":{"origin":10482,"position":2},"title":"El kirchnerismo marplatense repudi\u00f3 el acuerdo entre Pulti y Telef\u00f3nica","author":"Grupo Sierra","date":"02\/02\/2013","format":false,"excerpt":"MAR DEL PLATA.- El Frente para la Victoria marplatense repudi\u00f3 los acuerdos para financiar el traslado del palacio municipal, al tiempo que manifest\u00f3 su desconfianza respecto de lo que consider\u00f3 \"la limosna de las corporaciones\".\u00a0El encargado de comunicar la opini\u00f3n de la conducci\u00f3n pol\u00edtica del FpV marplatense fue el actual\u2026","rel":"","context":"En \u00abPol\u00edtica\u00bb","block_context":{"text":"Pol\u00edtica","link":"https:\/\/www.24baires.com\/?cat=51"},"img":{"alt_text":"cheppi","src":"https:\/\/i0.wp.com\/www.24baires.com\/wp-content\/uploads\/2012\/12\/cheppi-300x268.jpg?resize=350%2C200","width":350,"height":200},"classes":[]},{"id":2730,"url":"https:\/\/www.24baires.com\/?p=2730","url_meta":{"origin":10482,"position":3},"title":"En Mar del Plata, Cheppi, Segarra y Tullio hablaron de las elecciones en Venezuela","author":"Grupo Sierra","date":"20\/10\/2012","format":false,"excerpt":"Ante un auditorio de m\u00e1s de mil personas, el Embajador argentino en Venezuela, Carlos Cheppi, la Diputada nacional y veedora por la Honorable C\u00e1mara de Diputados, Adela Segarra, y el Director Nacional Electoral del Ministerio del Interior y veedor de UNASUR, Alejandro Tullio, disertaron en la Conferencia sobre el proceso\u2026","rel":"","context":"En \u00abPol\u00edtica\u00bb","block_context":{"text":"Pol\u00edtica","link":"https:\/\/www.24baires.com\/?cat=51"},"img":{"alt_text":"","src":"https:\/\/i0.wp.com\/www.24baires.com\/wp-content\/uploads\/2012\/10\/Cheppi-Conferencia-Octubre-19.jpg?resize=350%2C200","width":350,"height":200,"srcset":"https:\/\/i0.wp.com\/www.24baires.com\/wp-content\/uploads\/2012\/10\/Cheppi-Conferencia-Octubre-19.jpg?resize=350%2C200 1x, https:\/\/i0.wp.com\/www.24baires.com\/wp-content\/uploads\/2012\/10\/Cheppi-Conferencia-Octubre-19.jpg?resize=525%2C300 1.5x"},"classes":[]},{"id":1661,"url":"https:\/\/www.24baires.com\/?p=1661","url_meta":{"origin":10482,"position":4},"title":"\u00bfDe Venezuela a Mar del Plata?","author":"AF","date":"11\/10\/2012","format":false,"excerpt":"El kirchnerismo marplatense insiste en volver a apostar en Carlos Cheppi para las elecciones legislativas del distrito. Por esto no descartan que el actual embajador argentino en Venezuela pegue la vuelta para pelearle el Concejo a Pulti. En las elecciones para intendente del a\u00f1o pasado, Carlos Cheppi fue el perseguidor\u2026","rel":"","context":"En \u00abPol\u00edtica\u00bb","block_context":{"text":"Pol\u00edtica","link":"https:\/\/www.24baires.com\/?cat=51"},"img":{"alt_text":"","src":"https:\/\/i0.wp.com\/www.24baires.com\/wp-content\/uploads\/2012\/10\/cheppi-300x218.jpg?resize=350%2C200","width":350,"height":200},"classes":[]},{"id":73798,"url":"https:\/\/www.24baires.com\/?p=73798","url_meta":{"origin":10482,"position":5},"title":"Removieron a los embajadores argentinos en Cuba y Venezuela","author":"GB","date":"19\/10\/2015","format":false,"excerpt":"La decisi\u00f3n se inform\u00f3 a trav\u00e9s del Bolet\u00edn Oficial. A\u00fan no se dieron a conocer los nombres de los reemplazantes. El gobierno nacional inform\u00f3 que ha decidi\u00f3 trasladar a los embajadores que encabezan las embajadas argentinas en Cuba y en la Rep\u00fablica Bolivariana de Venezuela. La disposici\u00f3n fue publicada esta\u2026","rel":"","context":"En \u00abPol\u00edtica\u00bb","block_context":{"text":"Pol\u00edtica","link":"https:\/\/www.24baires.com\/?cat=51"},"img":{"alt_text":"cheppi","src":"https:\/\/i0.wp.com\/www.24baires.com\/wp-content\/uploads\/2015\/10\/cheppi.jpg?resize=350%2C200","width":350,"height":200,"srcset":"https:\/\/i0.wp.com\/www.24baires.com\/wp-content\/uploads\/2015\/10\/cheppi.jpg?resize=350%2C200 1x, https:\/\/i0.wp.com\/www.24baires.com\/wp-content\/uploads\/2015\/10\/cheppi.jpg?resize=525%2C300 1.5x"},"classes":[]}],"jetpack_sharing_enabled":true,"jetpack_likes_enabled":true,"_links":{"self":[{"href":"https:\/\/www.24baires.com\/index.php?rest_route=\/wp\/v2\/posts\/10482","targetHints":{"allow":["GET"]}}],"collection":[{"href":"https:\/\/www.24baires.com\/index.php?rest_route=\/wp\/v2\/posts"}],"about":[{"href":"https:\/\/www.24baires.com\/index.php?rest_route=\/wp\/v2\/types\/post"}],"author":[{"embeddable":true,"href":"https:\/\/www.24baires.com\/index.php?rest_route=\/wp\/v2\/users\/11"}],"replies":[{"embeddable":true,"href":"https:\/\/www.24baires.com\/index.php?rest_route=%2Fwp%2Fv2%2Fcomments&post=10482"}],"version-history":[{"count":4,"href":"https:\/\/www.24baires.com\/index.php?rest_route=\/wp\/v2\/posts\/10482\/revisions"}],"predecessor-version":[{"id":10496,"href":"https:\/\/www.24baires.com\/index.php?rest_route=\/wp\/v2\/posts\/10482\/revisions\/10496"}],"wp:attachment":[{"href":"https:\/\/www.24baires.com\/index.php?rest_route=%2Fwp%2Fv2%2Fmedia&parent=10482"}],"wp:term":[{"taxonomy":"category","embeddable":true,"href":"https:\/\/www.24baires.com\/index.php?rest_route=%2Fwp%2Fv2%2Fcategories&post=10482"},{"taxonomy":"post_tag","embeddable":true,"href":"https:\/\/www.24baires.com\/index.php?rest_route=%2Fwp%2Fv2%2Ftags&post=10482"}],"curies":[{"name":"wp","href":"https:\/\/api.w.org\/{rel}","templated":true}]}}