{"id":104697,"date":"2018-09-28T17:30:48","date_gmt":"2018-09-28T20:30:48","guid":{"rendered":"http:\/\/www.24baires.com\/?p=104697"},"modified":"2018-09-28T16:37:32","modified_gmt":"2018-09-28T19:37:32","slug":"tic-tac-tic-tac","status":"publish","type":"post","link":"https:\/\/www.24baires.com\/?p=104697","title":{"rendered":"Tic, tac, tic, tac&#8230;"},"content":{"rendered":"<p><img data-recalc-dims=\"1\" loading=\"lazy\" decoding=\"async\" src=\"https:\/\/i0.wp.com\/www.24baires.com\/wp-content\/uploads\/2018\/09\/macri.jpg?resize=560%2C314\" alt=\"\" width=\"560\" height=\"314\" class=\"aligncenter size-full wp-image-104698\" srcset=\"https:\/\/i0.wp.com\/www.24baires.com\/wp-content\/uploads\/2018\/09\/macri.jpg?w=560&amp;ssl=1 560w, https:\/\/i0.wp.com\/www.24baires.com\/wp-content\/uploads\/2018\/09\/macri.jpg?resize=300%2C168&amp;ssl=1 300w\" sizes=\"auto, (max-width: 560px) 100vw, 560px\" \/>Pidi\u00f3 que no lo volvamos loco porque nos puede hacer mucho da\u00f1o. Debemos haberlo trastornado bastante estos casi tres a\u00f1os de mandato, porque, por ejemplo, en la ciudad donde vivo se duplic\u00f3 la indigencia. No estamos hablando de pobreza, sino de un nivel mucho m\u00e1s bajo. Hablamos de las profundidades de la miseria, hablamos del hambre y el abandono continuo. No hablamos de techo porque no existe. No hablamos de oportunidades porque no hay.<!--more--><\/p>\n<p>En Mar del Plata hay m\u00e1s de 31.000 indigentes, seg\u00fan datos del propio gobierno, del Indec. La pobreza trep\u00f3 del 13 al 20% y la desesperaci\u00f3n, que no atinan a medir, alcanza niveles de estallido.<\/p>\n<p>Ollas populares, s\u00ed, ollas s\u00ed. Cortes de rutas, acampes frente al Palacio comunal, toma de dependencias municipales. Marchas, concentraciones, reclamos. Vivimos en estado de alerta y movilizaci\u00f3n. Todos los d\u00edas, cada d\u00eda. La panza ruge, Macri, Vidal y Arroyo, ajustan, aprietan, asfixian. Empujan a millones al abismo y, mientras tanto, el Intendente no s\u00f3lo no apoya ni contiene a los clubes de la ciudad -que en momentos p\u00e9simos de la econom\u00eda realizan competencias nacionales-, sino que hace todo lo posible por extinguirlos. Y trata de pelearse con empresarios locales, perdiendo de vista cualquier problem\u00e1tica acuciante, err\u00e1ndole a todo lo que puede pifiarle, rompiendo todo lo que aun estaba m\u00ednimamente funcionando. Como si lo \u00fanico que lo movilizara de su letargo antol\u00f3gico fuera un revanchismo que no se entiende, y una ignorancia que ya no sorprende.<\/p>\n<p>Mientras Mar del Plata y Bat\u00e1n se hunden en el desempleo, en la desesperanza y el retroceso, quien lleg\u00f3 al gobierno de la provincia prometiendo aumento a docentes y mejoras educativas a granel, es quien fomenta el resentimiento hacia quienes ense\u00f1an d\u00eda a d\u00eda a las hijas e hijos de esta patria sufrida y con poca memoria. Y que son quienes las y los alimentan en las escuelas, siendo ese much\u00edsimas veces el \u00fanico sitio donde comer\u00e1n algo esa jornada. Aunque por decisi\u00f3n de \u201cLa Leona\u201d, que esto obviamente lo sabe, se redujeron las raciones y pasaron de comer carne, frutas y verduras, a apenas poder contar con un s\u00e1nguche de pan viejo y hongueado con fiambre transparente.<\/p>\n<p>Y es ella la urgente esperanza de la derecha, que hace estragos desde sus puestos de poder. Porque no s\u00f3lo est\u00e1n en el gobierno, tambi\u00e9n est\u00e1n en las grandes empresas, en los medios concentrados de comunicaci\u00f3n, en los monopolios, en las mineras, en el campo. Son los mismos: el poder real es econ\u00f3mico. Entre ellos se condonan deudas millonarias, se bajan retenciones, se regalan inmensas concesiones. Y es la misma Mar\u00eda Eugenia Vidal quien no s\u00f3lo representa para ellos la posibilidad de continuidad en este desastre en el que nos han sumergido, sino tambi\u00e9n la posibilidad de, mientras tanto, hacer negocios millonarios: hace d\u00edas autoriz\u00f3 que en la Provincia que gobierna la luz vuelva a aumentar un 24%. Y eso es por poner otro ejemplo de este desastre permanente: mientras las escuelas se caen a pedazos o estallan por los aires. Mientras las y los alumnos que asisten reciben pan duro y con hongos para el almuerzo. Mientras secuestran, amenazan, torturan e intimidan a maestras que cubren, por puro amor, el rol del Estado que ha abandonado a su suerte a cualquiera que lo necesite realmente.<\/p>\n<p>Mientras Macri baila en Estados Unidos, cuando ac\u00e1 renuncian ministros y las y los trabajadores paran el pa\u00eds, mientras \u00e9l pacta hambre y muerte con el FMI. Mientras el d\u00f3lar trepa como gato asustado, mientras la inflaci\u00f3n destruye los salarios ya escasos. Mientras la industria nacional se vuelve un recuerdo triste. Mientras el presente se diluye en una crisis que ya hace estragos y ser\u00e1 monumental. Mientras el reloj del futuro inmediato levanta cada vez m\u00e1s temperatura, mientras todo se degrada, mientras en la calle se escucha fuerte y claro: tic, tac, tic, tac, tic, tac&#8230;<\/p>\n","protected":false},"excerpt":{"rendered":"<p>Pidi\u00f3 que no lo volvamos loco porque nos puede hacer mucho da\u00f1o. Debemos haberlo trastornado bastante estos casi tres a\u00f1os de mandato, porque, por ejemplo, en la ciudad donde vivo se duplic\u00f3 la indigencia. No estamos hablando de pobreza, sino de un nivel mucho m\u00e1s bajo. Hablamos de las profundidades de la miseria, hablamos del hambre y el abandono continuo. [&#8230;]<\/p>\n","protected":false},"author":4,"featured_media":0,"comment_status":"open","ping_status":"open","sticky":false,"template":"","format":"standard","meta":{"_jetpack_newsletter_access":"","_jetpack_dont_email_post_to_subs":false,"_jetpack_newsletter_tier_id":0,"_jetpack_memberships_contains_paywalled_content":false,"_jetpack_memberships_contains_paid_content":false,"footnotes":""},"categories":[64],"tags":[],"class_list":["post-104697","post","type-post","status-publish","format-standard","hentry","category-opinion"],"jetpack_featured_media_url":"","jetpack_shortlink":"https:\/\/wp.me\/p2JWE0-reF","jetpack-related-posts":[{"id":97769,"url":"https:\/\/www.24baires.com\/?p=97769","url_meta":{"origin":104697,"position":0},"title":"Hay m\u00e1s de 148 mil pobres en Mar del Plata","author":"GB","date":"29\/09\/2017","format":false,"excerpt":"El \u00edndice de pobreza cay\u00f3 hasta el 23,8% al t\u00e9rmino del primer semestre del a\u00f1o, por debajo del 26,9% del per\u00edodo julio-diciembre de 2016. El nivel de indigencia subi\u00f3 al 6% El \u00edndice de pobreza cay\u00f3 hasta el 23,8% en Mar del Plata al t\u00e9rmino del primer semestre del a\u00f1o,\u2026","rel":"","context":"En \u00abSociedad\u00bb","block_context":{"text":"Sociedad","link":"https:\/\/www.24baires.com\/?cat=1"},"img":{"alt_text":"","src":"https:\/\/i0.wp.com\/www.24baires.com\/wp-content\/uploads\/2017\/09\/indigentes.jpg?resize=350%2C200","width":350,"height":200,"srcset":"https:\/\/i0.wp.com\/www.24baires.com\/wp-content\/uploads\/2017\/09\/indigentes.jpg?resize=350%2C200 1x, https:\/\/i0.wp.com\/www.24baires.com\/wp-content\/uploads\/2017\/09\/indigentes.jpg?resize=525%2C300 1.5x"},"classes":[]},{"id":68486,"url":"https:\/\/www.24baires.com\/?p=68486","url_meta":{"origin":104697,"position":1},"title":"Seg\u00fan el BID y la ONU, Argentina es el pa\u00eds de la regi\u00f3n que m\u00e1s redujo la cantidad de pobres","author":"AF","date":"02\/07\/2015","format":false,"excerpt":"Junto a Uruguay, es el pa\u00eds con menor cantidad de pobres e indigentes, y con el mayor nivel de igualdad tomando en cuenta la redistribuci\u00f3n de la riqueza, concluyeron dos informes distintos, uno del BID y otro de la ONU. Argentina y Uruguay son los pa\u00edses de Am\u00e9rica Latina con\u2026","rel":"","context":"En \u00abSociedad\u00bb","block_context":{"text":"Sociedad","link":"https:\/\/www.24baires.com\/?cat=1"},"img":{"alt_text":"","src":"","width":0,"height":0},"classes":[]},{"id":122166,"url":"https:\/\/www.24baires.com\/?p=122166","url_meta":{"origin":104697,"position":2},"title":"Datos: 1.5 millones de bonaerenses no tienen ni para comer y m\u00e1s de 6 millones son pobres","author":"GB","date":"01\/04\/2025","format":false,"excerpt":"En el Gran La Plata, 68.232 personas no cubren una canasta b\u00e1sica de alimentos. En toda la provincia, la indigencia afecta a 1,5 millones de bonaerenses. El Instituto Nacional de Estad\u00edstica y Censos (INDEC) revel\u00f3 las cifras de pobreza e indigencia correspondientes al segundo semestre de 2024, y los n\u00fameros\u2026","rel":"","context":"En \u00abSociedad\u00bb","block_context":{"text":"Sociedad","link":"https:\/\/www.24baires.com\/?cat=1"},"img":{"alt_text":"","src":"https:\/\/i0.wp.com\/www.24baires.com\/wp-content\/uploads\/2025\/04\/cartonero.jpg?resize=350%2C200","width":350,"height":200,"srcset":"https:\/\/i0.wp.com\/www.24baires.com\/wp-content\/uploads\/2025\/04\/cartonero.jpg?resize=350%2C200 1x, https:\/\/i0.wp.com\/www.24baires.com\/wp-content\/uploads\/2025\/04\/cartonero.jpg?resize=525%2C300 1.5x, https:\/\/i0.wp.com\/www.24baires.com\/wp-content\/uploads\/2025\/04\/cartonero.jpg?resize=700%2C400 2x"},"classes":[]},{"id":112296,"url":"https:\/\/www.24baires.com\/?p=112296","url_meta":{"origin":104697,"position":3},"title":"M\u00e1s de la mitad de los ni\u00f1os argentinos son pobres","author":"AF","date":"30\/09\/2019","format":false,"excerpt":"La pobreza afecta al 52,6% de los menores de edad mientras que la indigencia llega al 13,1%. Despu\u00e9s de prometer Pobreza Cero, el presidente Mauricio Macri encara la etapa final de su campa\u00f1a por la reelecci\u00f3n con el \u00edndice de pobreza m\u00e1s alto de los \u00faltimos 17 a\u00f1os. Seg\u00fan inform\u00f3\u2026","rel":"","context":"En \u00abSociedad\u00bb","block_context":{"text":"Sociedad","link":"https:\/\/www.24baires.com\/?cat=1"},"img":{"alt_text":"","src":"https:\/\/i0.wp.com\/www.24baires.com\/wp-content\/uploads\/2018\/12\/ni%C3%B1o-hambre-pobreza.jpg?resize=350%2C200","width":350,"height":200,"srcset":"https:\/\/i0.wp.com\/www.24baires.com\/wp-content\/uploads\/2018\/12\/ni%C3%B1o-hambre-pobreza.jpg?resize=350%2C200 1x, https:\/\/i0.wp.com\/www.24baires.com\/wp-content\/uploads\/2018\/12\/ni%C3%B1o-hambre-pobreza.jpg?resize=525%2C300 1.5x"},"classes":[]},{"id":34327,"url":"https:\/\/www.24baires.com\/?p=34327","url_meta":{"origin":104697,"position":4},"title":"Seg\u00fan el INDEC el \u00edndice de pobreza baj\u00f3 al 4,7%","author":"GB","date":"29\/10\/2013","format":false,"excerpt":"El \u00cdndice de Pobreza registr\u00f3 un retroceso cercano a dos puntos porcentual al t\u00e9rmino del primer semestre del corriente a\u00f1o respecto de igual per\u00edodo de 2012, al ubicarse en el 4,7% contra el 6,5% de similar lapso anterior, inform\u00f3 hoy el Instituto Nacional de Estad\u00edstica y Censos (Indec). Adem\u00e1s, el\u2026","rel":"","context":"En \u00abEconom\u00eda\u00bb","block_context":{"text":"Econom\u00eda","link":"https:\/\/www.24baires.com\/?cat=45"},"img":{"alt_text":"","src":"","width":0,"height":0},"classes":[]},{"id":88303,"url":"https:\/\/www.24baires.com\/?p=88303","url_meta":{"origin":104697,"position":5},"title":"Sacan a la calle mil ollas populares para protestar contra el gobierno de Macri","author":"GB","date":"04\/10\/2016","format":false,"excerpt":"Ser\u00e1 en el marco de una lucha a nivel nacional que convocan la CTEP, CCC y Barrios de Pie. Afirman que se dispararon los costos de los alimentos y es imposible acceder a tierra y techo digno. Reclaman una respuesta del Gobierno. Bajo la consigna \u201cmil ollas populares por un\u2026","rel":"","context":"En \u00abSociedad\u00bb","block_context":{"text":"Sociedad","link":"https:\/\/www.24baires.com\/?cat=1"},"img":{"alt_text":"ollas-populares","src":"https:\/\/i0.wp.com\/www.24baires.com\/wp-content\/uploads\/2016\/09\/ollas-populares.jpg?resize=350%2C200","width":350,"height":200,"srcset":"https:\/\/i0.wp.com\/www.24baires.com\/wp-content\/uploads\/2016\/09\/ollas-populares.jpg?resize=350%2C200 1x, https:\/\/i0.wp.com\/www.24baires.com\/wp-content\/uploads\/2016\/09\/ollas-populares.jpg?resize=525%2C300 1.5x"},"classes":[]}],"jetpack_sharing_enabled":true,"jetpack_likes_enabled":true,"_links":{"self":[{"href":"https:\/\/www.24baires.com\/index.php?rest_route=\/wp\/v2\/posts\/104697","targetHints":{"allow":["GET"]}}],"collection":[{"href":"https:\/\/www.24baires.com\/index.php?rest_route=\/wp\/v2\/posts"}],"about":[{"href":"https:\/\/www.24baires.com\/index.php?rest_route=\/wp\/v2\/types\/post"}],"author":[{"embeddable":true,"href":"https:\/\/www.24baires.com\/index.php?rest_route=\/wp\/v2\/users\/4"}],"replies":[{"embeddable":true,"href":"https:\/\/www.24baires.com\/index.php?rest_route=%2Fwp%2Fv2%2Fcomments&post=104697"}],"version-history":[{"count":1,"href":"https:\/\/www.24baires.com\/index.php?rest_route=\/wp\/v2\/posts\/104697\/revisions"}],"predecessor-version":[{"id":104699,"href":"https:\/\/www.24baires.com\/index.php?rest_route=\/wp\/v2\/posts\/104697\/revisions\/104699"}],"wp:attachment":[{"href":"https:\/\/www.24baires.com\/index.php?rest_route=%2Fwp%2Fv2%2Fmedia&parent=104697"}],"wp:term":[{"taxonomy":"category","embeddable":true,"href":"https:\/\/www.24baires.com\/index.php?rest_route=%2Fwp%2Fv2%2Fcategories&post=104697"},{"taxonomy":"post_tag","embeddable":true,"href":"https:\/\/www.24baires.com\/index.php?rest_route=%2Fwp%2Fv2%2Ftags&post=104697"}],"curies":[{"name":"wp","href":"https:\/\/api.w.org\/{rel}","templated":true}]}}