{"id":10446,"date":"2012-12-26T12:00:55","date_gmt":"2012-12-26T15:00:55","guid":{"rendered":"http:\/\/www.24baires.com\/?p=10446"},"modified":"2012-12-26T15:09:20","modified_gmt":"2012-12-26T18:09:20","slug":"fundacion-ypf-otorgara-cien-becas-de-grado-para-egresados-de-escuelas-tecnicas","status":"publish","type":"post","link":"https:\/\/www.24baires.com\/?p=10446","title":{"rendered":"Fundaci\u00f3n YPF otorgar\u00e1 cien becas de grado para egresados de escuelas t\u00e9cnicas"},"content":{"rendered":"<p><a href=\"http:\/\/www.24baires.com\/sociedad\/10446-fundacion-ypf-otorgara-cien-becas-de-grado-para-egresados-de-escuelas-tecnicas\/attachment\/ypf\/\" rel=\"attachment wp-att-10448\"><img data-recalc-dims=\"1\" loading=\"lazy\" decoding=\"async\" class=\"aligncenter size-full wp-image-10448\" alt=\"ypf\" src=\"https:\/\/i0.wp.com\/www.24baires.com\/wp-content\/uploads\/2012\/12\/ypf.jpg?resize=500%2C375\" width=\"500\" height=\"375\" srcset=\"https:\/\/i0.wp.com\/www.24baires.com\/wp-content\/uploads\/2012\/12\/ypf.jpg?w=500&amp;ssl=1 500w, https:\/\/i0.wp.com\/www.24baires.com\/wp-content\/uploads\/2012\/12\/ypf.jpg?resize=300%2C225&amp;ssl=1 300w\" sizes=\"auto, (max-width: 500px) 100vw, 500px\" \/><\/a><\/p>\n<p>Es para las \u00e1reas cient\u00edfico-tecnol\u00f3gicas y tiene como objetivo principal incrementar el ingreso, la permanencia y la graduaci\u00f3n de estudiantes de carreras del sector energ\u00e9tico, fundamentales para el desarrollo productivo y tecnol\u00f3gico del pa\u00eds. <!--more--><br \/>\nPara contribuir a la formaci\u00f3n de estudiantes de \u00e1reas cient\u00edfico-tecnol\u00f3gicas, la Fundaci\u00f3n YPF abri\u00f3 la convocatoria a un nuevo programa de est\u00edmulo a la formaci\u00f3n superior, destinado egresados de escuelas secundarias de modalidad t\u00e9cnica.<\/p>\n<p>El programa entregar\u00e1 100 becas a estudiantes de \u00e1reas cient\u00edfico-tecnol\u00f3gicas y tiene como objetivo principal incrementar el ingreso, la permanencia y la graduaci\u00f3n de estudiantes de carreras del sector energ\u00e9tico, fundamentales para el desarrollo productivo y tecnol\u00f3gico del pa\u00eds.<\/p>\n<p>La iniciativa, que se inscribe bajo el nuevo rumbo estrat\u00e9gico de la Fundaci\u00f3n YPF \u2013Educar para la energ\u00eda\u2013, se pone marcha junto con la Subsecretar\u00eda de Gesti\u00f3n y Coordinaci\u00f3n de Pol\u00edticas Universitarias y el Instituto Nacional de Educaci\u00f3n Tecnol\u00f3gica (INET), dependientes del Ministerio de Educaci\u00f3n de la Naci\u00f3n.<\/p>\n<p>La convocatoria est\u00e1 dirigida exclusivamente a alumnos que se inscriban a las carreras de ingenier\u00eda en Petr\u00f3leo, Perforaciones, El\u00e9ctrica, Electr\u00f3nica, Mec\u00e1nica, Mecatr\u00f3nica, Electromec\u00e1nica, Qu\u00edmica, Materiales, Energ\u00eda y Ambiental; y a las licenciaturas en Geolog\u00eda, Geof\u00edsica, Geoqu\u00edmica, Geodesia, Medio Ambiente, F\u00edsica y Energ\u00e9tica de universidades p\u00fablicas de Argentina.<\/p>\n<p>La beca consiste en un aporte de 12 cuotas mensuales de $ 1.300, con una duraci\u00f3n de un a\u00f1o y la posibilidad de ser renovada hasta un m\u00e1ximo de 5 a\u00f1os, de acuerdo al desempe\u00f1o y rendimiento acad\u00e9mico demostrado por cada estudiante. Para obtener la beca es requisito acreditar un promedio general de 8 o m\u00e1s puntos.<\/p>\n<p>El proceso de selecci\u00f3n consta de una evaluaci\u00f3n de los candidatos por parte de la Fundaci\u00f3n YPF, y de un comit\u00e9 integrado por especialistas de reconocida trayectoria acad\u00e9mica y profesional. Finalmente los candidatos preseleccionados deber\u00e1n pasar por una entrevista personal.<\/p>\n<p>Los interesados podr\u00e1n solicitar la beca a trav\u00e9s del formulario publicado en el sitio web de la Fundaci\u00f3n YPF: www.fundaci\u00f3nypf.org.ar. La inscripci\u00f3n cierra el 15 de marzo de 2013.<\/p>\n<p>&nbsp;<\/p>\n<p>&nbsp;<\/p>\n<p>&nbsp;<\/p>\n<p>&nbsp;<\/p>\n<p>&nbsp;<\/p>\n<p>&nbsp;<\/p>\n<p>&nbsp;<\/p>\n<p>&nbsp;<\/p>\n<p>&nbsp;<\/p>\n<p>&nbsp;<\/p>\n<p>&nbsp;<\/p>\n<p>&nbsp;<\/p>\n<p>&nbsp;<\/p>\n<p>&nbsp;<\/p>\n<p>&nbsp;<\/p>\n<p>&nbsp;<\/p>\n<p>&nbsp;<\/p>\n<p>&nbsp;<\/p>\n<p>&nbsp;<\/p>\n<p>&nbsp;<\/p>\n<p>&nbsp;<\/p>\n<p>&nbsp;<\/p>\n<p>&nbsp;<\/p>\n<p>&nbsp;<\/p>\n<p>&nbsp;<\/p>\n<p>&nbsp;<\/p>\n<p>&nbsp;<\/p>\n<p>&nbsp;<\/p>\n<p>&nbsp;<\/p>\n<p>&nbsp;<\/p>\n<p>&nbsp;<\/p>\n","protected":false},"excerpt":{"rendered":"<p>Es para las \u00e1reas cient\u00edfico-tecnol\u00f3gicas y tiene como objetivo principal incrementar el ingreso, la permanencia y la graduaci\u00f3n de estudiantes de carreras del sector energ\u00e9tico, fundamentales para el desarrollo productivo y tecnol\u00f3gico del pa\u00eds.<\/p>\n","protected":false},"author":4,"featured_media":0,"comment_status":"open","ping_status":"open","sticky":false,"template":"","format":"standard","meta":{"_jetpack_newsletter_access":"","_jetpack_dont_email_post_to_subs":false,"_jetpack_newsletter_tier_id":0,"_jetpack_memberships_contains_paywalled_content":false,"_jetpack_memberships_contains_paid_content":false,"footnotes":""},"categories":[1],"tags":[],"class_list":["post-10446","post","type-post","status-publish","format-standard","hentry","category-sociedad"],"jetpack_featured_media_url":"","jetpack_shortlink":"https:\/\/wp.me\/p2JWE0-2Iu","jetpack-related-posts":[{"id":28785,"url":"https:\/\/www.24baires.com\/?p=28785","url_meta":{"origin":10446,"position":0},"title":"Profesionales de todo el pa\u00eds recibieron becas para especializarse en el exterior y volver","author":"AF","date":"23\/07\/2013","format":false,"excerpt":"Unos 268 profesionales de diferentes provincias del pa\u00eds recibieron becas desarrolladas por la Jefatura de Gabinete para especializarse y volver a la Argentina para competir en el mundo con mayor capacitaci\u00f3n. El jefe de Gabinete, Juan Manuel Abal Medina, inaugur\u00f3 las jornadas \"Formar para construir, claves para el desarrollo de\u2026","rel":"","context":"En \u00abSociedad\u00bb","block_context":{"text":"Sociedad","link":"https:\/\/www.24baires.com\/?cat=1"},"img":{"alt_text":"","src":"","width":0,"height":0},"classes":[]},{"id":114087,"url":"https:\/\/www.24baires.com\/?p=114087","url_meta":{"origin":10446,"position":1},"title":"Ampliar\u00e1n las becas del Conicet a 1.100 y engrosar\u00e1n su presupuesto","author":"GB","date":"11\/02\/2020","format":false,"excerpt":"As\u00ed lo inform\u00f3 el titular del ministerio de Ciencia y Tecnolog\u00eda, Roberto Salvarezza. \u201cEsta decisi\u00f3n est\u00e1 en la l\u00ednea con una idea: volver a recuperar parte de los recursos humanos que fuimos perdiendo en estos cuatro a\u00f1os\", expres\u00f3. El gobierno ampliar\u00e1 el cupo para investigadores y personal t\u00e9cnico en el\u2026","rel":"","context":"En \u00abPol\u00edtica\u00bb","block_context":{"text":"Pol\u00edtica","link":"https:\/\/www.24baires.com\/?cat=51"},"img":{"alt_text":"","src":"https:\/\/i0.wp.com\/www.24baires.com\/wp-content\/uploads\/2020\/02\/conicet.jpg?resize=350%2C200","width":350,"height":200,"srcset":"https:\/\/i0.wp.com\/www.24baires.com\/wp-content\/uploads\/2020\/02\/conicet.jpg?resize=350%2C200 1x, https:\/\/i0.wp.com\/www.24baires.com\/wp-content\/uploads\/2020\/02\/conicet.jpg?resize=525%2C300 1.5x"},"classes":[]},{"id":75655,"url":"https:\/\/www.24baires.com\/?p=75655","url_meta":{"origin":10446,"position":2},"title":"Cristina: \u00abNo permitamos que nos arrebaten el desarrollo tecnol\u00f3gico\u00bb","author":"GB","date":"26\/11\/2015","format":false,"excerpt":"La Presidenta recorri\u00f3 hoy las obras de la \u00faltima etapa del nuevo Centro Cient\u00edfico Tecnol\u00f3gico de YPF (Y-TEC) en la localidad bonaerense de Berisso, donde llam\u00f3 a \"no cerrar nunca m\u00e1s la investigaci\u00f3n\" y pidi\u00f3 que \"nunca m\u00e1s nuestros t\u00e9cnicos y cient\u00edficos se vayan\" del pa\u00eds. La presidenta lo expres\u00f3\u2026","rel":"","context":"En \u00abPol\u00edtica\u00bb","block_context":{"text":"Pol\u00edtica","link":"https:\/\/www.24baires.com\/?cat=51"},"img":{"alt_text":"cristina cientificos","src":"https:\/\/i0.wp.com\/www.24baires.com\/wp-content\/uploads\/2015\/11\/cristina-cientificos.jpg?resize=350%2C200","width":350,"height":200,"srcset":"https:\/\/i0.wp.com\/www.24baires.com\/wp-content\/uploads\/2015\/11\/cristina-cientificos.jpg?resize=350%2C200 1x, https:\/\/i0.wp.com\/www.24baires.com\/wp-content\/uploads\/2015\/11\/cristina-cientificos.jpg?resize=525%2C300 1.5x"},"classes":[]},{"id":46717,"url":"https:\/\/www.24baires.com\/?p=46717","url_meta":{"origin":10446,"position":3},"title":"Provincia presenta herramientas de gesti\u00f3n para creaci\u00f3n de pymes","author":"AF","date":"25\/05\/2014","format":false,"excerpt":"El ministro de la Producci\u00f3n, Ciencia y Tecnolog\u00eda, Cristian Breitenstein, presentar\u00e1 el pr\u00f3ximo martes las herramientas y pol\u00edticas de gesti\u00f3n para la creaci\u00f3n y el fortalecimiento de peque\u00f1as y medianas empresas e industrias en la provincia de Buenos Aires 2014-2015, en el marco de una Jornada de Desarrollo Productivo. El\u2026","rel":"","context":"En \u00abEconom\u00eda\u00bb","block_context":{"text":"Econom\u00eda","link":"https:\/\/www.24baires.com\/?cat=45"},"img":{"alt_text":"breitenstein2","src":"https:\/\/i0.wp.com\/www.24baires.com\/wp-content\/uploads\/2014\/05\/breitenstein2.jpg?resize=350%2C200","width":350,"height":200,"srcset":"https:\/\/i0.wp.com\/www.24baires.com\/wp-content\/uploads\/2014\/05\/breitenstein2.jpg?resize=350%2C200 1x, https:\/\/i0.wp.com\/www.24baires.com\/wp-content\/uploads\/2014\/05\/breitenstein2.jpg?resize=525%2C300 1.5x"},"classes":[]},{"id":19396,"url":"https:\/\/www.24baires.com\/?p=19396","url_meta":{"origin":10446,"position":4},"title":"YPF firm\u00f3 un convenio con YPFB para ampliar sus operaciones en Bolivia","author":"AF","date":"26\/03\/2013","format":false,"excerpt":"El Memorando de Entendimiento fue suscripto ayer en La Paz por Miguel Galuccio y Carlos Villegas. Prev\u00e9 el estudio de posibilidades de exploraci\u00f3n de hidrocarburos en el pa\u00eds vecino, tanto convencionales como no convencionales. La petrolera nacional YPF y la empresa energ\u00e9tica estatal de Bolivia \u2013YPFB\u2013 firmaron ayer un Memorando\u2026","rel":"","context":"En \u00abPol\u00edtica\u00bb","block_context":{"text":"Pol\u00edtica","link":"https:\/\/www.24baires.com\/?cat=51"},"img":{"alt_text":"","src":"","width":0,"height":0},"classes":[]},{"id":55493,"url":"https:\/\/www.24baires.com\/?p=55493","url_meta":{"origin":10446,"position":5},"title":"Presentan proyecto para crear un Instituto Tecnol\u00f3gico en Dolores","author":"AF","date":"16\/10\/2014","format":false,"excerpt":"El jefe comunal de Dolores, Camilo Etchevarren, present\u00f3 junto al master en Gesti\u00f3n de Ciudades Fabio Quetglas y al licenciado Fernando Tasc\u00f3n, el proyecto de creaci\u00f3n de un Instituto Tecnol\u00f3gico, orientado a formar recursos humanos. En la ocasi\u00f3n, el intendente expres\u00f3 que la iniciativa obedec\u00eda a que hay muchos j\u00f3venes\u2026","rel":"","context":"En \u00abLocales\u00bb","block_context":{"text":"Locales","link":"https:\/\/www.24baires.com\/?cat=38"},"img":{"alt_text":"","src":"","width":0,"height":0},"classes":[]}],"jetpack_sharing_enabled":true,"jetpack_likes_enabled":true,"_links":{"self":[{"href":"https:\/\/www.24baires.com\/index.php?rest_route=\/wp\/v2\/posts\/10446","targetHints":{"allow":["GET"]}}],"collection":[{"href":"https:\/\/www.24baires.com\/index.php?rest_route=\/wp\/v2\/posts"}],"about":[{"href":"https:\/\/www.24baires.com\/index.php?rest_route=\/wp\/v2\/types\/post"}],"author":[{"embeddable":true,"href":"https:\/\/www.24baires.com\/index.php?rest_route=\/wp\/v2\/users\/4"}],"replies":[{"embeddable":true,"href":"https:\/\/www.24baires.com\/index.php?rest_route=%2Fwp%2Fv2%2Fcomments&post=10446"}],"version-history":[{"count":3,"href":"https:\/\/www.24baires.com\/index.php?rest_route=\/wp\/v2\/posts\/10446\/revisions"}],"predecessor-version":[{"id":10454,"href":"https:\/\/www.24baires.com\/index.php?rest_route=\/wp\/v2\/posts\/10446\/revisions\/10454"}],"wp:attachment":[{"href":"https:\/\/www.24baires.com\/index.php?rest_route=%2Fwp%2Fv2%2Fmedia&parent=10446"}],"wp:term":[{"taxonomy":"category","embeddable":true,"href":"https:\/\/www.24baires.com\/index.php?rest_route=%2Fwp%2Fv2%2Fcategories&post=10446"},{"taxonomy":"post_tag","embeddable":true,"href":"https:\/\/www.24baires.com\/index.php?rest_route=%2Fwp%2Fv2%2Ftags&post=10446"}],"curies":[{"name":"wp","href":"https:\/\/api.w.org\/{rel}","templated":true}]}}