{"id":1043,"date":"2012-10-04T23:14:40","date_gmt":"2012-10-05T02:14:40","guid":{"rendered":"http:\/\/www.24baires.com\/?p=1043"},"modified":"2012-10-04T23:14:40","modified_gmt":"2012-10-05T02:14:40","slug":"que-vuelvan-los-militares-y-haya-millones-de-desaparecidos","status":"publish","type":"post","link":"https:\/\/www.24baires.com\/?p=1043","title":{"rendered":"\u00abQue vuelvan los militares y haya millones de desaparecidos\u00bb"},"content":{"rendered":"<p><img data-recalc-dims=\"1\" loading=\"lazy\" decoding=\"async\" class=\"aligncenter size-full wp-image-1044\" title=\"porcel hijo\" src=\"https:\/\/i0.wp.com\/www.24baires.com\/wp-content\/uploads\/2012\/10\/porcel-hijo.jpg?resize=560%2C419\" alt=\"\" width=\"560\" height=\"419\" srcset=\"https:\/\/i0.wp.com\/www.24baires.com\/wp-content\/uploads\/2012\/10\/porcel-hijo.jpg?w=560&amp;ssl=1 560w, https:\/\/i0.wp.com\/www.24baires.com\/wp-content\/uploads\/2012\/10\/porcel-hijo.jpg?resize=300%2C224&amp;ssl=1 300w\" sizes=\"auto, (max-width: 560px) 100vw, 560px\" \/><\/p>\n<p>En el marco del esc\u00e1ndalo que \u00e9l mismo gener\u00f3 al ser criticado tras exigir un sueldo de 20.000 pesos por portaci\u00f3n de apellido, el hijo del Gordo Porcel mostr\u00f3 la hilacha en un ciclo radial.<!--more--><\/p>\n<p>Entrevistado por el programa radial de WTF Comedy Radio, Jorge Porcel Junior anunci\u00f3 que est\u00e1 por comenzar una guerra de juicios contra los programas que lo critican.<\/p>\n<p>Para ellos, el hombre asegur\u00f3 que ya hab\u00eda conseguido un abogado penalista que \u201cle gusta mucho el dinero\u201d, recalc\u00f3.<\/p>\n<p>\u00abYo soy un tipo que quiere plata, no me interesa la fama. Les voy a hacer la vida imposible. Aparte el abogado que me presentaron es buen\u00edsimo y le gusta la guita, le voy a dar el 70% s\u00f3lo para que les arruine la vida\u00bb, amenaz\u00f3 Porcel hijo.<\/p>\n<p>Y agreg\u00f3: \u00abMa\u00f1ana hablo con el abogado penalista y salen las cartas documento ma\u00f1ana mismo. Es lo que me corresponde. \u00bfSab\u00e9s lo que pasa? \u00c9ste es un sistema explotador hijo de puta\u2026\u201d.<\/p>\n<p>\u201cAc\u00e1 \u00bfsab\u00e9s lo que hace falta, hermana? Que vuelvan los militares y haya veinte millones de desaparecidos\u00bb, dispar\u00f3 tristemente Porcel, <strong>la frase con la que acaba de cavarse su propia tumba.<\/strong><\/p>\n","protected":false},"excerpt":{"rendered":"<p>En el marco del esc\u00e1ndalo que \u00e9l mismo gener\u00f3 al ser criticado tras exigir un sueldo de 20.000 pesos por portaci\u00f3n de apellido, el hijo del Gordo Porcel mostr\u00f3 la hilacha en un ciclo radial.<\/p>\n","protected":false},"author":11,"featured_media":0,"comment_status":"open","ping_status":"open","sticky":false,"template":"","format":"standard","meta":{"_jetpack_newsletter_access":"","_jetpack_dont_email_post_to_subs":false,"_jetpack_newsletter_tier_id":0,"_jetpack_memberships_contains_paywalled_content":false,"_jetpack_memberships_contains_paid_content":false,"footnotes":""},"categories":[41],"tags":[],"class_list":["post-1043","post","type-post","status-publish","format-standard","hentry","category-espectaculos"],"jetpack_featured_media_url":"","jetpack_shortlink":"https:\/\/wp.me\/p2JWE0-gP","jetpack-related-posts":[{"id":1201,"url":"https:\/\/www.24baires.com\/?p=1201","url_meta":{"origin":1043,"position":0},"title":"Denuncian a Jorgel Porcel Jr. por \u00abinstigaci\u00f3n al delito\u00bb","author":"AF","date":"06\/10\/2012","format":false,"excerpt":"El abogado Jorge Monastersky pide que se investigue \"la posible comisi\u00f3n de delito de acci\u00f3n p\u00fablica\" a partir de las fuertes declaraciones del hijo de Jorge Porcel, quien manifest\u00f3 p\u00fablicamente \u00a0su deseo de \"que vuelvan los militares y haya veinte millones de desaparecidos\". A continuaci\u00f3n se reproduce la denuncia presentada\u2026","rel":"","context":"En \u00abEspectaculos\u00bb","block_context":{"text":"Espectaculos","link":"https:\/\/www.24baires.com\/?cat=41"},"img":{"alt_text":"","src":"https:\/\/i0.wp.com\/www.24baires.com\/wp-content\/uploads\/2012\/10\/porceljr.jpg?resize=350%2C200","width":350,"height":200,"srcset":"https:\/\/i0.wp.com\/www.24baires.com\/wp-content\/uploads\/2012\/10\/porceljr.jpg?resize=350%2C200 1x, https:\/\/i0.wp.com\/www.24baires.com\/wp-content\/uploads\/2012\/10\/porceljr.jpg?resize=525%2C300 1.5x"},"classes":[]},{"id":57639,"url":"https:\/\/www.24baires.com\/?p=57639","url_meta":{"origin":1043,"position":1},"title":"Juzgan a ex subcomisario de la Federal por encubrir a un apropiador","author":"AF","date":"25\/11\/2014","format":false,"excerpt":"Se trata de Adolfo Osvaldo Porcel acusado de fraguar un allanamiento en el que se intentaba obtener material gen\u00e9tica para un cotejo de ADN y la restituci\u00f3n de identidad de Pedro Sandoval Fontana. El subcomisario de la Polic\u00eda Federal, Adolfo Osvaldo Porcel se sentar\u00e1 hoy ante el Tribunal Oral Federal\u2026","rel":"","context":"En \u00abJUDICIALES\u00bb","block_context":{"text":"JUDICIALES","link":"https:\/\/www.24baires.com\/?cat=68"},"img":{"alt_text":"porcel","src":"https:\/\/i0.wp.com\/www.24baires.com\/wp-content\/uploads\/2014\/11\/porcel-300x199.jpg?resize=350%2C200","width":350,"height":200},"classes":[]},{"id":58129,"url":"https:\/\/www.24baires.com\/?p=58129","url_meta":{"origin":1043,"position":2},"title":"Massa y Carri\u00f3 ir\u00e1n a audiencia de conciliaci\u00f3n","author":"GB","date":"04\/12\/2014","format":false,"excerpt":"Los diputados Sergio Massa y Elisa Carri\u00f3 fueron citados a una audiencia de conciliaci\u00f3n por el juez federal Luis Rodriguez, en el marco de una denuncia por calumnias e injurias presentada por el l\u00edder del Frente Renovador tras haber sido vinculado con el narcotr\u00e1fico por la legisladora. El juez convoco\u2026","rel":"","context":"En \u00abPol\u00edtica\u00bb","block_context":{"text":"Pol\u00edtica","link":"https:\/\/www.24baires.com\/?cat=51"},"img":{"alt_text":"massa carri\u00f3","src":"https:\/\/i0.wp.com\/www.24baires.com\/wp-content\/uploads\/2014\/11\/massa-carri%C3%B3.jpg?resize=350%2C200","width":350,"height":200,"srcset":"https:\/\/i0.wp.com\/www.24baires.com\/wp-content\/uploads\/2014\/11\/massa-carri%C3%B3.jpg?resize=350%2C200 1x, https:\/\/i0.wp.com\/www.24baires.com\/wp-content\/uploads\/2014\/11\/massa-carri%C3%B3.jpg?resize=525%2C300 1.5x"},"classes":[]},{"id":58228,"url":"https:\/\/www.24baires.com\/?p=58228","url_meta":{"origin":1043,"position":3},"title":"En diciembre finalizan cinco juicios por cr\u00edmenes de Lesa Humanidad","author":"GB","date":"06\/12\/2014","format":false,"excerpt":"Cinco sentencias se conocer\u00e1n en lo que resta del a\u00f1o por cr\u00edmenes de lesa humanidad cometidos durante la dictadura c\u00edvico militar, en juicios que se llevan adelante en el gran Buenos Aires, Tucum\u00e1n y en la ciudad de Mar del Plata. El martes pr\u00f3ximo el Tribunal Oral Federal 5 de\u2026","rel":"","context":"En \u00abLocales\u00bb","block_context":{"text":"Locales","link":"https:\/\/www.24baires.com\/?cat=38"},"img":{"alt_text":"","src":"","width":0,"height":0},"classes":[]},{"id":16334,"url":"https:\/\/www.24baires.com\/?p=16334","url_meta":{"origin":1043,"position":4},"title":"Muri\u00f3 &#8216;El Facha&#8217; Martel a los 65 a\u00f1os","author":"AF","date":"21\/02\/2013","format":false,"excerpt":"En la tarde del jueves falleci\u00f3 el actor Adri\u00e1n \"Facha\" Martel. El hombre estaba internado desde hace algunas semanas en el Sanatorio de la Providencia. A los 65 a\u00f1os, \"El Facha\" muri\u00f3 luego de varios d\u00edas de internaci\u00f3n. El actor se encontraba internado desde principios de febrero en La Providencia,\u2026","rel":"","context":"En \u00abSociedad\u00bb","block_context":{"text":"Sociedad","link":"https:\/\/www.24baires.com\/?cat=1"},"img":{"alt_text":"facha martel","src":"https:\/\/i0.wp.com\/www.24baires.com\/wp-content\/uploads\/2013\/02\/facha-martel-300x225.jpg?resize=350%2C200","width":350,"height":200},"classes":[]},{"id":17280,"url":"https:\/\/www.24baires.com\/?p=17280","url_meta":{"origin":1043,"position":5},"title":"El Negro Olmedo sigue vivo en el humor popular","author":"Grupo Sierra","date":"03\/03\/2013","format":false,"excerpt":"Alberto Olmedo es sin\u00f3nimo de humor y su mito se acrecienta d\u00eda a d\u00eda. Este martes se cumplen 25 a\u00f1os de su tr\u00e1gica muerte, pero el popular Negro sigue m\u00e1s vigente que nunca. Nacido en el humilde barrio Pichincha de la ciudad de Rosario, lo cri\u00f3 su madre sola, Matilde\u2026","rel":"","context":"En \u00abEspectaculos\u00bb","block_context":{"text":"Espectaculos","link":"https:\/\/www.24baires.com\/?cat=41"},"img":{"alt_text":"olmedo alberto negro","src":"https:\/\/i0.wp.com\/www.24baires.com\/wp-content\/uploads\/2013\/03\/olmedo-alberto-negro.jpg?resize=350%2C200","width":350,"height":200,"srcset":"https:\/\/i0.wp.com\/www.24baires.com\/wp-content\/uploads\/2013\/03\/olmedo-alberto-negro.jpg?resize=350%2C200 1x, https:\/\/i0.wp.com\/www.24baires.com\/wp-content\/uploads\/2013\/03\/olmedo-alberto-negro.jpg?resize=525%2C300 1.5x"},"classes":[]}],"jetpack_sharing_enabled":true,"jetpack_likes_enabled":true,"_links":{"self":[{"href":"https:\/\/www.24baires.com\/index.php?rest_route=\/wp\/v2\/posts\/1043","targetHints":{"allow":["GET"]}}],"collection":[{"href":"https:\/\/www.24baires.com\/index.php?rest_route=\/wp\/v2\/posts"}],"about":[{"href":"https:\/\/www.24baires.com\/index.php?rest_route=\/wp\/v2\/types\/post"}],"author":[{"embeddable":true,"href":"https:\/\/www.24baires.com\/index.php?rest_route=\/wp\/v2\/users\/11"}],"replies":[{"embeddable":true,"href":"https:\/\/www.24baires.com\/index.php?rest_route=%2Fwp%2Fv2%2Fcomments&post=1043"}],"version-history":[{"count":0,"href":"https:\/\/www.24baires.com\/index.php?rest_route=\/wp\/v2\/posts\/1043\/revisions"}],"wp:attachment":[{"href":"https:\/\/www.24baires.com\/index.php?rest_route=%2Fwp%2Fv2%2Fmedia&parent=1043"}],"wp:term":[{"taxonomy":"category","embeddable":true,"href":"https:\/\/www.24baires.com\/index.php?rest_route=%2Fwp%2Fv2%2Fcategories&post=1043"},{"taxonomy":"post_tag","embeddable":true,"href":"https:\/\/www.24baires.com\/index.php?rest_route=%2Fwp%2Fv2%2Ftags&post=1043"}],"curies":[{"name":"wp","href":"https:\/\/api.w.org\/{rel}","templated":true}]}}