{"id":10410,"date":"2012-12-26T11:32:35","date_gmt":"2012-12-26T14:32:35","guid":{"rendered":"http:\/\/www.24baires.com\/?p=10410"},"modified":"2012-12-26T11:32:35","modified_gmt":"2012-12-26T14:32:35","slug":"bahia-blanca-alumna-se-trago-dos-alfileres-para-evitar-rendir-una-materia","status":"publish","type":"post","link":"https:\/\/www.24baires.com\/?p=10410","title":{"rendered":"Bah\u00eda Blanca: alumna se trag\u00f3 dos alfileres para evitar rendir una materia"},"content":{"rendered":"<p>La adolescente de 15 a\u00f1os, que acude al San Vicente de Paul, intent\u00f3 provocarse una hemorragia en la boca para no rendir. Sin embargo, termin\u00f3 internada y con los alfileres en el interior de su cuerpo.<!--more--><br \/>\nUna adolescente de 15 a\u00f1os que acude al colegio San Vicente de Paul se trag\u00f3 dos alfileres para evitar rendir un examen y termin\u00f3 internada en el Hospital Privado del Sur.<\/p>\n<p>La joven deb\u00eda rendir una materia y para prolongar el examen al mes de Febrero, intent\u00f3 provocarse una hemorragia en la boca. Sin embargo, mientras dialogaba con los profesores y autoridades de mesa, se trag\u00f3 los alfileres, lo que deriv\u00f3 en su casi inmediata internaci\u00f3n.<\/p>\n<p>Fue hospitalizada de urgencia durante 24 horas y en ese momento comenz\u00f3 el seguimiento de los alfileres en el interior de su cuerpo. Seg\u00fan informaron los m\u00e9dicos del Privado del Sur, un alfiler se encontraba en el colon y otro en el intestino.<\/p>\n<p>Si bien la alumna ya fue dada de alta, contin\u00faa sometida a un tratamiento ambulatorio diario, ya que la situaci\u00f3n es compleja.<\/p>\n<p>&nbsp;<\/p>\n<p>&nbsp;<\/p>\n<p>&nbsp;<\/p>\n<p>&nbsp;<\/p>\n<p>&nbsp;<\/p>\n<p>&nbsp;<\/p>\n<p>&nbsp;<\/p>\n<p>&nbsp;<\/p>\n<p>&nbsp;<\/p>\n<p>&nbsp;<\/p>\n<p>&nbsp;<\/p>\n<p>&nbsp;<\/p>\n<p>&nbsp;<\/p>\n<p>&nbsp;<\/p>\n<p>&nbsp;<\/p>\n<p>&nbsp;<\/p>\n<p>&nbsp;<\/p>\n<p>&nbsp;<\/p>\n<p>&nbsp;<\/p>\n<p>&nbsp;<\/p>\n<p>&nbsp;<\/p>\n<p>&nbsp;<\/p>\n<p>&nbsp;<\/p>\n","protected":false},"excerpt":{"rendered":"<p>La adolescente de 15 a\u00f1os, que acude al San Vicente de Paul, intent\u00f3 provocarse una hemorragia en la boca para no rendir. Sin embargo, termin\u00f3 internada y con los alfileres en el interior de su cuerpo.<\/p>\n","protected":false},"author":4,"featured_media":0,"comment_status":"open","ping_status":"open","sticky":false,"template":"","format":"standard","meta":{"_jetpack_newsletter_access":"","_jetpack_dont_email_post_to_subs":false,"_jetpack_newsletter_tier_id":0,"_jetpack_memberships_contains_paywalled_content":false,"_jetpack_memberships_contains_paid_content":false,"footnotes":""},"categories":[1],"tags":[],"class_list":["post-10410","post","type-post","status-publish","format-standard","hentry","category-sociedad"],"jetpack_featured_media_url":"","jetpack_shortlink":"https:\/\/wp.me\/p2JWE0-2HU","jetpack-related-posts":[{"id":16458,"url":"https:\/\/www.24baires.com\/?p=16458","url_meta":{"origin":10410,"position":0},"title":"Un Patrulla Municipal de La Matanza rescat\u00f3 a un nene que se hab\u00eda tragado un tornillo","author":"Grupo Sierra","date":"22\/02\/2013","format":false,"excerpt":"Agentes municipales trasladaron a un nene de dos a\u00f1os que se hab\u00eda tragado un tornillo y consecuencia de esto sufri\u00f3 una importante hemorragia. El chico fue dado de alta.\u00a0 \u00a0 \u00a0 \u00a0 \u00a0 L\u00e1zaro Contreras, un nene de 2 a\u00f1os y 5 meses se trag\u00f3 un tornillo mientras jugaba con\u2026","rel":"","context":"En \u00abSociedad\u00bb","block_context":{"text":"Sociedad","link":"https:\/\/www.24baires.com\/?cat=1"},"img":{"alt_text":"matanza nene tornillo","src":"https:\/\/i0.wp.com\/www.24baires.com\/wp-content\/uploads\/2013\/02\/matanza-nene-tornillo-300x191.jpg?resize=350%2C200","width":350,"height":200},"classes":[]},{"id":72705,"url":"https:\/\/www.24baires.com\/?p=72705","url_meta":{"origin":10410,"position":1},"title":"El curso te\u00f3rico para sacar el registro para conducir se podr\u00e1 hacer por internet","author":"GB","date":"25\/09\/2015","format":false,"excerpt":"El Ministro de Interior y Transporte, Florencio Randazzo, present\u00f3 esta una nueva herramienta digital. \"Es un sistema muy sencillo que permite a las personas adquirir los conocimientos sin tener que hacer el curso presencial\u201d, dijo. El Ministro de Interior y Transporte, Florencio Randazzo, present\u00f3 en la Casa de Gobierno hoy\u2026","rel":"","context":"En \u00abSociedad\u00bb","block_context":{"text":"Sociedad","link":"https:\/\/www.24baires.com\/?cat=1"},"img":{"alt_text":"randazzo","src":"https:\/\/i0.wp.com\/www.24baires.com\/wp-content\/uploads\/2012\/11\/randazzo.jpg?resize=350%2C200","width":350,"height":200,"srcset":"https:\/\/i0.wp.com\/www.24baires.com\/wp-content\/uploads\/2012\/11\/randazzo.jpg?resize=350%2C200 1x, https:\/\/i0.wp.com\/www.24baires.com\/wp-content\/uploads\/2012\/11\/randazzo.jpg?resize=525%2C300 1.5x"},"classes":[]},{"id":18466,"url":"https:\/\/www.24baires.com\/?p=18466","url_meta":{"origin":10410,"position":2},"title":"Olavarr\u00eda: mujer se trag\u00f3 bolsa con droga cuando allanaban su casa","author":"AF","date":"15\/03\/2013","format":false,"excerpt":"Ocurri\u00f3 el jueves por la tarde durante un procedimiento en el barrio Coronel Dorrego. La mujer se descompuso y comenz\u00f3 a tener v\u00f3mitos, tras tragar el envoltorio con estupefacientes. Fue traslada al Hospital donde permanece internada. Su cuadro se agravar\u00eda en caso que la bolsa se reviente en su cuerpo.\u2026","rel":"","context":"En \u00abLocales\u00bb","block_context":{"text":"Locales","link":"https:\/\/www.24baires.com\/?cat=38"},"img":{"alt_text":"allanamiento olav trag\u00f3 bolsa","src":"https:\/\/i0.wp.com\/www.24baires.com\/wp-content\/uploads\/2013\/03\/allanamiento-olav-trag%C3%B3-bolsa.jpg?resize=350%2C200","width":350,"height":200,"srcset":"https:\/\/i0.wp.com\/www.24baires.com\/wp-content\/uploads\/2013\/03\/allanamiento-olav-trag%C3%B3-bolsa.jpg?resize=350%2C200 1x, https:\/\/i0.wp.com\/www.24baires.com\/wp-content\/uploads\/2013\/03\/allanamiento-olav-trag%C3%B3-bolsa.jpg?resize=525%2C300 1.5x"},"classes":[]},{"id":95966,"url":"https:\/\/www.24baires.com\/?p=95966","url_meta":{"origin":10410,"position":3},"title":"Sergio no muri\u00f3 de fr\u00edo","author":"AF","date":"18\/07\/2017","format":false,"excerpt":"Dicen que hay gente que muere en la calle, cuando el fr\u00edo aprieta hasta el final. Dicen que mueren de fr\u00edo. En Mar del Plata, durante el a\u00f1o 2016, fallecieron en estas circunstancias al menos diez personas. Este lunes apareci\u00f3 muerto Sergio Fern\u00e1ndez, convirti\u00e9ndose en la tercera persona que pierde\u2026","rel":"","context":"En \u00abOpini\u00f3n\u00bb","block_context":{"text":"Opini\u00f3n","link":"https:\/\/www.24baires.com\/?cat=64"},"img":{"alt_text":"","src":"https:\/\/i0.wp.com\/www.24baires.com\/wp-content\/uploads\/2017\/07\/homeless.jpg?resize=350%2C200","width":350,"height":200,"srcset":"https:\/\/i0.wp.com\/www.24baires.com\/wp-content\/uploads\/2017\/07\/homeless.jpg?resize=350%2C200 1x, https:\/\/i0.wp.com\/www.24baires.com\/wp-content\/uploads\/2017\/07\/homeless.jpg?resize=525%2C300 1.5x"},"classes":[]},{"id":6983,"url":"https:\/\/www.24baires.com\/?p=6983","url_meta":{"origin":10410,"position":4},"title":"Se conoci\u00f3 el primer informe m\u00e9dico sobre la situaci\u00f3n de la menor golpeada en Saladillo","author":"Grupo Sierra","date":"27\/11\/2012","format":false,"excerpt":"La joven de 14 a\u00f1os que fue atacada en Saladillo continuaba internada en terapia intensiva, \"confusa\" y bajo un estado de \"excitaci\u00f3n psicomotriz\", sin que por el momento los m\u00e9dicos hayan corroborado o descartado una violaci\u00f3n, inform\u00f3 el director del hospital Posadas de esa ciudad. Seg\u00fan el informe dado a\u2026","rel":"","context":"En \u00abPoliciales\u00bb","block_context":{"text":"Policiales","link":"https:\/\/www.24baires.com\/?cat=49"},"img":{"alt_text":"","src":"","width":0,"height":0},"classes":[]},{"id":78743,"url":"https:\/\/www.24baires.com\/?p=78743","url_meta":{"origin":10410,"position":5},"title":"El lunes abrir\u00e1 la inscripci\u00f3n para el Poder Judicial","author":"AF","date":"10\/02\/2016","format":false,"excerpt":"La Suprema Corte convoc\u00f3 a examen para integrar el listado de aspirantes a ingresar como personal administrativo a la Justicia bonaerense. Y con ese fin abrir\u00e1 un per\u00edodo de inscripci\u00f3n entre el 15 y el 29 de este mes a trav\u00e9s de la p\u00e1gina web del alto tribunal. Se trata\u2026","rel":"","context":"En \u00abSociedad\u00bb","block_context":{"text":"Sociedad","link":"https:\/\/www.24baires.com\/?cat=1"},"img":{"alt_text":"","src":"","width":0,"height":0},"classes":[]}],"jetpack_sharing_enabled":true,"jetpack_likes_enabled":true,"_links":{"self":[{"href":"https:\/\/www.24baires.com\/index.php?rest_route=\/wp\/v2\/posts\/10410","targetHints":{"allow":["GET"]}}],"collection":[{"href":"https:\/\/www.24baires.com\/index.php?rest_route=\/wp\/v2\/posts"}],"about":[{"href":"https:\/\/www.24baires.com\/index.php?rest_route=\/wp\/v2\/types\/post"}],"author":[{"embeddable":true,"href":"https:\/\/www.24baires.com\/index.php?rest_route=\/wp\/v2\/users\/4"}],"replies":[{"embeddable":true,"href":"https:\/\/www.24baires.com\/index.php?rest_route=%2Fwp%2Fv2%2Fcomments&post=10410"}],"version-history":[{"count":2,"href":"https:\/\/www.24baires.com\/index.php?rest_route=\/wp\/v2\/posts\/10410\/revisions"}],"predecessor-version":[{"id":10412,"href":"https:\/\/www.24baires.com\/index.php?rest_route=\/wp\/v2\/posts\/10410\/revisions\/10412"}],"wp:attachment":[{"href":"https:\/\/www.24baires.com\/index.php?rest_route=%2Fwp%2Fv2%2Fmedia&parent=10410"}],"wp:term":[{"taxonomy":"category","embeddable":true,"href":"https:\/\/www.24baires.com\/index.php?rest_route=%2Fwp%2Fv2%2Fcategories&post=10410"},{"taxonomy":"post_tag","embeddable":true,"href":"https:\/\/www.24baires.com\/index.php?rest_route=%2Fwp%2Fv2%2Ftags&post=10410"}],"curies":[{"name":"wp","href":"https:\/\/api.w.org\/{rel}","templated":true}]}}