{"id":10394,"date":"2012-12-26T10:17:25","date_gmt":"2012-12-26T13:17:25","guid":{"rendered":"http:\/\/www.24baires.com\/?p=10394"},"modified":"2012-12-26T10:17:30","modified_gmt":"2012-12-26T13:17:30","slug":"durante-el-brindis-navideno-huyeron-tres-presos-de-sierra-chica-fueron-recapturados","status":"publish","type":"post","link":"https:\/\/www.24baires.com\/?p=10394","title":{"rendered":"Durante el brindis navide\u00f1o huyeron tres presos de Sierra Chica: fueron recapturados"},"content":{"rendered":"<p><a href=\"http:\/\/www.24baires.com\/sociedad\/10394-durante-el-brindis-navideno-huyeron-tres-presos-de-sierra-chica-fueron-recapturados\/attachment\/huida-penal-sierra-chica\/\" rel=\"attachment wp-att-10395\"><img data-recalc-dims=\"1\" loading=\"lazy\" decoding=\"async\" class=\"aligncenter size-full wp-image-10395\" alt=\"huida penal sierra chica\" src=\"https:\/\/i0.wp.com\/www.24baires.com\/wp-content\/uploads\/2012\/12\/huida-penal-sierra-chica.jpg?resize=550%2C413\" width=\"550\" height=\"413\" srcset=\"https:\/\/i0.wp.com\/www.24baires.com\/wp-content\/uploads\/2012\/12\/huida-penal-sierra-chica.jpg?w=550&amp;ssl=1 550w, https:\/\/i0.wp.com\/www.24baires.com\/wp-content\/uploads\/2012\/12\/huida-penal-sierra-chica.jpg?resize=300%2C225&amp;ssl=1 300w\" sizes=\"auto, (max-width: 550px) 100vw, 550px\" \/><\/a><\/p>\n<p><strong>OLAVARR\u00cdA &#8211;<\/strong> Los reclusos limaron los barrotes de una ventana, utilizaron una frazada para saltar un alambre perimetral y salieron frente a la guardia sin ser vistos. Tras un operativo de b\u00fasqueda fueron recapturados en la zona cuando hu\u00edan.<!--more--><\/p>\n<p>Tres presos se fugaron de la Unidad 38 de Sierra Chica en los primeros minutos de la Navidad y m\u00e1s tarde fueron recapturados durante un operativo de b\u00fasqueda al constatarse el ins\u00f3lito hecho.<\/p>\n<p>No es la primera vez que presos alojados en el complejo penitenciario de Sierra Chica logran burlar la seguridad de esta c\u00e1rcel (en agosto escaparon dos internos), pero la fuga de este martes se perpetr\u00f3 en circunstancias que hacen el caso muy singular.<\/p>\n<p>Ocurri\u00f3 aproximadamente a la medianoche, la hora del brindis de Nochebuena. Seg\u00fan relataron a Infoeme fuentes vinculadas al Servicio Penitenciario, los reclusos, que pertenecen al mismo pabell\u00f3n, limaron los barrotes de la ventana de una celda y desde all\u00ed se dirigieron al per\u00edmetro.<\/p>\n<p>Utilizaron una frazada para saltar sobre el alambrado de p\u00faas y finalmente salieron por la guardia en momentos en que no hab\u00eda agentes vigilando el lugar.<\/p>\n<p>La fuga se detect\u00f3 minutos m\u00e1s tarde e inmediatamente comenz\u00f3 un operativo de b\u00fasqueda que permiti\u00f3 interceptar a los tres reclusos por la zona en plena huida.<\/p>\n<p>Los tres fueron recapturados y luego trasladados a la Unidad 2. Seg\u00fan las averiguaciones, ninguno de ellos ser\u00eda de Olavarr\u00eda.<\/p>\n<p>&nbsp;<\/p>\n<p>&nbsp;<\/p>\n<p>&nbsp;<\/p>\n<p>&nbsp;<\/p>\n<p>&nbsp;<\/p>\n<p>&nbsp;<\/p>\n<p>&nbsp;<\/p>\n<p>&nbsp;<\/p>\n<p>&nbsp;<\/p>\n<p>&nbsp;<\/p>\n<p>&nbsp;<\/p>\n<p>&nbsp;<\/p>\n<p>&nbsp;<\/p>\n<p>&nbsp;<\/p>\n<p>&nbsp;<\/p>\n<p>&nbsp;<\/p>\n<p>&nbsp;<\/p>\n","protected":false},"excerpt":{"rendered":"<p>OLAVARR\u00cdA &#8211; Los reclusos limaron los barrotes de una ventana, utilizaron una frazada para saltar un alambre perimetral y salieron frente a la guardia sin ser vistos. Tras un operativo de b\u00fasqueda fueron recapturados en la zona cuando hu\u00edan.<\/p>\n","protected":false},"author":4,"featured_media":0,"comment_status":"open","ping_status":"open","sticky":false,"template":"","format":"standard","meta":{"_jetpack_newsletter_access":"","_jetpack_dont_email_post_to_subs":false,"_jetpack_newsletter_tier_id":0,"_jetpack_memberships_contains_paywalled_content":false,"_jetpack_memberships_contains_paid_content":false,"footnotes":""},"categories":[49,1],"tags":[],"class_list":["post-10394","post","type-post","status-publish","format-standard","hentry","category-policiales","category-sociedad"],"jetpack_featured_media_url":"","jetpack_shortlink":"https:\/\/wp.me\/p2JWE0-2HE","jetpack-related-posts":[{"id":26869,"url":"https:\/\/www.24baires.com\/?p=26869","url_meta":{"origin":10394,"position":0},"title":"Sierra Chica: se escaparon tres presos en una semana","author":"AF","date":"25\/06\/2013","format":false,"excerpt":"OLAVARR\u00cdA - Un preso se escap\u00f3 de la Unidad Penal 27 de Sierra Chica, ubicada en el partido bonaerense de Olavarr\u00eda, lo que represent\u00f3 la tercera fuga en siete d\u00edas y la d\u00e9cima del a\u00f1o, aunque poco despu\u00e9s fue recapturado. Un jefe policial inform\u00f3 que se trata de Rodrigo Marcelo\u2026","rel":"","context":"En \u00abLocales\u00bb","block_context":{"text":"Locales","link":"https:\/\/www.24baires.com\/?cat=38"},"img":{"alt_text":"sierra chica","src":"https:\/\/i0.wp.com\/www.24baires.com\/wp-content\/uploads\/2013\/06\/sierra-chica.jpg?resize=350%2C200","width":350,"height":200,"srcset":"https:\/\/i0.wp.com\/www.24baires.com\/wp-content\/uploads\/2013\/06\/sierra-chica.jpg?resize=350%2C200 1x, https:\/\/i0.wp.com\/www.24baires.com\/wp-content\/uploads\/2013\/06\/sierra-chica.jpg?resize=525%2C300 1.5x"},"classes":[]},{"id":55278,"url":"https:\/\/www.24baires.com\/?p=55278","url_meta":{"origin":10394,"position":1},"title":"Luj\u00e1n: contin\u00faan con la b\u00fasqueda de los presos fugados","author":"AF","date":"13\/10\/2014","format":false,"excerpt":"Los presos evadidos fueron doce, seis de los cuales fueron recapturados en las primeras horas despu\u00e9s de la fuga. M\u00e1s de 70 efectivos trabajan en la zona. El hecho ocurri\u00f3 anoche en la comisar\u00eda primera de Luj\u00e1n, en Las Heras entre Italia y Rivadavia, en pleno centro de la ciudad\u2026","rel":"","context":"En \u00abLocales\u00bb","block_context":{"text":"Locales","link":"https:\/\/www.24baires.com\/?cat=38"},"img":{"alt_text":"c\u00e1rcel","src":"https:\/\/i0.wp.com\/www.24baires.com\/wp-content\/uploads\/2013\/06\/c%C3%A1rcel.jpg?resize=350%2C200","width":350,"height":200,"srcset":"https:\/\/i0.wp.com\/www.24baires.com\/wp-content\/uploads\/2013\/06\/c%C3%A1rcel.jpg?resize=350%2C200 1x, https:\/\/i0.wp.com\/www.24baires.com\/wp-content\/uploads\/2013\/06\/c%C3%A1rcel.jpg?resize=525%2C300 1.5x"},"classes":[]},{"id":41142,"url":"https:\/\/www.24baires.com\/?p=41142","url_meta":{"origin":10394,"position":2},"title":"Jun\u00edn: se escaparon seis presos de una c\u00e1rcel de m\u00e1xima seguridad","author":"Grupo Sierra","date":"26\/02\/2014","format":false,"excerpt":"Los agentes se dieron cuenta que faltaban durante el recuento de la ma\u00f1ana. Los buscan por la zona. Seis presos que se hallaban alojados en un penal de m\u00e1xima seguridad de la ciudad de Jun\u00edn se fugaron esta madrugada tras cortar dos alambrados perif\u00e9ricos, informaron fuentes policiales. Seg\u00fan los investigadores,\u2026","rel":"","context":"En \u00abPoliciales\u00bb","block_context":{"text":"Policiales","link":"https:\/\/www.24baires.com\/?cat=49"},"img":{"alt_text":"","src":"","width":0,"height":0},"classes":[]},{"id":30469,"url":"https:\/\/www.24baires.com\/?p=30469","url_meta":{"origin":10394,"position":3},"title":"Se fugaron 15 detenidos de la c\u00e1rcel de Ezeiza: lograron recapturar s\u00f3lo a dos","author":"AF","date":"20\/08\/2013","format":false,"excerpt":"Al menos 13 presos se escaparon en las \u00faltimas horas del Complejo Penitenciario Federal 1 de Ezeiza, y los investigadores lograron recapturar a dos de ellos en la zona de Ca\u00f1uelas. Las autoridades del penal descubrieron la fuga en el habitual recuento de presos llevado a cabo esta medianoche, aunque\u2026","rel":"","context":"En \u00abSociedad\u00bb","block_context":{"text":"Sociedad","link":"https:\/\/www.24baires.com\/?cat=1"},"img":{"alt_text":"","src":"","width":0,"height":0},"classes":[]},{"id":41199,"url":"https:\/\/www.24baires.com\/?p=41199","url_meta":{"origin":10394,"position":4},"title":"Jun\u00edn: recapturaron a cinco de los seis presos que hab\u00edan escapado","author":"Grupo Sierra","date":"27\/02\/2014","format":false,"excerpt":"JUN\u00cdN- Cinco de los seis presos que se fugaron ayer del penal de m\u00e1xima seguridad fueron recapturados durante un allanamiento a una quinta en la localidad bonaerense de Salto. La recaptura fue confirmada por el ministro de Seguridad bonaerense, Alejandro Granados, quien asegur\u00f3 que a\u00fan permanece pr\u00f3fugo uno de los\u2026","rel":"","context":"En \u00abPoliciales\u00bb","block_context":{"text":"Policiales","link":"https:\/\/www.24baires.com\/?cat=49"},"img":{"alt_text":"","src":"","width":0,"height":0},"classes":[]},{"id":61405,"url":"https:\/\/www.24baires.com\/?p=61405","url_meta":{"origin":10394,"position":5},"title":"Recapturaron a un preso que se hab\u00eda fugado del penal de Campana el a\u00f1o pasado","author":"GB","date":"07\/02\/2015","format":false,"excerpt":"La Polic\u00eda Metropolitana y el Servicio Penitenciario Bonaerense detuvo en la Terminal de Retiro a un hombre que se hab\u00eda fugado del Penal de Campana junto a otros recluso en el mes de diciembre de 2014, informa ron los voceros de la Polic\u00eda Metropolitana. La detenci\u00f3n se produjo a las\u2026","rel":"","context":"En \u00abPoliciales\u00bb","block_context":{"text":"Policiales","link":"https:\/\/www.24baires.com\/?cat=49"},"img":{"alt_text":"","src":"","width":0,"height":0},"classes":[]}],"jetpack_sharing_enabled":true,"jetpack_likes_enabled":true,"_links":{"self":[{"href":"https:\/\/www.24baires.com\/index.php?rest_route=\/wp\/v2\/posts\/10394","targetHints":{"allow":["GET"]}}],"collection":[{"href":"https:\/\/www.24baires.com\/index.php?rest_route=\/wp\/v2\/posts"}],"about":[{"href":"https:\/\/www.24baires.com\/index.php?rest_route=\/wp\/v2\/types\/post"}],"author":[{"embeddable":true,"href":"https:\/\/www.24baires.com\/index.php?rest_route=\/wp\/v2\/users\/4"}],"replies":[{"embeddable":true,"href":"https:\/\/www.24baires.com\/index.php?rest_route=%2Fwp%2Fv2%2Fcomments&post=10394"}],"version-history":[{"count":3,"href":"https:\/\/www.24baires.com\/index.php?rest_route=\/wp\/v2\/posts\/10394\/revisions"}],"predecessor-version":[{"id":10398,"href":"https:\/\/www.24baires.com\/index.php?rest_route=\/wp\/v2\/posts\/10394\/revisions\/10398"}],"wp:attachment":[{"href":"https:\/\/www.24baires.com\/index.php?rest_route=%2Fwp%2Fv2%2Fmedia&parent=10394"}],"wp:term":[{"taxonomy":"category","embeddable":true,"href":"https:\/\/www.24baires.com\/index.php?rest_route=%2Fwp%2Fv2%2Fcategories&post=10394"},{"taxonomy":"post_tag","embeddable":true,"href":"https:\/\/www.24baires.com\/index.php?rest_route=%2Fwp%2Fv2%2Ftags&post=10394"}],"curies":[{"name":"wp","href":"https:\/\/api.w.org\/{rel}","templated":true}]}}