{"id":10386,"date":"2012-12-26T09:45:04","date_gmt":"2012-12-26T12:45:04","guid":{"rendered":"http:\/\/www.24baires.com\/?p=10386"},"modified":"2012-12-26T09:45:04","modified_gmt":"2012-12-26T12:45:04","slug":"nacion-intimo-a-la-sociedad-rural-a-dejar-el-predio-en-un-maximo-de-30-dias","status":"publish","type":"post","link":"https:\/\/www.24baires.com\/?p=10386","title":{"rendered":"Naci\u00f3n intim\u00f3 a la Sociedad Rural a dejar el predio en un m\u00e1ximo de 30 d\u00edas"},"content":{"rendered":"<p>El presidente de la Sociedad Rural Argentina, Luis Etchevere, confirm\u00f3 que el Gobierno intim\u00f3 a la entidad para que en 30 d\u00edas dejen el predio para tomar posesi\u00f3n del lugar.<!--more--><\/p>\n<p>En declaraciones radiales, Etchevere indic\u00f3 que les lleg\u00f3 \u00abuna carta documento en la que nos intiman a que en 30 d\u00edas dejemos el predio\u00bb.<\/p>\n<p>Al respecto, el titular de la entidad calific\u00f3 la decisi\u00f3n del Gobierno como una \u00abconfiscaci\u00f3n, una represalia, porque no hubo una ley votada por el Congreso\u00bb.<\/p>\n<p>Asimismo, el dirigente adelant\u00f3 que este mi\u00e9rcoles presentar\u00e1n un amparo judicial para evitar la recuperaci\u00f3n del predio.<\/p>\n<p>\u00abVamos a llevar adelante todas las medidas necesarias para repudiar los ataques del Gobierno, cualquier circunstancia es dirimible en la Justicia\u00bb, se\u00f1al\u00f3 Etchevere al tiempo que critic\u00f3 que el Gobierno se base en una tasaci\u00f3n que hizo \u00abhace a\u00f1os el Banco Ciudad y el Hipotecario, tratando de anular una venta que fue leg\u00edtima y que quien lo vendi\u00f3 fue el propio Estado Nacional\u00bb.<\/p>\n<p>Asimismo, remarc\u00f3 que \u00abla Constituci\u00f3n nacional defiende el derecho a la propiedad, a la libertad de expresi\u00f3n hacia adelante, lo dem\u00e1s es cosa juzgada\u00bb.<\/p>\n<p>En tanto, los trabajadores rurales cumplen un lockout en repudio a la medida.<\/p>\n<p>&nbsp;<\/p>\n<p>&nbsp;<\/p>\n<p>&nbsp;<\/p>\n<p>&nbsp;<\/p>\n<p>&nbsp;<\/p>\n<p>&nbsp;<\/p>\n<p>&nbsp;<\/p>\n<p>&nbsp;<\/p>\n<p>&nbsp;<\/p>\n<p>&nbsp;<\/p>\n<p>&nbsp;<\/p>\n<p>&nbsp;<\/p>\n<p>&nbsp;<\/p>\n<p>&nbsp;<\/p>\n<p>&nbsp;<\/p>\n<p>&nbsp;<\/p>\n<p>&nbsp;<\/p>\n<p>&nbsp;<\/p>\n<p>&nbsp;<\/p>\n<p>&nbsp;<\/p>\n<p>&nbsp;<\/p>\n<p>&nbsp;<\/p>\n<p>&nbsp;<\/p>\n<p>&nbsp;<\/p>\n<p>&nbsp;<\/p>\n<p>&nbsp;<\/p>\n<p>&nbsp;<\/p>\n<p>&nbsp;<\/p>\n<p>&nbsp;<\/p>\n<p>&nbsp;<\/p>\n<p>&nbsp;<\/p>\n<p>&nbsp;<\/p>\n<p>&nbsp;<\/p>\n<p>&nbsp;<\/p>\n<p>&nbsp;<\/p>\n<p>&nbsp;<\/p>\n<p>&nbsp;<\/p>\n<p>&nbsp;<\/p>\n<p>&nbsp;<\/p>\n<p>&nbsp;<\/p>\n<p>&nbsp;<\/p>\n<p>&nbsp;<\/p>\n","protected":false},"excerpt":{"rendered":"<p>El presidente de la Sociedad Rural Argentina, Luis Etchevere, confirm\u00f3 que el Gobierno intim\u00f3 a la entidad para que en 30 d\u00edas dejen el predio para tomar posesi\u00f3n del lugar.<\/p>\n","protected":false},"author":4,"featured_media":0,"comment_status":"open","ping_status":"open","sticky":false,"template":"","format":"standard","meta":{"_jetpack_newsletter_access":"","_jetpack_dont_email_post_to_subs":false,"_jetpack_newsletter_tier_id":0,"_jetpack_memberships_contains_paywalled_content":false,"_jetpack_memberships_contains_paid_content":false,"footnotes":""},"categories":[1],"tags":[],"class_list":["post-10386","post","type-post","status-publish","format-standard","hentry","category-sociedad"],"jetpack_featured_media_url":"","jetpack_shortlink":"https:\/\/wp.me\/p2JWE0-2Hw","jetpack-related-posts":[{"id":10713,"url":"https:\/\/www.24baires.com\/?p=10713","url_meta":{"origin":10386,"position":0},"title":"La cautelar pedida por la Sociedad Rural fue rechazada","author":"Grupo Sierra","date":"28\/12\/2012","format":false,"excerpt":"La jueza civil y comercial federal Silvina Bracamonte rechaz\u00f3 un pedido de la Sociedad Rural Argentina que buscaba frenar la vuelta del predio ferial de Palermo al Estado, dispuesta por el Gobierno la semana pasada. Fuentes judiciales dijeron que el rechazo de la jueza ya fue apelado por la SRA\u2026","rel":"","context":"En \u00abPol\u00edtica\u00bb","block_context":{"text":"Pol\u00edtica","link":"https:\/\/www.24baires.com\/?cat=51"},"img":{"alt_text":"","src":"","width":0,"height":0},"classes":[]},{"id":107397,"url":"https:\/\/www.24baires.com\/?p=107397","url_meta":{"origin":10386,"position":1},"title":"Condenaron a Menem y a Cavallo a m\u00e1s de tres a\u00f1os de prisi\u00f3n por la venta del predio de La Rural","author":"AF","date":"27\/03\/2019","format":false,"excerpt":"El ex presidente fue sentenciado por el delito de peculado, por lo que le decretaron la inhabilitaci\u00f3n perpetua para ejercer cargos p\u00fablicos. Su otrora ministro de Econom\u00eda fue part\u00edcipe necesario en el caso. El ex presidente Carlos Menem fue condenado este mi\u00e9rcoles a tres a\u00f1os y nueve meses de c\u00e1rcel\u2026","rel":"","context":"En \u00abJUDICIALES\u00bb","block_context":{"text":"JUDICIALES","link":"https:\/\/www.24baires.com\/?cat=68"},"img":{"alt_text":"","src":"https:\/\/i0.wp.com\/www.24baires.com\/wp-content\/uploads\/2015\/12\/cavallo-menem.jpg?resize=350%2C200","width":350,"height":200,"srcset":"https:\/\/i0.wp.com\/www.24baires.com\/wp-content\/uploads\/2015\/12\/cavallo-menem.jpg?resize=350%2C200 1x, https:\/\/i0.wp.com\/www.24baires.com\/wp-content\/uploads\/2015\/12\/cavallo-menem.jpg?resize=525%2C300 1.5x"},"classes":[]},{"id":116468,"url":"https:\/\/www.24baires.com\/?p=116468","url_meta":{"origin":10386,"position":2},"title":"M\u00e1s de 600 familias abandonaron el predio ocupado en Guernica antes del desalojo","author":"AF","date":"14\/10\/2020","format":false,"excerpt":"El desalojo est\u00e1 previsto para este jueves a partir de las 10, luego de dos pedidos de postergaciones y con \"el 80 por ciento de las familias ya reubicadas\". M\u00e1s de 600 familias abandonaron el predio de Guernica, en el partido de Presidente Per\u00f3n, a menos de 24 horas de\u2026","rel":"","context":"En \u00abSociedad\u00bb","block_context":{"text":"Sociedad","link":"https:\/\/www.24baires.com\/?cat=1"},"img":{"alt_text":"","src":"https:\/\/i0.wp.com\/www.24baires.com\/wp-content\/uploads\/2020\/10\/guernica.jpg?resize=350%2C200","width":350,"height":200,"srcset":"https:\/\/i0.wp.com\/www.24baires.com\/wp-content\/uploads\/2020\/10\/guernica.jpg?resize=350%2C200 1x, https:\/\/i0.wp.com\/www.24baires.com\/wp-content\/uploads\/2020\/10\/guernica.jpg?resize=525%2C300 1.5x"},"classes":[]},{"id":61193,"url":"https:\/\/www.24baires.com\/?p=61193","url_meta":{"origin":10386,"position":3},"title":"Elevar\u00e1n a juicio oral la causa por la venta del predio de La Rural durante el menemismo","author":"GB","date":"03\/02\/2015","format":false,"excerpt":"El juez Sergio Torres cerr\u00f3 la etapa de instrucci\u00f3n y elevar\u00e1 a juicio oral la causa penal que acusa al ex presidente Carlos Menem y a su ex ministro de Econom\u00eda, Domingo Cavallo, por la venta \u201ca precio vil\u201d de tierras del Estado en 1991. La causa por la venta\u2026","rel":"","context":"En \u00abPol\u00edtica\u00bb","block_context":{"text":"Pol\u00edtica","link":"https:\/\/www.24baires.com\/?cat=51"},"img":{"alt_text":"","src":"","width":0,"height":0},"classes":[]},{"id":10270,"url":"https:\/\/www.24baires.com\/?p=10270","url_meta":{"origin":10386,"position":4},"title":"Cavallo critic\u00f3 la recuperaci\u00f3n de La Rural y defendi\u00f3 la venta por \u00e9l gestionada","author":"AF","date":"23\/12\/2012","format":false,"excerpt":"El ex ministro, Domingo Cavallo, procesado por la venta a la Sociedad Rural en 1991, consider\u00f3 que \"fue leg\u00edtima y altamente beneficiosa para los intereses del pa\u00eds\". Cavallo, quien se encuentra procesado por la venta de ese predio que, seg\u00fan varios peritos ten\u00eda en esa \u00e9poca un valor superior a\u2026","rel":"","context":"En \u00abPol\u00edtica\u00bb","block_context":{"text":"Pol\u00edtica","link":"https:\/\/www.24baires.com\/?cat=51"},"img":{"alt_text":"","src":"","width":0,"height":0},"classes":[]},{"id":11008,"url":"https:\/\/www.24baires.com\/?p=11008","url_meta":{"origin":10386,"position":5},"title":"Sociedad Rural estilo Clar\u00edn: Presentaron una nueva cautelar para no devolver el Predio","author":"Grupo Sierra","date":"02\/01\/2013","format":false,"excerpt":"La Sociedad Rural Argentina (SRA) solicit\u00f3 a la C\u00e1mara Civil y Comercial Federal que habilite la feria y decrete una medida precautoria, para evitar que el 20 de enero se devuelva al Estado el predio ferial de Palermo. En su pedido al tribunal de turno durante el mes de enero,\u2026","rel":"","context":"En \u00abPol\u00edtica\u00bb","block_context":{"text":"Pol\u00edtica","link":"https:\/\/www.24baires.com\/?cat=51"},"img":{"alt_text":"","src":"","width":0,"height":0},"classes":[]}],"jetpack_sharing_enabled":true,"jetpack_likes_enabled":true,"_links":{"self":[{"href":"https:\/\/www.24baires.com\/index.php?rest_route=\/wp\/v2\/posts\/10386","targetHints":{"allow":["GET"]}}],"collection":[{"href":"https:\/\/www.24baires.com\/index.php?rest_route=\/wp\/v2\/posts"}],"about":[{"href":"https:\/\/www.24baires.com\/index.php?rest_route=\/wp\/v2\/types\/post"}],"author":[{"embeddable":true,"href":"https:\/\/www.24baires.com\/index.php?rest_route=\/wp\/v2\/users\/4"}],"replies":[{"embeddable":true,"href":"https:\/\/www.24baires.com\/index.php?rest_route=%2Fwp%2Fv2%2Fcomments&post=10386"}],"version-history":[{"count":2,"href":"https:\/\/www.24baires.com\/index.php?rest_route=\/wp\/v2\/posts\/10386\/revisions"}],"predecessor-version":[{"id":10388,"href":"https:\/\/www.24baires.com\/index.php?rest_route=\/wp\/v2\/posts\/10386\/revisions\/10388"}],"wp:attachment":[{"href":"https:\/\/www.24baires.com\/index.php?rest_route=%2Fwp%2Fv2%2Fmedia&parent=10386"}],"wp:term":[{"taxonomy":"category","embeddable":true,"href":"https:\/\/www.24baires.com\/index.php?rest_route=%2Fwp%2Fv2%2Fcategories&post=10386"},{"taxonomy":"post_tag","embeddable":true,"href":"https:\/\/www.24baires.com\/index.php?rest_route=%2Fwp%2Fv2%2Ftags&post=10386"}],"curies":[{"name":"wp","href":"https:\/\/api.w.org\/{rel}","templated":true}]}}