{"id":10380,"date":"2012-12-26T09:41:00","date_gmt":"2012-12-26T12:41:00","guid":{"rendered":"http:\/\/www.24baires.com\/?p=10380"},"modified":"2012-12-26T12:29:31","modified_gmt":"2012-12-26T15:29:31","slug":"ya-rige-la-medida-que-establece-en-130-el-abono-a-cablevision","status":"publish","type":"post","link":"https:\/\/www.24baires.com\/?p=10380","title":{"rendered":"Ya rige la medida que establece en $130 el abono a Cablevisi\u00f3n"},"content":{"rendered":"<p><a href=\"http:\/\/www.24baires.com\/medios\/10380-ya-rige-la-medida-que-establece-en-130-el-abono-a-cablevision\/attachment\/cablevision-3\/\" rel=\"attachment wp-att-10382\"><img data-recalc-dims=\"1\" loading=\"lazy\" decoding=\"async\" class=\"aligncenter size-full wp-image-10382\" alt=\"cablevisi\u00f3n\" src=\"https:\/\/i0.wp.com\/www.24baires.com\/wp-content\/uploads\/2012\/12\/cablevisi%C3%B3n1.jpg?resize=560%2C372\" width=\"560\" height=\"372\" srcset=\"https:\/\/i0.wp.com\/www.24baires.com\/wp-content\/uploads\/2012\/12\/cablevisi%C3%B3n1.jpg?w=560&amp;ssl=1 560w, https:\/\/i0.wp.com\/www.24baires.com\/wp-content\/uploads\/2012\/12\/cablevisi%C3%B3n1.jpg?resize=300%2C199&amp;ssl=1 300w\" sizes=\"auto, (max-width: 560px) 100vw, 560px\" \/><\/a><\/p>\n<p>&nbsp;<\/p>\n<p>&nbsp;<\/p>\n<p>&nbsp;<\/p>\n<p>La secretar\u00eda de Comercio Interior fij\u00f3 ese precio mensual para el servicio de televisi\u00f3n paga de esa empresa para los meses de enero a marzo de 2013.<!--more--><br \/>\nLa medida fue dispuesta a trav\u00e9s de la resoluci\u00f3n 161\/2012, publicada este mi\u00e9rcoles en el Bolet\u00edn Oficial, y comienza a regir a partir del 1 de enero de 2013.<\/p>\n<p>Esta medida se adopt\u00f3 como \u00abconsecuencia del incremento de costos generados en la explotaci\u00f3n de la actividad\u00bb y, pese a que la empresa \u00abcontin\u00faa sin presentar la informaci\u00f3n requerida\u00bb.<\/p>\n<p>Desde abril pasado, el precio del abono b\u00e1sico mensual del servicio de televisi\u00f3n paga de la empresa Cablevisi\u00f3n fijado por la Secretar\u00eda de Comercio Interior es de 123 pesos.<\/p>\n<p>La norma establece que las promociones y\/o bonificaciones y\/o descuentos, cualquiera sea su denominaci\u00f3n que beneficien a los usuarios, deber\u00e1n ser mantenidos en los mismos t\u00e9rminos en que se encuentran a la fecha de entrada en vigencia de la medida.<\/p>\n<p>Se determin\u00f3 tambi\u00e9n que el abono b\u00e1sico mensual y los otros servicios prestados actualmente por la empresa, no podr\u00e1n sufrir variaciones en sus precios, n\u00famero, calidad e integraci\u00f3n.<\/p>\n<p>Y que los contratos que se celebren en el futuro deber\u00e1n ajustarse a las pautas de la presente resoluci\u00f3n.<\/p>\n<p>&nbsp;<\/p>\n<p>&nbsp;<\/p>\n<p>&nbsp;<\/p>\n<p>&nbsp;<\/p>\n<p>&nbsp;<\/p>\n<p>&nbsp;<\/p>\n<p>&nbsp;<\/p>\n<p>&nbsp;<\/p>\n<p>&nbsp;<\/p>\n<p>&nbsp;<\/p>\n<p>&nbsp;<\/p>\n<p>&nbsp;<\/p>\n<p>&nbsp;<\/p>\n<p>&nbsp;<\/p>\n<p>&nbsp;<\/p>\n<p>&nbsp;<\/p>\n<p>&nbsp;<\/p>\n<p>&nbsp;<\/p>\n<p>&nbsp;<\/p>\n<p>&nbsp;<\/p>\n<p>&nbsp;<\/p>\n<p>&nbsp;<\/p>\n<p>&nbsp;<\/p>\n<p>&nbsp;<\/p>\n<p>&nbsp;<\/p>\n<p>&nbsp;<\/p>\n<p>&nbsp;<\/p>\n","protected":false},"excerpt":{"rendered":"<p>&nbsp; &nbsp; &nbsp; La secretar\u00eda de Comercio Interior fij\u00f3 ese precio mensual para el servicio de televisi\u00f3n paga de esa empresa para los meses de enero a marzo de 2013.<\/p>\n","protected":false},"author":4,"featured_media":0,"comment_status":"open","ping_status":"open","sticky":false,"template":"","format":"standard","meta":{"_jetpack_newsletter_access":"","_jetpack_dont_email_post_to_subs":false,"_jetpack_newsletter_tier_id":0,"_jetpack_memberships_contains_paywalled_content":false,"_jetpack_memberships_contains_paid_content":false,"footnotes":""},"categories":[54],"tags":[],"class_list":["post-10380","post","type-post","status-publish","format-standard","hentry","category-medios"],"jetpack_featured_media_url":"","jetpack_shortlink":"https:\/\/wp.me\/p2JWE0-2Hq","jetpack-related-posts":[{"id":17544,"url":"https:\/\/www.24baires.com\/?p=17544","url_meta":{"origin":10380,"position":0},"title":"La Justicia determin\u00f3 que Cablevisi\u00f3n deber\u00e1 cobrar un abono de $130","author":"AF","date":"05\/03\/2013","format":false,"excerpt":"La Sala I de la C\u00e1mara Federal de La Plata confirm\u00f3 un fallo de primera instancia en el marco de una causa promovida por el Defensor del Pueblo de Buenos Aires. La decisi\u00f3n abarca a todos los usuarios de la provincia. Confirm\u00f3 un fallo de primera instancia que, como medida\u2026","rel":"","context":"En \u00abMedios\u00bb","block_context":{"text":"Medios","link":"https:\/\/www.24baires.com\/?cat=54"},"img":{"alt_text":"cablevisi\u00f3n","src":"https:\/\/i0.wp.com\/www.24baires.com\/wp-content\/uploads\/2013\/01\/cablevisi%C3%B3n-300x199.jpg?resize=350%2C200","width":350,"height":200},"classes":[]},{"id":27066,"url":"https:\/\/www.24baires.com\/?p=27066","url_meta":{"origin":10380,"position":1},"title":"Fijan en $138 el abono b\u00e1sico de Cablevisi\u00f3n","author":"AF","date":"28\/06\/2013","format":false,"excerpt":"La Secretar\u00eda que conduce Guillermo Moreno elev\u00f3 a 138 pesos el monto que debe cobrar la empresa a sus clientes por el servicio de televisi\u00f3n paga. La actualizaci\u00f3n de la tarifa del abono fue establecida a trav\u00e9s de la resoluci\u00f3n 61\/2013, publicada hoy en el Bolet\u00edn Oficial y firmada por\u2026","rel":"","context":"En \u00abMedios\u00bb","block_context":{"text":"Medios","link":"https:\/\/www.24baires.com\/?cat=54"},"img":{"alt_text":"","src":"","width":0,"height":0},"classes":[]},{"id":21482,"url":"https:\/\/www.24baires.com\/?p=21482","url_meta":{"origin":10380,"position":2},"title":"Cablevisi\u00f3n deber\u00e1 pagar $100 mil por d\u00eda hasta que baje su tarifa a $130","author":"AF","date":"20\/04\/2013","format":false,"excerpt":"La sanci\u00f3n fue resuelta por el magistrado platense Adolfo Ziulu, tras hacer lugar a un pedido de la Defensor\u00eda del Pueblo bonaerense. A pesar de las sucesivas \u00f3rdenes judiciales, la cableoperadora del Grupo Clar\u00edn se ha negado hasta el momento a adecuar el su abono b\u00e1sico mensual a los 130\u2026","rel":"","context":"En \u00abMedios\u00bb","block_context":{"text":"Medios","link":"https:\/\/www.24baires.com\/?cat=54"},"img":{"alt_text":"cablevisi\u00f3n","src":"https:\/\/i0.wp.com\/www.24baires.com\/wp-content\/uploads\/2013\/01\/cablevisi%C3%B3n-300x199.jpg?resize=350%2C200","width":350,"height":200},"classes":[]},{"id":9157,"url":"https:\/\/www.24baires.com\/?p=9157","url_meta":{"origin":10380,"position":3},"title":"Mal d\u00eda para Clar\u00edn: Cablevisi\u00f3n no podr\u00e1 cobrar m\u00e1s de 123 pesos en la Provincia","author":"Grupo Sierra","date":"14\/12\/2012","format":false,"excerpt":"LA PLATA - El juez federal de La Plata, Adolfo Gabino Ziulu, hizo lugar hoy a un recurso de la Defensor\u00eda del Pueblo bonaerense en el que denunci\u00f3 que la empresa incumple las resoluciones de la Secretar\u00eda de Comercio del Interior de la Naci\u00f3n sobre la facturaci\u00f3n permitida por el\u2026","rel":"","context":"En \u00abMedios\u00bb","block_context":{"text":"Medios","link":"https:\/\/www.24baires.com\/?cat=54"},"img":{"alt_text":"","src":"","width":0,"height":0},"classes":[]},{"id":24419,"url":"https:\/\/www.24baires.com\/?p=24419","url_meta":{"origin":10380,"position":4},"title":"El Senado bonaerense apoy\u00f3 el reclamo contra Cablevisi\u00f3n por el precio del abono","author":"Grupo Sierra","date":"26\/05\/2013","format":false,"excerpt":"La C\u00e1mara de Senadores bonaerense respald\u00f3 la presentaci\u00f3n judicial de la Defensor\u00eda del Pueblo provincial contra la empresa Cablevisi\u00f3n S.A., por el valor del servicio, y solicit\u00f3 que la firma adecue el costo del abono b\u00e1sico del cable. La C\u00e1mara Alta acompa\u00f1\u00f3 el proyecto elevado por el senador del Frente\u2026","rel":"","context":"En \u00abMedios\u00bb","block_context":{"text":"Medios","link":"https:\/\/www.24baires.com\/?cat=54"},"img":{"alt_text":"senadobonaerense2-679x350","src":"https:\/\/i0.wp.com\/www.24baires.com\/wp-content\/uploads\/2013\/05\/senadobonaerense2-679x350.jpg?resize=350%2C200","width":350,"height":200,"srcset":"https:\/\/i0.wp.com\/www.24baires.com\/wp-content\/uploads\/2013\/05\/senadobonaerense2-679x350.jpg?resize=350%2C200 1x, https:\/\/i0.wp.com\/www.24baires.com\/wp-content\/uploads\/2013\/05\/senadobonaerense2-679x350.jpg?resize=525%2C300 1.5x"},"classes":[]},{"id":7260,"url":"https:\/\/www.24baires.com\/?p=7260","url_meta":{"origin":10380,"position":5},"title":"La Defensor\u00eda Bonaerense present\u00f3 una acci\u00f3n judicial para adecuar las tarifas de Cablevisi\u00f3n","author":"Grupo Sierra","date":"29\/11\/2012","format":false,"excerpt":"La Defensor\u00eda del Pueblo de la Provincia de Buenos Aires present\u00f3 un amparo para exigir la nulidad del aumento del servicio que aplic\u00f3 Cablevisi\u00f3n en enero de 2011 y la devoluci\u00f3n de los montos cobrados en exceso desde entonces. En el marco de una conferencia de prensa, el onmbusman bonaerense,\u2026","rel":"","context":"En \u00abEconom\u00eda\u00bb","block_context":{"text":"Econom\u00eda","link":"https:\/\/www.24baires.com\/?cat=45"},"img":{"alt_text":"","src":"","width":0,"height":0},"classes":[]}],"jetpack_sharing_enabled":true,"jetpack_likes_enabled":true,"_links":{"self":[{"href":"https:\/\/www.24baires.com\/index.php?rest_route=\/wp\/v2\/posts\/10380","targetHints":{"allow":["GET"]}}],"collection":[{"href":"https:\/\/www.24baires.com\/index.php?rest_route=\/wp\/v2\/posts"}],"about":[{"href":"https:\/\/www.24baires.com\/index.php?rest_route=\/wp\/v2\/types\/post"}],"author":[{"embeddable":true,"href":"https:\/\/www.24baires.com\/index.php?rest_route=\/wp\/v2\/users\/4"}],"replies":[{"embeddable":true,"href":"https:\/\/www.24baires.com\/index.php?rest_route=%2Fwp%2Fv2%2Fcomments&post=10380"}],"version-history":[{"count":3,"href":"https:\/\/www.24baires.com\/index.php?rest_route=\/wp\/v2\/posts\/10380\/revisions"}],"predecessor-version":[{"id":10421,"href":"https:\/\/www.24baires.com\/index.php?rest_route=\/wp\/v2\/posts\/10380\/revisions\/10421"}],"wp:attachment":[{"href":"https:\/\/www.24baires.com\/index.php?rest_route=%2Fwp%2Fv2%2Fmedia&parent=10380"}],"wp:term":[{"taxonomy":"category","embeddable":true,"href":"https:\/\/www.24baires.com\/index.php?rest_route=%2Fwp%2Fv2%2Fcategories&post=10380"},{"taxonomy":"post_tag","embeddable":true,"href":"https:\/\/www.24baires.com\/index.php?rest_route=%2Fwp%2Fv2%2Ftags&post=10380"}],"curies":[{"name":"wp","href":"https:\/\/api.w.org\/{rel}","templated":true}]}}