{"id":103672,"date":"2018-08-04T14:35:48","date_gmt":"2018-08-04T17:35:48","guid":{"rendered":"http:\/\/www.24baires.com\/?p=103672"},"modified":"2018-08-04T14:35:48","modified_gmt":"2018-08-04T17:35:48","slug":"mentira-el-tiempo","status":"publish","type":"post","link":"https:\/\/www.24baires.com\/?p=103672","title":{"rendered":"Mentira, el tiempo"},"content":{"rendered":"<p><img data-recalc-dims=\"1\" loading=\"lazy\" decoding=\"async\" src=\"https:\/\/i0.wp.com\/www.24baires.com\/wp-content\/uploads\/2018\/08\/5b63067b90306.jpg?resize=560%2C315\" alt=\"\" width=\"560\" height=\"315\" class=\"aligncenter size-full wp-image-103641\" srcset=\"https:\/\/i0.wp.com\/www.24baires.com\/wp-content\/uploads\/2018\/08\/5b63067b90306.jpg?w=560&amp;ssl=1 560w, https:\/\/i0.wp.com\/www.24baires.com\/wp-content\/uploads\/2018\/08\/5b63067b90306.jpg?resize=300%2C169&amp;ssl=1 300w\" sizes=\"auto, (max-width: 560px) 100vw, 560px\" \/>Que me disculpen lxs optimistas del tiempo, pero no me alcanza con pensar que esto alg\u00fan d\u00eda pasar\u00e1. No me consuela porque no puedo creerlo. Porque lo s\u00e9 mentira. Lo s\u00e9 irreal.<!--more--><\/p>\n<p>Sandra Calamano y Rub\u00e9n Rodr\u00edguez son la prueba emp\u00edrica de ello. Porque esta manga de chetos corruptos e insensibles que nos gobiernan, s\u00ed, alg\u00fan d\u00eda dejar\u00e1n de estar el poder. Y podremos empezar a reconstruir desde la miseria en la que nos sumergieron.<\/p>\n<p>Pero Sandra y Rub\u00e9n no vuelven. No hay manera, aunque Macri y Vidal se vayan ma\u00f1ana, no hay forma. Ya no est\u00e1n. Ellos ya no tienen la oportunidad de esperar al tiempo. Que viene, pasa y arrasa. Como s\u00f3lo \u00e9l sabe.<\/p>\n<p>Si ganamos ma\u00f1ana, si finalmente volvemos a tener un gobierno popular que proponga y facilite derechos en vez de arrancarlos, tampoco volver\u00e1 Yolanda Mercedes, esa mujer que se descompens\u00f3 frente a un cajero al constatar los descuentos que Vidal le hab\u00eda hecho a su sueldo por reclamar lo que le correspond\u00eda, y luego muri\u00f3. Y como Sandra, Rub\u00e9n y Yolanda, cientos. Miles.<\/p>\n<p>La crisis del 2001 termin\u00f3, y mi mam\u00e1 nunca volvi\u00f3. Se qued\u00f3 para siempre ah\u00ed, esperando conseguir trabajo, intentando poner pan sobre nuestra mesa vac\u00eda. Avanzamos, crecimos, aprendimos, construimos. Y mi mam\u00e1 no estaba.<\/p>\n<p>Que me disculpen lxs optimistas. Sandra, Rub\u00e9n, Yolanda y Ana, mi vieja, no me permiten ver las cosas as\u00ed. Esto \u00abno pasar\u00e1\u00bb. Esto \u00abno mejorar\u00e1\u00bb. El tiempo \u00abno pondr\u00e1 nada en su lugar\u00bb, porque no hay m\u00e1s tiempo para ellos.<\/p>\n<p>Entonces no me sirve pensar que la mayor\u00eda de nosotrxs llegar\u00e1 a ver el final de este gobierno, de esta m\u00e1quina de devorar pobres. Porque estoy incompleta, porque me van a faltar ellos toda la vida, todo mi tiempo. Porque esta derecha cruel, convalidada con votos, impermeable a la verdad, blindada por los medios, destruye todo, y no puedo ver el derrumbe y s\u00f3lo pensar que alg\u00fan d\u00eda se terminar\u00e1 de caer, porque, mientras tanto, mientras aguardamos elecciones y mandatos, hay que vivir las horas, las horas de desesperaci\u00f3n y dolor. Y ah\u00ed es donde perdemos, mal, en serio. Perdemos personas: los ni\u00f1os baleados por la espalda, nunca crecer\u00e1n, pero sus sicarios reciben las mieles de un Estado c\u00f3mplice.<\/p>\n<p>Porque vamos a reconquistar cada derecho que estos insensibles nos robaron, vamos a recuperar la soberan\u00eda que regalaron, y seguramente pagaremos y pagaremos las deudas que este Cambio de mierda contrajo y se patin\u00f3 manejando la econom\u00eda de una Naci\u00f3n como si fuera una empresa a desfalcar.<\/p>\n<p>No le facturemos al tiempo el trabajo que nos toca. No esperemos que el tiempo arregle nada. Porque no hay tiempo. Porque es ahora cuando alrededor nuestro caen personas en el pozo sin fondo del neoliberalismo, personas que nunca volver\u00e1n. Cada d\u00eda, cada hora, en todas partes. La Memoria los cuidar\u00e1, claro, porque tenemos vedado el olvido y porque no existe perd\u00f3n para todo esto. Pero no es suficiente. No basta.<\/p>\n<p>Luchar hasta que esta manga de mal paridos se vaya, luchar para que la estrategia de la ignorancia, de sembrar desprecio por el otro no resulte otra vez. Por nosotrxs, por lxs que vengan, y por lxs que no podr\u00e1n trabajar por una patria m\u00e1s justa, libre y soberana porque murieron en las garras de la inoperancia, la irresponsabilidad, la corrupci\u00f3n y la falta absoluta de sensibilidad social y empat\u00eda que son las banderas de \u00e9ste, el gobierno democr\u00e1tico m\u00e1s c\u00ednico, falso y sanguinario que el odio, hecho votos en las urnas, nos conden\u00f3 a padecer.<\/p>\n","protected":false},"excerpt":{"rendered":"<p>Que me disculpen lxs optimistas del tiempo, pero no me alcanza con pensar que esto alg\u00fan d\u00eda pasar\u00e1. No me consuela porque no puedo creerlo. Porque lo s\u00e9 mentira. Lo s\u00e9 irreal.<\/p>\n","protected":false},"author":4,"featured_media":0,"comment_status":"open","ping_status":"open","sticky":false,"template":"","format":"standard","meta":{"_jetpack_newsletter_access":"","_jetpack_dont_email_post_to_subs":false,"_jetpack_newsletter_tier_id":0,"_jetpack_memberships_contains_paywalled_content":false,"_jetpack_memberships_contains_paid_content":false,"footnotes":""},"categories":[64],"tags":[],"class_list":["post-103672","post","type-post","status-publish","format-standard","hentry","category-opinion"],"jetpack_featured_media_url":"","jetpack_shortlink":"https:\/\/wp.me\/p2JWE0-qY8","jetpack-related-posts":[{"id":111433,"url":"https:\/\/www.24baires.com\/?p=111433","url_meta":{"origin":103672,"position":0},"title":"A un a\u00f1o de la explosi\u00f3n de Moreno, exigen justicia por Sandra y Rub\u00e9n","author":"AF","date":"02\/08\/2019","format":false,"excerpt":"Por un escape de gas, la vicedirectora Sandra Calamano y el auxiliar Rub\u00e9n Rodr\u00edguez perdieron la vida en la escuela 49 de Moreno. La comunidad educativa apunta a las responsabilidades pol\u00edticas por la tragedia. Este viernes 2 de agosto se cumpli\u00f3 el primer a\u00f1o de una tragedia que sacudi\u00f3 a\u2026","rel":"","context":"En \u00abSociedad\u00bb","block_context":{"text":"Sociedad","link":"https:\/\/www.24baires.com\/?cat=1"},"img":{"alt_text":"","src":"https:\/\/i0.wp.com\/www.24baires.com\/wp-content\/uploads\/2018\/08\/justicia-explosion-moreno.jpg?resize=350%2C200","width":350,"height":200,"srcset":"https:\/\/i0.wp.com\/www.24baires.com\/wp-content\/uploads\/2018\/08\/justicia-explosion-moreno.jpg?resize=350%2C200 1x, https:\/\/i0.wp.com\/www.24baires.com\/wp-content\/uploads\/2018\/08\/justicia-explosion-moreno.jpg?resize=525%2C300 1.5x"},"classes":[]},{"id":113959,"url":"https:\/\/www.24baires.com\/?p=113959","url_meta":{"origin":103672,"position":1},"title":"\u00abAhora podemos entrar a la Casa de Gobierno, con Vidal ten\u00edamos un candado\u00bb","author":"AF","date":"29\/01\/2020","format":false,"excerpt":"Con cr\u00edticas a Vidal, la referente de Suteba celebr\u00f3 el di\u00e1logo con Kicillof y el plan de refacci\u00f3n en las escuelas. \"Se recepcion\u00f3 por parte del Gobierno la demanda inmensa respecto a infraestructura\". Tras el lanzamiento del programa de refacci\u00f3n de escuelas, la Secretaria Gremial de Suteba, Mar\u00eda Laura Torre\u2026","rel":"","context":"En \u00abLocales\u00bb","block_context":{"text":"Locales","link":"https:\/\/www.24baires.com\/?cat=38"},"img":{"alt_text":"","src":"https:\/\/i0.wp.com\/www.24baires.com\/wp-content\/uploads\/2020\/01\/960ed4422f20e0b93902d639816691b6.jpg?resize=350%2C200","width":350,"height":200,"srcset":"https:\/\/i0.wp.com\/www.24baires.com\/wp-content\/uploads\/2020\/01\/960ed4422f20e0b93902d639816691b6.jpg?resize=350%2C200 1x, https:\/\/i0.wp.com\/www.24baires.com\/wp-content\/uploads\/2020\/01\/960ed4422f20e0b93902d639816691b6.jpg?resize=525%2C300 1.5x"},"classes":[]},{"id":104461,"url":"https:\/\/www.24baires.com\/?p=104461","url_meta":{"origin":103672,"position":2},"title":"Docentes convocan a una Marcha de Antorchas en todo el pa\u00eds por la maestra torturada","author":"GB","date":"14\/09\/2018","format":false,"excerpt":"La actividad ser\u00e1 este viernes donde, adem\u00e1s, reiterar\u00e1n el pedido de justicia por Sandra y Rub\u00e9n, fallecidos en la tragedia de la escuela N\u00b049; y, por supuesto, que volver\u00e1n a exigir que el Gobierno convoque al dialogo. Suteba y Ctera convocaron hoy viernes una marcha de antorchas en todo el\u2026","rel":"","context":"En \u00abProvincia\u00bb","block_context":{"text":"Provincia","link":"https:\/\/www.24baires.com\/?cat=40"},"img":{"alt_text":"","src":"https:\/\/i0.wp.com\/www.24baires.com\/wp-content\/uploads\/2018\/04\/paro-docente.jpg?resize=350%2C200","width":350,"height":200,"srcset":"https:\/\/i0.wp.com\/www.24baires.com\/wp-content\/uploads\/2018\/04\/paro-docente.jpg?resize=350%2C200 1x, https:\/\/i0.wp.com\/www.24baires.com\/wp-content\/uploads\/2018\/04\/paro-docente.jpg?resize=525%2C300 1.5x"},"classes":[]},{"id":104107,"url":"https:\/\/www.24baires.com\/?p=104107","url_meta":{"origin":103672,"position":3},"title":"El Gobierno y los docentes se re\u00fanen para discutir sobre infraestructura","author":"GB","date":"27\/08\/2018","format":false,"excerpt":"Representantes del Gobierno bonaerense y referentes de los gremios docentes se reunir\u00e1n este lunes en la Direcci\u00f3n General de Cultura y Educaci\u00f3n (DGCyE) para tratar temas vinculados a infraestructura, tras la tragedia de Moreno en la que murieron la vicedirectora Sandra Calamano y el auxiliar Rub\u00e9n Rodr\u00edguez. El encuentro se\u2026","rel":"","context":"En \u00abProvincia\u00bb","block_context":{"text":"Provincia","link":"https:\/\/www.24baires.com\/?cat=40"},"img":{"alt_text":"","src":"https:\/\/i0.wp.com\/www.24baires.com\/wp-content\/uploads\/2018\/02\/docentes.jpg?resize=350%2C200","width":350,"height":200,"srcset":"https:\/\/i0.wp.com\/www.24baires.com\/wp-content\/uploads\/2018\/02\/docentes.jpg?resize=350%2C200 1x, https:\/\/i0.wp.com\/www.24baires.com\/wp-content\/uploads\/2018\/02\/docentes.jpg?resize=525%2C300 1.5x"},"classes":[]},{"id":103822,"url":"https:\/\/www.24baires.com\/?p=103822","url_meta":{"origin":103672,"position":4},"title":"Renunci\u00f3 el interventor del Consejo Escolar de Moreno","author":"GB","date":"11\/08\/2018","format":false,"excerpt":"Sebasti\u00e1n Nasif hab\u00eda sido designado por el Gabriel S\u00e1nchez Zinny, director general de Cultura y Educaci\u00f3n provincial, y se convirti\u00f3 en el primer funcionario en renunciar tras la tragedia que se cobr\u00f3 la vida de Sandra y Rub\u00e9n. Por la tragedia de la escuela N\u00ba 49 de Moreno, que se\u2026","rel":"","context":"En \u00abProvincia\u00bb","block_context":{"text":"Provincia","link":"https:\/\/www.24baires.com\/?cat=40"},"img":{"alt_text":"","src":"https:\/\/i0.wp.com\/www.24baires.com\/wp-content\/uploads\/2018\/08\/justicia-explosion-moreno.jpg?resize=350%2C200","width":350,"height":200,"srcset":"https:\/\/i0.wp.com\/www.24baires.com\/wp-content\/uploads\/2018\/08\/justicia-explosion-moreno.jpg?resize=350%2C200 1x, https:\/\/i0.wp.com\/www.24baires.com\/wp-content\/uploads\/2018\/08\/justicia-explosion-moreno.jpg?resize=525%2C300 1.5x"},"classes":[]},{"id":103686,"url":"https:\/\/www.24baires.com\/?p=103686","url_meta":{"origin":103672,"position":5},"title":"Escuelas de Moreno no dictar\u00e1n clases hasta que haya \u00abgarant\u00edas de seguridad\u00bb","author":"GB","date":"06\/08\/2018","format":false,"excerpt":"Lo decidieron los directores tras la explosi\u00f3n del jueves pasado en la primaria 49. El Gobierno enviar\u00e1 a gasistas matriculados a realizar controles. La comunidad educativa de Moreno resolvi\u00f3 que no habr\u00e1 clases en las escuelas del distrito hasta que el gobierno de Mar\u00eda Eugenia Vidal no garantice las condiciones\u2026","rel":"","context":"En \u00abProvincia\u00bb","block_context":{"text":"Provincia","link":"https:\/\/www.24baires.com\/?cat=40"},"img":{"alt_text":"","src":"https:\/\/i0.wp.com\/www.24baires.com\/wp-content\/uploads\/2018\/08\/5b63067b90306.jpg?resize=350%2C200","width":350,"height":200,"srcset":"https:\/\/i0.wp.com\/www.24baires.com\/wp-content\/uploads\/2018\/08\/5b63067b90306.jpg?resize=350%2C200 1x, https:\/\/i0.wp.com\/www.24baires.com\/wp-content\/uploads\/2018\/08\/5b63067b90306.jpg?resize=525%2C300 1.5x"},"classes":[]}],"jetpack_sharing_enabled":true,"jetpack_likes_enabled":true,"_links":{"self":[{"href":"https:\/\/www.24baires.com\/index.php?rest_route=\/wp\/v2\/posts\/103672","targetHints":{"allow":["GET"]}}],"collection":[{"href":"https:\/\/www.24baires.com\/index.php?rest_route=\/wp\/v2\/posts"}],"about":[{"href":"https:\/\/www.24baires.com\/index.php?rest_route=\/wp\/v2\/types\/post"}],"author":[{"embeddable":true,"href":"https:\/\/www.24baires.com\/index.php?rest_route=\/wp\/v2\/users\/4"}],"replies":[{"embeddable":true,"href":"https:\/\/www.24baires.com\/index.php?rest_route=%2Fwp%2Fv2%2Fcomments&post=103672"}],"version-history":[{"count":1,"href":"https:\/\/www.24baires.com\/index.php?rest_route=\/wp\/v2\/posts\/103672\/revisions"}],"predecessor-version":[{"id":103673,"href":"https:\/\/www.24baires.com\/index.php?rest_route=\/wp\/v2\/posts\/103672\/revisions\/103673"}],"wp:attachment":[{"href":"https:\/\/www.24baires.com\/index.php?rest_route=%2Fwp%2Fv2%2Fmedia&parent=103672"}],"wp:term":[{"taxonomy":"category","embeddable":true,"href":"https:\/\/www.24baires.com\/index.php?rest_route=%2Fwp%2Fv2%2Fcategories&post=103672"},{"taxonomy":"post_tag","embeddable":true,"href":"https:\/\/www.24baires.com\/index.php?rest_route=%2Fwp%2Fv2%2Ftags&post=103672"}],"curies":[{"name":"wp","href":"https:\/\/api.w.org\/{rel}","templated":true}]}}