{"id":10360,"date":"2012-12-25T20:59:29","date_gmt":"2012-12-25T23:59:29","guid":{"rendered":"http:\/\/www.24baires.com\/?p=10360"},"modified":"2012-12-25T20:59:36","modified_gmt":"2012-12-25T23:59:36","slug":"como-tantas-otras-una-ong-bonaerense-hizo-feliz-a-un-grupo-de-chicos-en-esta-navidad","status":"publish","type":"post","link":"https:\/\/www.24baires.com\/?p=10360","title":{"rendered":"Como tantas otras, una ONG bonaerense hizo feliz a un grupo de chicos en esta Navidad"},"content":{"rendered":"<p><a href=\"http:\/\/www.24baires.com\/sociedad\/10360-como-tantas-otras-una-ong-bonaerense-hizo-feliz-a-un-grupo-de-chicos-en-esta-navidad\/attachment\/ong-sonrisas\/\" rel=\"attachment wp-att-10361\"><img data-recalc-dims=\"1\" loading=\"lazy\" decoding=\"async\" class=\"aligncenter size-full wp-image-10361\" alt=\"ong sonrisas\" src=\"https:\/\/i0.wp.com\/www.24baires.com\/wp-content\/uploads\/2012\/12\/ong-sonrisas.jpg?resize=560%2C372\" width=\"560\" height=\"372\" srcset=\"https:\/\/i0.wp.com\/www.24baires.com\/wp-content\/uploads\/2012\/12\/ong-sonrisas.jpg?w=560&amp;ssl=1 560w, https:\/\/i0.wp.com\/www.24baires.com\/wp-content\/uploads\/2012\/12\/ong-sonrisas.jpg?resize=300%2C199&amp;ssl=1 300w\" sizes=\"auto, (max-width: 560px) 100vw, 560px\" \/><\/a><\/p>\n<p><strong>ESTEBAN ECHEVERR\u00cdA &#8211;<\/strong> M\u00e1s de 360 regalos se entregaron a beb\u00e9s, chicos y adolescentes de barrios postergados de Monte Grande, en el marco de una actividad en la que cada uno hab\u00eda podido escribirle una carta a Pap\u00e1 Noel para pedirle el regalo so\u00f1ado. \u00a0Esta es la historia de la Asociaci\u00f3n Civil sin fines de lucro SonRisas de esa localidad.<\/p>\n<p><!--more--><\/p>\n<p>A pesar de las distintas situaciones que atraviesan estos chicos y sus familias, todos se sintieron iguales al presenciar la llegada del Pap\u00e1 Noel de ocasi\u00f3n al Centro Social y Solidario que esa organizaci\u00f3n tiene en el barrio Lauda de esa localidad del partido de Esteban Echeverr\u00eda.<\/p>\n<p>As\u00ed se sinti\u00f3 Morena con su peque\u00f1os tres a\u00f1os, cuando logr\u00f3 sacarle todo el envoltorio a la caja que le toc\u00f3 y descubri\u00f3 que alguien hab\u00eda escuchado su deseo y que esa mu\u00f1eca, una beba que habla, se hab\u00eda vuelto realidad.<\/p>\n<p>Lo mismo le pas\u00f3 a Sebasti\u00e1n, ese joven que festej\u00f3 hasta las l\u00e1grimas cuando encontr\u00f3 entre sus manos la tantas veces so\u00f1ada remera de River.<\/p>\n<p>As\u00ed como Sebasti\u00e1n y Morena, tambi\u00e9n hubo nenas que consiguieron las zapatillas que quer\u00edan, beb\u00e9s que recibieron su primera cuna, pelotas, botines, autos a control remoto, y hasta el caso de un chico de 4 a\u00f1os, Joan, quien recibi\u00f3 el andador pedi\u00e1trico con el que espera poder dar sus primeros pasos.<\/p>\n<p>La actividad navide\u00f1a de SonRisas, que apunt\u00f3 mostrarle a los chicos que sus sue\u00f1os se pueden cumplir y que hay quien los escuche, comenz\u00f3 hace un mes.<\/p>\n<p>Para poder cumplir cada deseo el equipo de voluntarios de SonRisas aplic\u00f3 un sistema muy simple aunque no menos trabajoso: cada chico se sac\u00f3 una foto con la carta que le escribi\u00f3 a Pap\u00e1 Noel y esas fotos fueron subidas a la red social Facebook (https:\/\/www.facebook.com\/CreaSonRisas) para que all\u00ed todo el que quisiera pudiera elegir a que ni\u00f1o apadrinar, con solo hacer un comentario sobre una de las im\u00e1genes.<\/p>\n<p>La buena recepci\u00f3n que esa actividad tuvo en la gente hizo que cada tanda de aproximadamente 100 fotos que se subi\u00f3 a Facebook tardara menos de 24 horas en reunir a todos los padrinos necesarios para hacerse cargo de los regalos.<\/p>\n<p>Despu\u00e9s fue el tiempo de juntarlos en distintos puntos de recepci\u00f3n, envolverlos y conseguir un flete para llevarlos hasta Monte Grande.<\/p>\n<p>Pero m\u00e1s all\u00e1 de lo anecd\u00f3tico y lo pintoresco de la actividad navide\u00f1a, SonRisas es una Asociaci\u00f3n Civil sin fines de lucro cuyo centro emplazado en Monte Grande abre sus puertas de lunes a s\u00e1bado con su atenci\u00f3n enfocada en los chicos que enfrentan los padecimientos de la pobreza y la exclusi\u00f3n.<\/p>\n<p>Est\u00e1 conformada por un equipo de voluntarios y no responde a ning\u00fan partido pol\u00edtico, ning\u00fan inter\u00e9s econ\u00f3mico, ni creencia religiosa.<\/p>\n<p>Con la premisa de unir a \u201cquienes quieren ayudar con quienes necesitan ayuda\u201d, en el Centro Social y Solidario se busca darles a esos ni\u00f1os un marco de contenci\u00f3n donde puedan desarrollar una infancia sana y donde puedan expresarse y aprender algunos de esos valores que los acompa\u00f1ar\u00e1n para siempre.<\/p>\n<p>Adem\u00e1s de las actividades recreativas, en SonRisas los chicos cuentan con clases de apoyo escolar, canto, guitarra, danzas, cocina, peluquer\u00eda, fotograf\u00eda y otros tantos talleres que var\u00edan seg\u00fan la \u00e9poca del a\u00f1o.<\/p>\n<p>Con el aporte de donaciones de empresas y particulares, SonRisas gestiona tambi\u00e9n los recursos para acercarles a las familias con las que trabaja, elementos para mejorar su calidad de vida, \u201cempezando por asegurarles la necesidad b\u00e1sica de la alimentaci\u00f3n\u201d, seg\u00fan se indica en el propio sitio web de esa organizaci\u00f3n (http:\/\/www.creasonrisas.org.ar).<\/p>\n<p>En el mismo se destaca que \u201cSonrisas trabaja generando alianzas con tres actores fundamentales\u201d como \u201cla Familia, la Escuela y el Estado\u201d.<\/p>\n<p>La organizaci\u00f3n naci\u00f3 en 2004 y en un principio se dedic\u00f3 a realizar actividades semanales en distintos barrios del partido de Esteban Echeverr\u00eda, algo que cambi\u00f3 a partir de la apertura del nuevo Centro durante este a\u00f1o.<\/p>\n<p>El centro est\u00e1 instalado donde antes funcionaba una panader\u00eda: ese fue el dato de color que llev\u00f3 a su presidente, Mart\u00edn Ferreira, a escribir en la revista bimensual de la organizaci\u00f3n que donde \u201chasta hace muy poco funcionaba una panader\u00eda, hoy estamos amasando esperanzas\u201d.<\/p>\n<p>&nbsp;<\/p>\n<p>&nbsp;<\/p>\n<p>&nbsp;<\/p>\n<p>&nbsp;<\/p>\n<p>&nbsp;<\/p>\n<p>&nbsp;<\/p>\n<p>&nbsp;<\/p>\n<p>&nbsp;<\/p>\n<p>&nbsp;<\/p>\n<p>&nbsp;<\/p>\n<p>&nbsp;<\/p>\n","protected":false},"excerpt":{"rendered":"<p>ESTEBAN ECHEVERR\u00cdA &#8211; M\u00e1s de 360 regalos se entregaron a beb\u00e9s, chicos y adolescentes de barrios postergados de Monte Grande, en el marco de una actividad en la que cada uno hab\u00eda podido escribirle una carta a Pap\u00e1 Noel para pedirle el regalo so\u00f1ado. \u00a0Esta es la historia de la Asociaci\u00f3n Civil sin fines de lucro SonRisas de esa localidad.<\/p>\n","protected":false},"author":11,"featured_media":0,"comment_status":"open","ping_status":"open","sticky":false,"template":"","format":"standard","meta":{"_jetpack_newsletter_access":"","_jetpack_dont_email_post_to_subs":false,"_jetpack_newsletter_tier_id":0,"_jetpack_memberships_contains_paywalled_content":false,"_jetpack_memberships_contains_paid_content":false,"footnotes":""},"categories":[1],"tags":[],"class_list":["post-10360","post","type-post","status-publish","format-standard","hentry","category-sociedad"],"jetpack_featured_media_url":"","jetpack_shortlink":"https:\/\/wp.me\/p2JWE0-2H6","jetpack-related-posts":[{"id":31434,"url":"https:\/\/www.24baires.com\/?p=31434","url_meta":{"origin":10360,"position":0},"title":"Construir\u00e1n dos nuevos jardines de infantes en Esteban Echeverr\u00eda","author":"AF","date":"07\/09\/2013","format":false,"excerpt":"El intendente de Esteban Echeverr\u00eda, Fernando Gray; y el ministro de Educaci\u00f3n de la naci\u00f3n, Alberto Sileoni, firmaron el acta de inicio de obras de dos nuevos jardines: uno en el barrio La Victoria y otro en el Barrio Malvinas. Adem\u00e1s, en la ocasi\u00f3n, los funcionarios anunciaron la apertura de\u2026","rel":"","context":"En \u00abLocales\u00bb","block_context":{"text":"Locales","link":"https:\/\/www.24baires.com\/?cat=38"},"img":{"alt_text":"jard\u00edn echeverr\u00eda","src":"https:\/\/i0.wp.com\/www.24baires.com\/wp-content\/uploads\/2013\/09\/jard%C3%ADn-echeverr%C3%ADa.jpg?resize=350%2C200","width":350,"height":200},"classes":[]},{"id":19760,"url":"https:\/\/www.24baires.com\/?p=19760","url_meta":{"origin":10360,"position":1},"title":"Buscan a Ail\u00e9n de 17 a\u00f1os desde hace m\u00e1s de un mes y medio","author":"AF","date":"30\/03\/2013","format":false,"excerpt":"ESTEBAN ECHEVERR\u00cdA - Ail\u00e9n Delvalle L\u00f3pez, tiene 17 a\u00f1os, y fue vista por \u00faltima vez en el barrio Parque Rivadavia el 14 de febrero por la ma\u00f1ana. Seg\u00fan indicaron sus familiares, ella se fue con el novio y varias personas aseguraron haberlo visto a \u00e9l, pero no hay rastros de\u2026","rel":"","context":"En \u00abSociedad\u00bb","block_context":{"text":"Sociedad","link":"https:\/\/www.24baires.com\/?cat=1"},"img":{"alt_text":"ail\u00e9n delvalle","src":"https:\/\/i0.wp.com\/www.24baires.com\/wp-content\/uploads\/2013\/03\/ail%C3%A9n-delvalle.jpg?resize=350%2C200","width":350,"height":200},"classes":[]},{"id":53823,"url":"https:\/\/www.24baires.com\/?p=53823","url_meta":{"origin":10360,"position":2},"title":"Detuvieron a una mujer que enamoraba hombres y luego los estafaba","author":"Grupo Sierra","date":"17\/09\/2014","format":false,"excerpt":"ESTEBAN ECHEVERR\u00cdA- Le dicen \"La viuda negra\". Utilizaba su belleza como un arma letal. Despu\u00e9s de conquistar al hombre lo secuestraba y lo robaba. Fernanda abusaba de su belleza. Con tan s\u00f3lo 21 a\u00f1os, la mujer no s\u00f3lo enamoraba a comerciantes de la zona sur del conurbano bonaerense, sino que\u2026","rel":"","context":"En \u00abPoliciales\u00bb","block_context":{"text":"Policiales","link":"https:\/\/www.24baires.com\/?cat=49"},"img":{"alt_text":"movil-policia-","src":"https:\/\/i0.wp.com\/www.24baires.com\/wp-content\/uploads\/2012\/11\/movil-policia-.jpg?resize=350%2C200","width":350,"height":200,"srcset":"https:\/\/i0.wp.com\/www.24baires.com\/wp-content\/uploads\/2012\/11\/movil-policia-.jpg?resize=350%2C200 1x, https:\/\/i0.wp.com\/www.24baires.com\/wp-content\/uploads\/2012\/11\/movil-policia-.jpg?resize=525%2C300 1.5x"},"classes":[]},{"id":73704,"url":"https:\/\/www.24baires.com\/?p=73704","url_meta":{"origin":10360,"position":3},"title":"Cay\u00f3 la banda narco de \u00abLas Chicas\u00bb","author":"GB","date":"16\/10\/2015","format":false,"excerpt":"Estaba integrada en su mayor\u00eda por mujeres de distintas nacionalidades y fue desbaratada en las \u00faltimas horas tras una serie de allanamientos realizados por la Polic\u00eda bonaerense. La organizaci\u00f3n delictiva conocida como \"La banda de Las Chicas\" y liderada por una mujer alias \"La Dolo\", se dedicaba a comercializar estupefacientes\u2026","rel":"","context":"En \u00abPoliciales\u00bb","block_context":{"text":"Policiales","link":"https:\/\/www.24baires.com\/?cat=49"},"img":{"alt_text":"las chicas","src":"https:\/\/i0.wp.com\/www.24baires.com\/wp-content\/uploads\/2015\/10\/las-chicas.jpg?resize=350%2C200","width":350,"height":200,"srcset":"https:\/\/i0.wp.com\/www.24baires.com\/wp-content\/uploads\/2015\/10\/las-chicas.jpg?resize=350%2C200 1x, https:\/\/i0.wp.com\/www.24baires.com\/wp-content\/uploads\/2015\/10\/las-chicas.jpg?resize=525%2C300 1.5x"},"classes":[]},{"id":80149,"url":"https:\/\/www.24baires.com\/?p=80149","url_meta":{"origin":10360,"position":4},"title":"Secuestran 400 kilos de marihuana en Esteban Echeverr\u00eda","author":"AF","date":"15\/03\/2016","format":false,"excerpt":"Un cargamento de 400 kilos de marihuana fue incautado este martes por la Polic\u00eda provincial cuando era trasladado en una camioneta durante un operativo realizado en Esteban Echeverr\u00eda, que dej\u00f3 como saldo dos narcos detenidos, uno de ellos de nacionalidad paraguaya. Seg\u00fan informaron fuentes policiales la investigaci\u00f3n estuvo a cargo\u2026","rel":"","context":"En \u00abLocales\u00bb","block_context":{"text":"Locales","link":"https:\/\/www.24baires.com\/?cat=38"},"img":{"alt_text":"","src":"","width":0,"height":0},"classes":[]},{"id":71350,"url":"https:\/\/www.24baires.com\/?p=71350","url_meta":{"origin":10360,"position":5},"title":"\u00abEstamos en la v\u00eda de la recuperaci\u00f3n de los trenes para todos los argentinos\u00bb","author":"AF","date":"29\/08\/2015","format":false,"excerpt":"La presidenta Cristina Fern\u00e1ndez de Kirchner sostuvo que el pa\u00eds se encuentra \"en la v\u00eda positiva, en la v\u00eda de los trenes que hemos recuperado para todos los argentinos\", al encabezar el acto de inauguraci\u00f3n de la Estaci\u00f3n Ciudad Universitaria de la l\u00ednea Belgrano Norte, y en el que en\u2026","rel":"","context":"En \u00abSociedad\u00bb","block_context":{"text":"Sociedad","link":"https:\/\/www.24baires.com\/?cat=1"},"img":{"alt_text":"randazzo kicillof cristina scioli","src":"https:\/\/i0.wp.com\/www.24baires.com\/wp-content\/uploads\/2015\/08\/randazzo-kicillof-cristina-scioli.jpg?resize=350%2C200","width":350,"height":200,"srcset":"https:\/\/i0.wp.com\/www.24baires.com\/wp-content\/uploads\/2015\/08\/randazzo-kicillof-cristina-scioli.jpg?resize=350%2C200 1x, https:\/\/i0.wp.com\/www.24baires.com\/wp-content\/uploads\/2015\/08\/randazzo-kicillof-cristina-scioli.jpg?resize=525%2C300 1.5x"},"classes":[]}],"jetpack_sharing_enabled":true,"jetpack_likes_enabled":true,"_links":{"self":[{"href":"https:\/\/www.24baires.com\/index.php?rest_route=\/wp\/v2\/posts\/10360","targetHints":{"allow":["GET"]}}],"collection":[{"href":"https:\/\/www.24baires.com\/index.php?rest_route=\/wp\/v2\/posts"}],"about":[{"href":"https:\/\/www.24baires.com\/index.php?rest_route=\/wp\/v2\/types\/post"}],"author":[{"embeddable":true,"href":"https:\/\/www.24baires.com\/index.php?rest_route=\/wp\/v2\/users\/11"}],"replies":[{"embeddable":true,"href":"https:\/\/www.24baires.com\/index.php?rest_route=%2Fwp%2Fv2%2Fcomments&post=10360"}],"version-history":[{"count":4,"href":"https:\/\/www.24baires.com\/index.php?rest_route=\/wp\/v2\/posts\/10360\/revisions"}],"predecessor-version":[{"id":10365,"href":"https:\/\/www.24baires.com\/index.php?rest_route=\/wp\/v2\/posts\/10360\/revisions\/10365"}],"wp:attachment":[{"href":"https:\/\/www.24baires.com\/index.php?rest_route=%2Fwp%2Fv2%2Fmedia&parent=10360"}],"wp:term":[{"taxonomy":"category","embeddable":true,"href":"https:\/\/www.24baires.com\/index.php?rest_route=%2Fwp%2Fv2%2Fcategories&post=10360"},{"taxonomy":"post_tag","embeddable":true,"href":"https:\/\/www.24baires.com\/index.php?rest_route=%2Fwp%2Fv2%2Ftags&post=10360"}],"curies":[{"name":"wp","href":"https:\/\/api.w.org\/{rel}","templated":true}]}}