{"id":103500,"date":"2018-07-23T20:40:34","date_gmt":"2018-07-23T23:40:34","guid":{"rendered":"http:\/\/www.24baires.com\/?p=103500"},"modified":"2018-07-23T20:40:34","modified_gmt":"2018-07-23T23:40:34","slug":"telefonica-impugno-la-fusion-cablevision-telecom-y-va-a-la-justicia-para-impedirla","status":"publish","type":"post","link":"https:\/\/www.24baires.com\/?p=103500","title":{"rendered":"Telef\u00f3nica impugn\u00f3 la fusi\u00f3n Cablevisi\u00f3n-Telecom y va a la Justicia para impedirla"},"content":{"rendered":"<p><img data-recalc-dims=\"1\" loading=\"lazy\" decoding=\"async\" class=\"aligncenter  wp-image-103502\" src=\"https:\/\/i0.wp.com\/www.24baires.com\/wp-content\/uploads\/2018\/07\/telefonica.jpg?resize=558%2C206\" alt=\"\" width=\"558\" height=\"206\" srcset=\"https:\/\/i0.wp.com\/www.24baires.com\/wp-content\/uploads\/2018\/07\/telefonica.jpg?w=539&amp;ssl=1 539w, https:\/\/i0.wp.com\/www.24baires.com\/wp-content\/uploads\/2018\/07\/telefonica.jpg?resize=300%2C111&amp;ssl=1 300w\" sizes=\"auto, (max-width: 558px) 100vw, 558px\" \/><\/p>\n<p>Telef\u00f3nica de Argentina impugn\u00f3 la resoluci\u00f3n de la Secretar\u00eda de Comercio que aval\u00f3 la fusi\u00f3n entre Cablevisi\u00f3n y Telecom por considerarla \u00abdiscriminatoria\u00bb, y advirti\u00f3 que ya inici\u00f3 acciones legales en el pa\u00eds y se encuentra \u00abanalizando todas las herramientas internacionales para la defensa de sus derechos\u00bb.<!--more--><\/p>\n<p>En un duro comunicado, la empresa espa\u00f1ola asegur\u00f3 que la fusi\u00f3n aprobada el 29 de junio pasado \u00abfavorece un operador dominante en el sector\u00bb, y sostuvo en ese sentido que \u00abconcentrar\u00e1 casi el 60% del mercado de banda ancha fija a nivel nacional y hasta 90% en determinadas ciudades\u00bb.<\/p>\n<p>En ese marco, la empresa internacional consider\u00f3 que \u00abel nivel de concentraci\u00f3n que la resoluci\u00f3n permite, sin asegurar un ambiente de competencia efectiva, no tiene precedentes en ning\u00fan pa\u00eds de la OCDE (Organizaci\u00f3n para la Cooperaci\u00f3n y el Desarrollo Econ\u00f3micos)\u00bb.<\/p>\n<p>\u00abLas decisiones adoptadas por las autoridades argentinas resultan profundamente contradictorias con el objetivo que se ha planteado el pa\u00eds de ingresar a la OCDE a fin de dotarse con pol\u00edticas p\u00fablicas alineadas con las mejores pr\u00e1cticas internacionales\u00bb, indic\u00f3 Telef\u00f3nica en el comunicado difundido hoy.<\/p>\n<p>La empresa espa\u00f1ola inform\u00f3 que ha iniciado acciones legales en fueros nacionales para cuestionar la decisi\u00f3n, y adelant\u00f3 que se encuentra \u00abanalizando todas las herramientas internacionales a su disposici\u00f3n para la defensa de sus derechos\u00bb.<\/p>\n<p>&nbsp;<\/p>\n<p>&nbsp;<\/p>\n<p>&nbsp;<\/p>\n","protected":false},"excerpt":{"rendered":"<p>Telef\u00f3nica de Argentina impugn\u00f3 la resoluci\u00f3n de la Secretar\u00eda de Comercio que aval\u00f3 la fusi\u00f3n entre Cablevisi\u00f3n y Telecom por considerarla \u00abdiscriminatoria\u00bb, y advirti\u00f3 que ya inici\u00f3 acciones legales en el pa\u00eds y se encuentra \u00abanalizando todas las herramientas internacionales para la defensa de sus derechos\u00bb.<\/p>\n","protected":false},"author":11,"featured_media":0,"comment_status":"open","ping_status":"open","sticky":false,"template":"","format":"standard","meta":{"_jetpack_newsletter_access":"","_jetpack_dont_email_post_to_subs":false,"_jetpack_newsletter_tier_id":0,"_jetpack_memberships_contains_paywalled_content":false,"_jetpack_memberships_contains_paid_content":false,"footnotes":""},"categories":[54],"tags":[],"class_list":["post-103500","post","type-post","status-publish","format-standard","hentry","category-medios"],"jetpack_featured_media_url":"","jetpack_shortlink":"https:\/\/wp.me\/p2JWE0-qVm","jetpack-related-posts":[{"id":103076,"url":"https:\/\/www.24baires.com\/?p=103076","url_meta":{"origin":103500,"position":0},"title":"Aprobaron la megafusi\u00f3n entre Cablevisi\u00f3n y Telecom","author":"AF","date":"29\/06\/2018","format":false,"excerpt":"El visto bueno lleg\u00f3 a trav\u00e9s de la \"Comisi\u00f3n Nacional de Defensa de la Competencia\". El negocio de las telecomunicaciones -virtualmente- pasa a manos del Grupo hegem\u00f3nico de H\u00e9ctor Magnetto. El nuevo gigante vale cerca de u$s11 mil millones. Finalmente, el Gobierno de Mauricio Macri aprob\u00f3 la fusi\u00f3n entre Cablevisi\u00f3n,\u2026","rel":"","context":"En \u00abSociedad\u00bb","block_context":{"text":"Sociedad","link":"https:\/\/www.24baires.com\/?cat=1"},"img":{"alt_text":"","src":"https:\/\/i0.wp.com\/www.24baires.com\/wp-content\/uploads\/2012\/12\/cablevisi%C3%B3n1.jpg?resize=350%2C200","width":350,"height":200,"srcset":"https:\/\/i0.wp.com\/www.24baires.com\/wp-content\/uploads\/2012\/12\/cablevisi%C3%B3n1.jpg?resize=350%2C200 1x, https:\/\/i0.wp.com\/www.24baires.com\/wp-content\/uploads\/2012\/12\/cablevisi%C3%B3n1.jpg?resize=525%2C300 1.5x"},"classes":[]},{"id":99570,"url":"https:\/\/www.24baires.com\/?p=99570","url_meta":{"origin":103500,"position":1},"title":"Enacom aprob\u00f3 la fusi\u00f3n de Telecom con Cablevisi\u00f3n","author":"AF","date":"21\/12\/2017","format":false,"excerpt":"La operaci\u00f3n considerada como la mas importante de la historia de las comunicaciones en el pa\u00eds fue tomada hoy por el directorio del Ente Nacional de Comunicaciones. C\u00f3mo afectar\u00e1 a los consumidores y al mercado de Internet. El directorio del Ente Nacional de Comunicaciones (Enacom) aprob\u00f3 hoy la fusi\u00f3n de\u2026","rel":"","context":"En \u00abSociedad\u00bb","block_context":{"text":"Sociedad","link":"https:\/\/www.24baires.com\/?cat=1"},"img":{"alt_text":"","src":"https:\/\/i0.wp.com\/www.24baires.com\/wp-content\/uploads\/2017\/12\/f.jpg?resize=350%2C200","width":350,"height":200,"srcset":"https:\/\/i0.wp.com\/www.24baires.com\/wp-content\/uploads\/2017\/12\/f.jpg?resize=350%2C200 1x, https:\/\/i0.wp.com\/www.24baires.com\/wp-content\/uploads\/2017\/12\/f.jpg?resize=525%2C300 1.5x"},"classes":[]},{"id":95808,"url":"https:\/\/www.24baires.com\/?p=95808","url_meta":{"origin":103500,"position":2},"title":"Cablevisi\u00f3n compr\u00f3 m\u00e1s acciones de Telecom","author":"AF","date":"11\/07\/2017","format":false,"excerpt":"La empresa del grupo Clar\u00edn adquiri\u00f3 a Fintech el 6% de la telef\u00f3nica por u$S 634,27 millones y elev\u00f3 su participaci\u00f3n del 33 al 39%. El fondo de inversi\u00f3n Fintech inform\u00f3 que acept\u00f3 una opci\u00f3n de compra sobre activos de su propiedad realizada por Cablevisi\u00f3n por 634,2 millones de d\u00f3lares,\u2026","rel":"","context":"En \u00abSociedad\u00bb","block_context":{"text":"Sociedad","link":"https:\/\/www.24baires.com\/?cat=1"},"img":{"alt_text":"","src":"https:\/\/i0.wp.com\/www.24baires.com\/wp-content\/uploads\/2012\/12\/cablevisi%C3%B3n1.jpg?resize=350%2C200","width":350,"height":200,"srcset":"https:\/\/i0.wp.com\/www.24baires.com\/wp-content\/uploads\/2012\/12\/cablevisi%C3%B3n1.jpg?resize=350%2C200 1x, https:\/\/i0.wp.com\/www.24baires.com\/wp-content\/uploads\/2012\/12\/cablevisi%C3%B3n1.jpg?resize=525%2C300 1.5x"},"classes":[]},{"id":35146,"url":"https:\/\/www.24baires.com\/?p=35146","url_meta":{"origin":103500,"position":3},"title":"Telecom Italia anunci\u00f3 la venta de la filial argentina al Grupo Fintech","author":"AF","date":"14\/11\/2013","format":false,"excerpt":"David Mart\u00ednez, director del Grupo Fintech Advisory, asegur\u00f3 que existen \"tremendas oportunidades de crecimiento en el mercado argentino\" y adelant\u00f3 que llevar\u00e1 adelante \"un importante programa de inversi\u00f3n\" en la compa\u00f1\u00eda. Mart\u00ednez sostuvo que \"Telecom Argentina es una empresa de telecomunicaciones independiente de clase mundial que siempre ha prestado servicios\u2026","rel":"","context":"En \u00abMedios\u00bb","block_context":{"text":"Medios","link":"https:\/\/www.24baires.com\/?cat=54"},"img":{"alt_text":"","src":"","width":0,"height":0},"classes":[]},{"id":34834,"url":"https:\/\/www.24baires.com\/?p=34834","url_meta":{"origin":103500,"position":4},"title":"Fintech se desprender\u00e1 de Cablevisi\u00f3n si compra Telecom","author":"AF","date":"08\/11\/2013","format":false,"excerpt":"El due\u00f1o del fondo, David Mart\u00ednez, le adelant\u00f3 al titular de la Autoridad Federal de Servicios de Comunicaci\u00f3n Audiovisual (AFSCA) que, en caso de concretarse su compra de Telecom, se desprender\u00e1 de su participaci\u00f3n en Cablevisi\u00f3n si el Estado entiende que es incompatible su presencia en ambos mercados. As\u00ed lo\u2026","rel":"","context":"En \u00abMedios\u00bb","block_context":{"text":"Medios","link":"https:\/\/www.24baires.com\/?cat=54"},"img":{"alt_text":"sabbatella fallo","src":"https:\/\/i0.wp.com\/www.24baires.com\/wp-content\/uploads\/2012\/12\/sabbatella-fallo-300x200.jpg?resize=350%2C200","width":350,"height":200},"classes":[]},{"id":116810,"url":"https:\/\/www.24baires.com\/?p=116810","url_meta":{"origin":103500,"position":5},"title":"Enero traer\u00e1 subas de hasta el 20% en la tarifa de cable, internet y telefon\u00eda","author":"GB","date":"02\/12\/2020","format":false,"excerpt":"Las compa\u00f1\u00edas que proveen los servicios argumentaron que la decisi\u00f3n responde a \u201clos incrementos que no pudieron realizar\u201d durante la mayor parte de este a\u00f1o. Las empresas proveedoras de los servicios de Internet, televisi\u00f3n por cable y telefon\u00eda fija y m\u00f3vil advirti\u00f3 a sus usuarios que enero llegar\u00e1 con aumentos\u2026","rel":"","context":"En \u00abConsumidores\u00bb","block_context":{"text":"Consumidores","link":"https:\/\/www.24baires.com\/?cat=78"},"img":{"alt_text":"","src":"https:\/\/i0.wp.com\/www.24baires.com\/wp-content\/uploads\/2014\/06\/celular.jpg?resize=350%2C200","width":350,"height":200,"srcset":"https:\/\/i0.wp.com\/www.24baires.com\/wp-content\/uploads\/2014\/06\/celular.jpg?resize=350%2C200 1x, https:\/\/i0.wp.com\/www.24baires.com\/wp-content\/uploads\/2014\/06\/celular.jpg?resize=525%2C300 1.5x"},"classes":[]}],"jetpack_sharing_enabled":true,"jetpack_likes_enabled":true,"_links":{"self":[{"href":"https:\/\/www.24baires.com\/index.php?rest_route=\/wp\/v2\/posts\/103500","targetHints":{"allow":["GET"]}}],"collection":[{"href":"https:\/\/www.24baires.com\/index.php?rest_route=\/wp\/v2\/posts"}],"about":[{"href":"https:\/\/www.24baires.com\/index.php?rest_route=\/wp\/v2\/types\/post"}],"author":[{"embeddable":true,"href":"https:\/\/www.24baires.com\/index.php?rest_route=\/wp\/v2\/users\/11"}],"replies":[{"embeddable":true,"href":"https:\/\/www.24baires.com\/index.php?rest_route=%2Fwp%2Fv2%2Fcomments&post=103500"}],"version-history":[{"count":3,"href":"https:\/\/www.24baires.com\/index.php?rest_route=\/wp\/v2\/posts\/103500\/revisions"}],"predecessor-version":[{"id":103504,"href":"https:\/\/www.24baires.com\/index.php?rest_route=\/wp\/v2\/posts\/103500\/revisions\/103504"}],"wp:attachment":[{"href":"https:\/\/www.24baires.com\/index.php?rest_route=%2Fwp%2Fv2%2Fmedia&parent=103500"}],"wp:term":[{"taxonomy":"category","embeddable":true,"href":"https:\/\/www.24baires.com\/index.php?rest_route=%2Fwp%2Fv2%2Fcategories&post=103500"},{"taxonomy":"post_tag","embeddable":true,"href":"https:\/\/www.24baires.com\/index.php?rest_route=%2Fwp%2Fv2%2Ftags&post=103500"}],"curies":[{"name":"wp","href":"https:\/\/api.w.org\/{rel}","templated":true}]}}