{"id":10343,"date":"2012-12-25T13:00:53","date_gmt":"2012-12-25T16:00:53","guid":{"rendered":"http:\/\/www.24baires.com\/?p=10343"},"modified":"2012-12-25T14:12:03","modified_gmt":"2012-12-25T17:12:03","slug":"judiciales-bonaerenses-levantaron-el-paro-previsto-para-el-proximo-miercoles","status":"publish","type":"post","link":"https:\/\/www.24baires.com\/?p=10343","title":{"rendered":"Judiciales bonaerenses levantaron el paro previsto para el pr\u00f3ximo mi\u00e9rcoles"},"content":{"rendered":"<p>El gremio que nuclea a los trabajadores de la Justicia bonaerense, decidi\u00f3 suspender el paro de actividades que hab\u00eda convocado para el pr\u00f3ximo mi\u00e9rcoles. La protesta se iba a desarrollar en rechazo a la decisi\u00f3n de la Suprema Corte de iniciar sumarios administrativos a algunos de los trabajadores que participaron del extenso conflicto salarial del primer semestre del a\u00f1o.<!--more--><\/p>\n<p>La Asociaci\u00f3n Judicial Bonaerense resolvi\u00f3 posponer la medida tras reunirse con ministros del alto tribunal y pautar un encuentro para el mes de febrero, una vez terminada la feria, donde se abordar\u00e1 la problem\u00e1tica planteada por el sindicato.<\/p>\n<p>El sindicato convoc\u00f3 a la medida de fuerza tras denunciar una actitud \u201crepresiva\u201d del alto tribunal.<\/p>\n<p>\u201cAparecen sumarios seis meses despu\u00e9s de que se suspendi\u00f3 el conflicto\u201d, hab\u00eda denunciado el titular del gremio, Hugo Blasco.<\/p>\n<p>Seg\u00fan Blasco, las medidas disciplinarias comprenden a cuatro trabajadores que \u201cque fueron mencionados por polic\u00edas que estaban haciendo tareas de inteligencia\u201d.<\/p>\n<p>Seg\u00fan trascendi\u00f3 en diversas fuentes, los agentes son responsabilizados por las bombas de estruendo que estallaron en dependencias judiciales ubicadas en el edificio de 13 y 48 durante el extenso conflicto que tuvo como epicentro los tribunales de la Provincia.<\/p>\n<p>\u201cEs una barbaridad avanzar con este tipo de sanciones cuando el conflicto, en su exteriorizaci\u00f3n, no existe\u201d, se\u00f1al\u00f3 Blasco.<\/p>\n<p>El gremio reclama que se hayan iniciado causas penales a otros tres empleados que intervinieron durante un reclamo en la sede de la Corte, para que los bomberos no pudieran apagar el incendio de varias cubiertas.<\/p>\n<p>&nbsp;<\/p>\n<p>&nbsp;<\/p>\n<p>&nbsp;<\/p>\n<p>&nbsp;<\/p>\n<p>&nbsp;<\/p>\n<p>&nbsp;<\/p>\n<p>&nbsp;<\/p>\n<p>&nbsp;<\/p>\n<p>&nbsp;<\/p>\n<p>&nbsp;<\/p>\n<p>&nbsp;<\/p>\n<p>&nbsp;<\/p>\n<p>&nbsp;<\/p>\n<p>&nbsp;<\/p>\n","protected":false},"excerpt":{"rendered":"<p>El gremio que nuclea a los trabajadores de la Justicia bonaerense, decidi\u00f3 suspender el paro de actividades que hab\u00eda convocado para el pr\u00f3ximo mi\u00e9rcoles. La protesta se iba a desarrollar en rechazo a la decisi\u00f3n de la Suprema Corte de iniciar sumarios administrativos a algunos de los trabajadores que participaron del extenso conflicto salarial del primer semestre del a\u00f1o.<\/p>\n","protected":false},"author":4,"featured_media":0,"comment_status":"open","ping_status":"open","sticky":false,"template":"","format":"standard","meta":{"_jetpack_newsletter_access":"","_jetpack_dont_email_post_to_subs":false,"_jetpack_newsletter_tier_id":0,"_jetpack_memberships_contains_paywalled_content":false,"_jetpack_memberships_contains_paid_content":false,"footnotes":""},"categories":[1],"tags":[],"class_list":["post-10343","post","type-post","status-publish","format-standard","hentry","category-sociedad"],"jetpack_featured_media_url":"","jetpack_shortlink":"https:\/\/wp.me\/p2JWE0-2GP","jetpack-related-posts":[{"id":10282,"url":"https:\/\/www.24baires.com\/?p=10282","url_meta":{"origin":10343,"position":0},"title":"Judiciales bonaerenses despiden el a\u00f1o parando el mi\u00e9rcoles 26","author":"AF","date":"23\/12\/2012","format":false,"excerpt":"Los trabajadores nucleados en la Asociaci\u00f3n Judicial Bonaerense (AJB), definieron convocar a un paro de actividades para el pr\u00f3ximo mi\u00e9rcoles 26 de diciembre, a ra\u00edz de la decisi\u00f3n de la Suprema Corte de iniciar sumarios y causas penales a un grupo de trabajadores que particip\u00f3 de las huelgas que se\u2026","rel":"","context":"En \u00abSociedad\u00bb","block_context":{"text":"Sociedad","link":"https:\/\/www.24baires.com\/?cat=1"},"img":{"alt_text":"","src":"","width":0,"height":0},"classes":[]},{"id":104505,"url":"https:\/\/www.24baires.com\/?p=104505","url_meta":{"origin":10343,"position":1},"title":"Cicop vuelve al paro por 48 horas con una marcha a la Gobernaci\u00f3n","author":"GB","date":"17\/09\/2018","format":false,"excerpt":"M\u00e9dicos y profesionales bonaerenses profundizan la protesta en el marco del pedido de paritarias para discutir aumentos de sueldos. El mi\u00e9rcoles confluir\u00e1n en una movilizaci\u00f3n junto a otros gremios. Al reclamo salarial de los estatales, docentes y judiciales, los m\u00e9dicos y profesionales de la salud bonaerenses se le suman en\u2026","rel":"","context":"En \u00abProvincia\u00bb","block_context":{"text":"Provincia","link":"https:\/\/www.24baires.com\/?cat=40"},"img":{"alt_text":"","src":"https:\/\/i0.wp.com\/www.24baires.com\/wp-content\/uploads\/2016\/12\/cicop.jpg?resize=350%2C200","width":350,"height":200,"srcset":"https:\/\/i0.wp.com\/www.24baires.com\/wp-content\/uploads\/2016\/12\/cicop.jpg?resize=350%2C200 1x, https:\/\/i0.wp.com\/www.24baires.com\/wp-content\/uploads\/2016\/12\/cicop.jpg?resize=525%2C300 1.5x"},"classes":[]},{"id":101449,"url":"https:\/\/www.24baires.com\/?p=101449","url_meta":{"origin":10343,"position":2},"title":"Baradel: \u00abLa intenci\u00f3n de Vidal no es solucionar el conflicto, es disciplinar\u00bb","author":"AF","date":"05\/04\/2018","format":false,"excerpt":"El titular de Suteba destac\u00f3 la masiva marcha a La Plata y el alto acatamiento del paro docente que integr\u00f2 a estatales bonaerenses \"en rechazo al ajuste y al 15% de aumento salarial\" ofrecido por el gobierno provincial. El titular de Suteba, Roberto Baradel, destac\u00f3 el alto acatamiento del paro\u2026","rel":"","context":"En \u00abSociedad\u00bb","block_context":{"text":"Sociedad","link":"https:\/\/www.24baires.com\/?cat=1"},"img":{"alt_text":"","src":"https:\/\/i0.wp.com\/www.24baires.com\/wp-content\/uploads\/2017\/07\/baradel.jpg?resize=350%2C200","width":350,"height":200,"srcset":"https:\/\/i0.wp.com\/www.24baires.com\/wp-content\/uploads\/2017\/07\/baradel.jpg?resize=350%2C200 1x, https:\/\/i0.wp.com\/www.24baires.com\/wp-content\/uploads\/2017\/07\/baradel.jpg?resize=525%2C300 1.5x"},"classes":[]},{"id":108044,"url":"https:\/\/www.24baires.com\/?p=108044","url_meta":{"origin":10343,"position":3},"title":"Fracas\u00f3 la paritaria entre judiciales y el gobierno","author":"GB","date":"09\/05\/2019","format":false,"excerpt":"Este mi\u00e9rcoles se desarroll\u00f3 un nuevo encuentro entre las partes, pero desde el sindicato aseguraron que el Poder Ejecutivo adelant\u00f3 que no estaba en condiciones de mejorar la oferta. Durante la jornada del mi\u00e9rcoles se llev\u00f3 a cabo a una nueva negociaci\u00f3n entre los judiciales bonaerenses y el gobierno de\u2026","rel":"","context":"En \u00abProvincia\u00bb","block_context":{"text":"Provincia","link":"https:\/\/www.24baires.com\/?cat=40"},"img":{"alt_text":"","src":"https:\/\/i0.wp.com\/www.24baires.com\/wp-content\/uploads\/2019\/05\/paritaria-judiciales.jpg?resize=350%2C200","width":350,"height":200,"srcset":"https:\/\/i0.wp.com\/www.24baires.com\/wp-content\/uploads\/2019\/05\/paritaria-judiciales.jpg?resize=350%2C200 1x, https:\/\/i0.wp.com\/www.24baires.com\/wp-content\/uploads\/2019\/05\/paritaria-judiciales.jpg?resize=525%2C300 1.5x"},"classes":[]},{"id":103310,"url":"https:\/\/www.24baires.com\/?p=103310","url_meta":{"origin":10343,"position":4},"title":"A ra\u00edz de la medida cautelar, el gobierno bonaerense convocar\u00e1 en agosto a los docentes","author":"Grupo Sierra","date":"12\/07\/2018","format":false,"excerpt":"El Gobierno bonaerense convocar\u00e1 a los gremios docentes a una nueva mesa paritaria salarial que se desarrollar\u00e1 en el mes de agosto, tras una resoluci\u00f3n judicial que le orden\u00f3 a proceder con la reapertura de la negociaci\u00f3n. A m\u00e1s de 80 d\u00edas de la \u00faltima convocatoria a paritarias por parte\u2026","rel":"","context":"En \u00abProvincia\u00bb","block_context":{"text":"Provincia","link":"https:\/\/www.24baires.com\/?cat=40"},"img":{"alt_text":"","src":"https:\/\/i0.wp.com\/www.dib.com.ar\/gestion\/images\/blogmanagement\/noticias\/thumb\/5b47cfcf540d81531432911.jpg?resize=350%2C200","width":350,"height":200,"srcset":"https:\/\/i0.wp.com\/www.dib.com.ar\/gestion\/images\/blogmanagement\/noticias\/thumb\/5b47cfcf540d81531432911.jpg?resize=350%2C200 1x, https:\/\/i0.wp.com\/www.dib.com.ar\/gestion\/images\/blogmanagement\/noticias\/thumb\/5b47cfcf540d81531432911.jpg?resize=525%2C300 1.5x"},"classes":[]},{"id":107029,"url":"https:\/\/www.24baires.com\/?p=107029","url_meta":{"origin":10343,"position":5},"title":"Estatales y judiciales bonaerenses realizar\u00e1n un paro el mi\u00e9rcoles 6","author":"GB","date":"28\/02\/2019","format":false,"excerpt":"Mientras persiste el desacuerdo entre el gobierno bonaerense y el FUDB, tanto ATE como la AJB confirmaron una huelga para el mi\u00e9rcoles 6. En las pr\u00f3ximas horas, Cicop realizar\u00e1 asambleas para llevar a cabo acciones de protesta. A poco menos de una semana del inicio del ciclo lectivo establecido, el\u2026","rel":"","context":"En \u00abProvincia\u00bb","block_context":{"text":"Provincia","link":"https:\/\/www.24baires.com\/?cat=40"},"img":{"alt_text":"","src":"https:\/\/i0.wp.com\/www.24baires.com\/wp-content\/uploads\/2014\/04\/judiciales.jpg?resize=350%2C200","width":350,"height":200,"srcset":"https:\/\/i0.wp.com\/www.24baires.com\/wp-content\/uploads\/2014\/04\/judiciales.jpg?resize=350%2C200 1x, https:\/\/i0.wp.com\/www.24baires.com\/wp-content\/uploads\/2014\/04\/judiciales.jpg?resize=525%2C300 1.5x"},"classes":[]}],"jetpack_sharing_enabled":true,"jetpack_likes_enabled":true,"_links":{"self":[{"href":"https:\/\/www.24baires.com\/index.php?rest_route=\/wp\/v2\/posts\/10343","targetHints":{"allow":["GET"]}}],"collection":[{"href":"https:\/\/www.24baires.com\/index.php?rest_route=\/wp\/v2\/posts"}],"about":[{"href":"https:\/\/www.24baires.com\/index.php?rest_route=\/wp\/v2\/types\/post"}],"author":[{"embeddable":true,"href":"https:\/\/www.24baires.com\/index.php?rest_route=\/wp\/v2\/users\/4"}],"replies":[{"embeddable":true,"href":"https:\/\/www.24baires.com\/index.php?rest_route=%2Fwp%2Fv2%2Fcomments&post=10343"}],"version-history":[{"count":3,"href":"https:\/\/www.24baires.com\/index.php?rest_route=\/wp\/v2\/posts\/10343\/revisions"}],"predecessor-version":[{"id":10353,"href":"https:\/\/www.24baires.com\/index.php?rest_route=\/wp\/v2\/posts\/10343\/revisions\/10353"}],"wp:attachment":[{"href":"https:\/\/www.24baires.com\/index.php?rest_route=%2Fwp%2Fv2%2Fmedia&parent=10343"}],"wp:term":[{"taxonomy":"category","embeddable":true,"href":"https:\/\/www.24baires.com\/index.php?rest_route=%2Fwp%2Fv2%2Fcategories&post=10343"},{"taxonomy":"post_tag","embeddable":true,"href":"https:\/\/www.24baires.com\/index.php?rest_route=%2Fwp%2Fv2%2Ftags&post=10343"}],"curies":[{"name":"wp","href":"https:\/\/api.w.org\/{rel}","templated":true}]}}